{"id":147092,"date":"2025-06-02T19:02:11","date_gmt":"2025-06-02T19:02:11","guid":{"rendered":"https:\/\/www.europesays.com\/fr\/147092\/"},"modified":"2025-06-02T19:02:11","modified_gmt":"2025-06-02T19:02:11","slug":"aubervilliers-un-adolescent-entre-la-vie-et-la-mort-apres-avoir-ete-heurte-a-trottinette-par-un-automobiliste","status":"publish","type":"post","link":"https:\/\/www.europesays.com\/fr\/147092\/","title":{"rendered":"Aubervilliers\u00a0: un adolescent entre la vie et la mort apr\u00e8s avoir \u00e9t\u00e9 heurt\u00e9 \u00e0 trottinette par un automobiliste"},"content":{"rendered":"<p class=\"paragraph text_align_left\">L\u2019accident survenu ce lundi matin, \u00e0 proximit\u00e9 du lyc\u00e9e Le Corbusier, \u00e0 Aubervilliers, illustre la vuln\u00e9rabilit\u00e9 des conducteurs de trottinette \u00e9lectrique. Il \u00e9tait environ 10h20 lorsqu\u2019un adolescent de 16 ans, qui circulait sur un engin de d\u00e9placement personnel motoris\u00e9 (EDPM), a \u00e9t\u00e9 violemment heurt\u00e9 par un automobiliste. Le choc s\u2019est produit rue L\u00e9opold-Rechossi\u00e8re, une voie qui dessert l\u2019\u00e9tablissement scolaire depuis l\u2019ex-Nationale 2.<\/p>\n<p class=\"paragraph text_align_left\">Selon les premiers \u00e9l\u00e9ments recueillis sur place, la jeune victime aurait coup\u00e9 la route du conducteur qui l\u2019a percut\u00e9e. Elle n\u2019aurait pas port\u00e9 de casque, ce qui expliquerait les graves l\u00e9sions qu\u2019elle pr\u00e9sentait au niveau de la t\u00eate.<\/p>\n<p class=\"paragraph text_align_left\">Pris de convulsions, l\u2019adolescent a \u00e9t\u00e9 plong\u00e9 dans un coma artificiel avant d\u2019\u00eatre transport\u00e9 en direction de l\u2019h\u00f4pital Beaujon \u00e0 Clichy (Hauts-de-Seine), sous escorte motocycliste. Son pronostic vital \u00e9tait alors engag\u00e9.<\/p>\n<p class=\"paragraph text_align_left\">Comme c\u2019est le cas en pareilles circonstances, l\u2019automobiliste impliqu\u00e9 dans l\u2019accident a \u00e9t\u00e9 soumis \u00e0 des d\u00e9pistages visant \u00e0 d\u00e9tecter la pr\u00e9sence d\u2019alcool ou de sang dans son organisme. Les tests \u00e9taient n\u00e9gatifs.<\/p>\n<p class=\"paragraph text_align_left\">Selon une \u00e9tude de juin 2023 de l\u2019Assistante publique &#8211; H\u00f4pitaux de Paris portant sur <a href=\"https:\/\/www.leparisien.fr\/faits-divers\/les-accidents-de-trottinettes-sont-aussi-graves-qua-moto-selon-une-etude-08-07-2023-VE5NXFSJEFAUNN5EQYSZZMWG2E.php\" target=\"_self\" rel=\"nofollow noopener\">la gravit\u00e9 des accidents impliquant des EDPM<\/a>, les conducteurs de trottinettes ou d\u2019engins apparent\u00e9s (gyropodes, mono-roues\u2026) pr\u00e9sentaient un traumatisme s\u00e9v\u00e8re dans 45,5 % des cas, contre 39,7 % pour les conducteurs de moto et 47,3 % pour les cyclistes. Ils \u00e9taient ainsi plus susceptibles de pr\u00e9senter un traumatisme cr\u00e2nien, moins d\u2019une victime sur quatre portant un casque.<\/p>\n","protected":false},"excerpt":{"rendered":"L\u2019accident survenu ce lundi matin, \u00e0 proximit\u00e9 du lyc\u00e9e Le Corbusier, \u00e0 Aubervilliers, illustre la vuln\u00e9rabilit\u00e9 des conducteurs&hellip;\n","protected":false},"author":2,"featured_media":147093,"comment_status":"","ping_status":"","sticky":false,"template":"","format":"standard","meta":{"footnotes":""},"categories":[1888],"tags":[11,1777,674,1011,27,1944,12,626,25,1945],"class_list":{"0":"post-147092","1":"post","2":"type-post","3":"status-publish","4":"format-standard","5":"has-post-thumbnail","7":"category-paris","8":"tag-actualites","9":"tag-eu","10":"tag-europe","11":"tag-fr","12":"tag-france","13":"tag-ma-ville","14":"tag-news","15":"tag-paris","16":"tag-republique-francaise","17":"tag-seine-saint-denis"},"share_on_mastodon":{"url":"https:\/\/pubeurope.com\/@fr\/114615323438659056","error":""},"_links":{"self":[{"href":"https:\/\/www.europesays.com\/fr\/wp-json\/wp\/v2\/posts\/147092","targetHints":{"allow":["GET"]}}],"collection":[{"href":"https:\/\/www.europesays.com\/fr\/wp-json\/wp\/v2\/posts"}],"about":[{"href":"https:\/\/www.europesays.com\/fr\/wp-json\/wp\/v2\/types\/post"}],"author":[{"embeddable":true,"href":"https:\/\/www.europesays.com\/fr\/wp-json\/wp\/v2\/users\/2"}],"replies":[{"embeddable":true,"href":"https:\/\/www.europesays.com\/fr\/wp-json\/wp\/v2\/comments?post=147092"}],"version-history":[{"count":0,"href":"https:\/\/www.europesays.com\/fr\/wp-json\/wp\/v2\/posts\/147092\/revisions"}],"wp:featuredmedia":[{"embeddable":true,"href":"https:\/\/www.europesays.com\/fr\/wp-json\/wp\/v2\/media\/147093"}],"wp:attachment":[{"href":"https:\/\/www.europesays.com\/fr\/wp-json\/wp\/v2\/media?parent=147092"}],"wp:term":[{"taxonomy":"category","embeddable":true,"href":"https:\/\/www.europesays.com\/fr\/wp-json\/wp\/v2\/categories?post=147092"},{"taxonomy":"post_tag","embeddable":true,"href":"https:\/\/www.europesays.com\/fr\/wp-json\/wp\/v2\/tags?post=147092"}],"curies":[{"name":"wp","href":"https:\/\/api.w.org\/{rel}","templated":true}]}}