{"id":147123,"date":"2025-06-02T19:21:08","date_gmt":"2025-06-02T19:21:08","guid":{"rendered":"https:\/\/www.europesays.com\/fr\/147123\/"},"modified":"2025-06-02T19:21:08","modified_gmt":"2025-06-02T19:21:08","slug":"cyclisme-route-le-champion-de-belgique-junior-appele-dimanche-par-remco-evenepoel","status":"publish","type":"post","link":"https:\/\/www.europesays.com\/fr\/147123\/","title":{"rendered":"Cyclisme. Route &#8211; Le champion de Belgique Junior appel\u00e9 dimanche par&#8230; Remco Evenepoel !"},"content":{"rendered":"<p>Pendant que le <strong>Giro<\/strong> s&rsquo;achevait ce dimanche avec la 21e \u00e9tape et l&rsquo;arriv\u00e9e \u00e0 Rome, les <strong>championnats de Belgique Junior<\/strong> sur route avaient \u00e9galement lieu \u00e0 Hoogstraten. La course masculine a \u00e9t\u00e9 remport\u00e9 au sprint par <strong>Mathias De Keersmaeker<\/strong> (R.EV Brussels Cycling Academy), \u00e2g\u00e9 de 18 ans seulement. Apr\u00e8s la course, le jeune Belge a re\u00e7u de sacr\u00e9es louanges et m\u00eame \u00e9t\u00e9 f\u00e9licit\u00e9 par une star du cyclisme belge. En effet, le double champion olympique <strong>Remco Evenepoel<\/strong>, en pleine pr\u00e9paration pour le <strong><a href=\"https:\/\/www.cyclismactu.net\/..\/news-cyclisme-criterium-du-dauphine-parcours-profils-criterium-du-dauphine-2025-88190.html?utm_campaign=post-auto&amp;utm_medium=twitter&amp;utm_source=mashup-cyclismactu\" rel=\"nofollow noopener\" target=\"_blank\">Crit\u00e9rium du Dauphin\u00e9<\/a><\/strong>, a tenu \u00e0 appeler personnellement <strong>De Keersmaeker<\/strong> pour sa superbe performance.<\/p>\n<p>Vid\u00e9o &#8211; Le Crit\u00e9rium du Dauphin\u00e9 d\u00e9bute ce week-end ! Lire la suite de l&rsquo;article&#13;<\/p>\n<p>\u00a0<\/p>\n<p>&#13;<br \/>\n\u00ab\u00a0Il a attendu avant d&rsquo;aller \u00e0 l&rsquo;entra\u00eenement pour pouvoir appeler si on gagnait\u00a0\u00bb&#13;<\/p>\n<p>C&rsquo;est <strong>Mathias\u00a0De Keersmaeker<\/strong> lui-m\u00eame qui a r\u00e9v\u00e9l\u00e9 l&rsquo;information sur la cha\u00eene RTV apr\u00e8s sa victoire : \u00ab\u00a0Remco est toujours tr\u00e8s impliqu\u00e9. Il conna\u00eet toujours les r\u00e9sultats tr\u00e8s rapidement. Il avait m\u00eame attendu avant d\u2019aller \u00e0 l\u2019entra\u00eenement pour pouvoir appeler si on gagnait. Patrick (Patrick Evenepoel) a dit que Remco l\u2019avait pr\u00e9dit. C\u2019est pour \u00e7a qu\u2019il avait attendu. C\u2019\u00e9tait vraiment cool\u00a0\u00bb, conclut-il. Le <strong>Crit\u00e9rium du Dauphin\u00e9<\/strong> d\u00e9butera ce week-end, et r\u00e9unira pour la premi\u00e8re fois en 2025 les trois premiers du dernier <strong>Tour de France<\/strong> : <strong>Tadej Pogacar<\/strong> (UAE Team Emirates-XRG), <strong>Jonas Vingegaard<\/strong> (Team Visma | Lease a Bike) et <strong>Remco Evenepoel<\/strong> (Soudal Quick-Step).<\/p>\n","protected":false},"excerpt":{"rendered":"Pendant que le Giro s&rsquo;achevait ce dimanche avec la 21e \u00e9tape et l&rsquo;arriv\u00e9e \u00e0 Rome, les championnats de&hellip;\n","protected":false},"author":2,"featured_media":147124,"comment_status":"","ping_status":"","sticky":false,"template":"","format":"standard","meta":{"footnotes":""},"categories":[1411],"tags":[1154,207,211,1011,27,209,60,210,212,208,213],"class_list":{"0":"post-147123","1":"post","2":"type-post","3":"status-publish","4":"format-standard","5":"has-post-thumbnail","7":"category-cyclisme","8":"tag-cycling","9":"tag-cyclisme","10":"tag-ffc","11":"tag-fr","12":"tag-france","13":"tag-route","14":"tag-sports","15":"tag-tour-de-france","16":"tag-uci","17":"tag-velo","18":"tag-world-tour"},"share_on_mastodon":{"url":"https:\/\/pubeurope.com\/@fr\/114615398135683535","error":""},"_links":{"self":[{"href":"https:\/\/www.europesays.com\/fr\/wp-json\/wp\/v2\/posts\/147123","targetHints":{"allow":["GET"]}}],"collection":[{"href":"https:\/\/www.europesays.com\/fr\/wp-json\/wp\/v2\/posts"}],"about":[{"href":"https:\/\/www.europesays.com\/fr\/wp-json\/wp\/v2\/types\/post"}],"author":[{"embeddable":true,"href":"https:\/\/www.europesays.com\/fr\/wp-json\/wp\/v2\/users\/2"}],"replies":[{"embeddable":true,"href":"https:\/\/www.europesays.com\/fr\/wp-json\/wp\/v2\/comments?post=147123"}],"version-history":[{"count":0,"href":"https:\/\/www.europesays.com\/fr\/wp-json\/wp\/v2\/posts\/147123\/revisions"}],"wp:featuredmedia":[{"embeddable":true,"href":"https:\/\/www.europesays.com\/fr\/wp-json\/wp\/v2\/media\/147124"}],"wp:attachment":[{"href":"https:\/\/www.europesays.com\/fr\/wp-json\/wp\/v2\/media?parent=147123"}],"wp:term":[{"taxonomy":"category","embeddable":true,"href":"https:\/\/www.europesays.com\/fr\/wp-json\/wp\/v2\/categories?post=147123"},{"taxonomy":"post_tag","embeddable":true,"href":"https:\/\/www.europesays.com\/fr\/wp-json\/wp\/v2\/tags?post=147123"}],"curies":[{"name":"wp","href":"https:\/\/api.w.org\/{rel}","templated":true}]}}