{"id":147127,"date":"2025-06-02T19:23:08","date_gmt":"2025-06-02T19:23:08","guid":{"rendered":"https:\/\/www.europesays.com\/fr\/147127\/"},"modified":"2025-06-02T19:23:08","modified_gmt":"2025-06-02T19:23:08","slug":"tebboune-recoit-dj-snake-reconnaissance-officielle-pour-lartiste-franco-algerien","status":"publish","type":"post","link":"https:\/\/www.europesays.com\/fr\/147127\/","title":{"rendered":"Tebboune re\u00e7oit DJ Snake : reconnaissance officielle pour l&rsquo;artiste franco-alg\u00e9rien"},"content":{"rendered":"<p>Ce lundi, le pr\u00e9sident de la R\u00e9publique, Abdelmadjid Tebboune, a accueilli au Palais d\u2019El Mouradia l\u2019artiste franco-alg\u00e9rien de renomm\u00e9e mondiale William Grigahcine, plus connu sous le nom de <a href=\"https:\/\/www.algerie360.com\/vous-faites-quoi-dans-la-vie-baraka-daoud-surprend-dj-snake-avec-une-question-culte\/\" rel=\"nofollow noopener\" target=\"_blank\"><strong>DJ Snake<\/strong><\/a>. Cette rencontre symbolique t\u00e9moigne de la reconnaissance de l\u2019\u00c9tat alg\u00e9rien envers une figure artistique qui n\u2019a jamais cach\u00e9 son attachement \u00e0 ses racines alg\u00e9riennes.<\/p>\n<p>Dans un communiqu\u00e9 succinct, la Pr\u00e9sidence a indiqu\u00e9 : <strong>\u00ab Le pr\u00e9sident de la R\u00e9publique, Abdelmadjid Tebboune, a re\u00e7u l\u2019artiste alg\u00e9rien de renomm\u00e9e mondiale William Grigahcine, dit DJ Snake. \u00bb<\/strong> Ce geste, bien que discret sur le fond, rev\u00eat une grande port\u00e9e symbolique, en mettant \u00e0 l\u2019honneur un artiste qui a su porter haut les couleurs de l\u2019Alg\u00e9rie sur la sc\u00e8ne musicale internationale.<\/p>\n<p>DJ Snake, n\u00e9 en 1986 \u00e0 Paris d\u2019un p\u00e8re fran\u00e7ais et d\u2019une m\u00e8re alg\u00e9rienne originaire de Tlemcen, n\u2019a jamais reni\u00e9 ses origines. Bien au contraire, il les revendique fi\u00e8rement \u00e0 travers son art et ses engagements.<\/p>\n<p><strong>\ud83d\udfe2\u00c0 LIRE AUSSI :\u00a0<a title=\"Une patineuse alg\u00e9rienne \u00e9meut le public canadien avec un message fort pour la Palestine\" href=\"https:\/\/www.algerie360.com\/une-patineuse-algerienne-emeut-le-public-canadien-avec-un-message-fort-pour-la-palestine\/\" rel=\"nofollow noopener\" target=\"_blank\">Une patineuse alg\u00e9rienne \u00e9meut le public canadien avec un message fort pour la Palestine<\/a><\/strong><\/p>\n<p>Sa carri\u00e8re fulgurante, marqu\u00e9e par des titres plan\u00e9taires comme Turn Down for What, Lean On, Taki Taki ou encore Loco Contigo, lui a permis de devenir l\u2019un des DJ les plus influents de la plan\u00e8te.<\/p>\n<\/p>\n<p><b>Une carri\u00e8re entre Paris, Los Angeles et\u2026 l\u2019Alg\u00e9rie<\/b><\/p>\n<p>De la banlieue parisienne au sommet des charts mondiaux, <a href=\"https:\/\/www.algerie360.com\/dj-snake-premiere-icone-electro-a-faire-son-entree-au-musee-grevin\/\" rel=\"nofollow noopener\" target=\"_blank\"><strong>DJ Snake n\u2019a jamais oubli\u00e9 ses racines.<\/strong><\/a> Il avait d\u00e9j\u00e0 exprim\u00e9 son souhait de se produire un jour en Alg\u00e9rie, pays de sa m\u00e8re, et sa visite au chef de l\u2019\u00c9tat pourrait bien augurer un projet de concert ou de collaboration culturelle future. <\/p>\n<p>Certains observateurs y voient m\u00eame une opportunit\u00e9 pour renforcer les \u00e9changes artistiques entre la diaspora alg\u00e9rienne et le pays d\u2019origine.<\/p>\n<p>DJ Snake a \u00e9galement r\u00e9cemment annonc\u00e9 la sortie de son troisi\u00e8me album Nomad, pr\u00e9vue pour le 5 septembre 2025. Un titre \u00e9vocateur qui semble refl\u00e9ter son identit\u00e9 multiple, \u00e0 la crois\u00e9e des cultures, des genres et des continents.<\/p>\n<p><strong>\ud83d\udfe2\u00c0 LIRE AUSSI :\u00a0<a title=\"\u00ab\u00a0Comme si j\u2019\u00e9tais une menteuse\u00a0\u00bb : Lyna Khoudri raconte son parcours de naturalisation\" href=\"https:\/\/www.algerie360.com\/comme-si-jetais-une-menteuse-lyna-khoudri-raconte-son-parcours-de-naturalisation\/\" rel=\"nofollow noopener\" target=\"_blank\">\u00ab\u00a0Comme si j\u2019\u00e9tais une menteuse\u00a0\u00bb : Lyna Khoudri raconte son parcours de naturalisation<\/a><\/strong><\/p>\n<p>Au-del\u00e0 de la musique, DJ Snake incarne une r\u00e9ussite inspirante pour de nombreux jeunes alg\u00e9riens et franco-alg\u00e9riens. Son parcours atypique \u2013 des graffitis de banlieue \u00e0 la sc\u00e8ne du Stade de France \u2013 incarne un message fort : celui de croire en ses r\u00eaves, de pers\u00e9v\u00e9rer et de rester fid\u00e8le \u00e0 soi-m\u00eame.<\/p>\n","protected":false},"excerpt":{"rendered":"Ce lundi, le pr\u00e9sident de la R\u00e9publique, Abdelmadjid Tebboune, a accueilli au Palais d\u2019El Mouradia l\u2019artiste franco-alg\u00e9rien de&hellip;\n","protected":false},"author":2,"featured_media":147128,"comment_status":"","ping_status":"","sticky":false,"template":"","format":"standard","meta":{"footnotes":""},"categories":[1359],"tags":[328,58,59,1011,27,973],"class_list":{"0":"post-147127","1":"post","2":"type-post","3":"status-publish","4":"format-standard","5":"has-post-thumbnail","7":"category-people","8":"tag-a-la-une","9":"tag-divertissement","10":"tag-entertainment","11":"tag-fr","12":"tag-france","13":"tag-people"},"share_on_mastodon":{"url":"https:\/\/pubeurope.com\/@fr\/114615406000731754","error":""},"_links":{"self":[{"href":"https:\/\/www.europesays.com\/fr\/wp-json\/wp\/v2\/posts\/147127","targetHints":{"allow":["GET"]}}],"collection":[{"href":"https:\/\/www.europesays.com\/fr\/wp-json\/wp\/v2\/posts"}],"about":[{"href":"https:\/\/www.europesays.com\/fr\/wp-json\/wp\/v2\/types\/post"}],"author":[{"embeddable":true,"href":"https:\/\/www.europesays.com\/fr\/wp-json\/wp\/v2\/users\/2"}],"replies":[{"embeddable":true,"href":"https:\/\/www.europesays.com\/fr\/wp-json\/wp\/v2\/comments?post=147127"}],"version-history":[{"count":0,"href":"https:\/\/www.europesays.com\/fr\/wp-json\/wp\/v2\/posts\/147127\/revisions"}],"wp:featuredmedia":[{"embeddable":true,"href":"https:\/\/www.europesays.com\/fr\/wp-json\/wp\/v2\/media\/147128"}],"wp:attachment":[{"href":"https:\/\/www.europesays.com\/fr\/wp-json\/wp\/v2\/media?parent=147127"}],"wp:term":[{"taxonomy":"category","embeddable":true,"href":"https:\/\/www.europesays.com\/fr\/wp-json\/wp\/v2\/categories?post=147127"},{"taxonomy":"post_tag","embeddable":true,"href":"https:\/\/www.europesays.com\/fr\/wp-json\/wp\/v2\/tags?post=147127"}],"curies":[{"name":"wp","href":"https:\/\/api.w.org\/{rel}","templated":true}]}}