{"id":147135,"date":"2025-06-02T19:27:08","date_gmt":"2025-06-02T19:27:08","guid":{"rendered":"https:\/\/www.europesays.com\/fr\/147135\/"},"modified":"2025-06-02T19:27:08","modified_gmt":"2025-06-02T19:27:08","slug":"claude-francois-on-connait-lidentite-de-lhomme-qui-sapprete-a-racheter-sa-demeure-et-ce-nest-pas-un-inconnu","status":"publish","type":"post","link":"https:\/\/www.europesays.com\/fr\/147135\/","title":{"rendered":"Claude Fran\u00e7ois : on conna\u00eet l\u2019identit\u00e9 de l\u2019homme qui s\u2019appr\u00eate \u00e0 racheter sa demeure et ce n\u2019est pas un inconnu"},"content":{"rendered":"<p>      R\u00e9sum\u00e9<\/p>\n<p>Le fils de Claude Fran\u00e7ois envisage de racheter le Moulin de Dannemois pour en faire un lieu unique m\u00ealant m\u00e9moire, accueil et spectacles, tout en lan\u00e7ant une croisi\u00e8re d\u00e9di\u00e9e \u00e0 l\u2019\u0153uvre de son p\u00e8re.<\/p>\n<p>        Sommaire<\/p>\n<p>Comme <a href=\"https:\/\/www.public.fr\/tag\/johnny-hallyday\" target=\"_blank\" rel=\"noopener\">Johnny Hallyday<\/a>, l\u2019ancienne demeure dans laquelle r\u00e9sidait <a href=\"https:\/\/www.public.fr\/claude-francois-son-ex-isabelle-fait-une-revelation-choc-sur-leurs-deux-garcons\" target=\"_blank\" rel=\"noopener\">Claude Fran\u00e7ois<\/a> se trouve en vente. Et visiblement, celle-ci s\u2019appr\u00eate \u00e0 trouver preneur et ne pas changer de famille. C\u2019est en tout cas ce qu\u2019a r\u00e9v\u00e9l\u00e9 le fils de<a href=\"https:\/\/vsd.fr\/tag\/claude-francois\/\" target=\"_blank\" rel=\"noopener\"> l\u2019artiste d\u00e9c\u00e9d\u00e9 le 11 mars 1978<\/a> lors de son passage dans le Buzz TV du Figaro.<\/p>\n<p>En effet, Claude Fran\u00e7ois Jr \u00e9tait l\u2019invit\u00e9 de nos confr\u00e8res il y a quelques heures. Lors de sa venue, en plus d\u2019\u00e9voquer son projet de rachat du Moulin de Dannemois, le fils de l\u2019interpr\u00e8te d\u2019<strong>\u00ab\u00a0Alexandrie, Alexandra\u00a0\u00bb<\/strong>, a souhait\u00e9 parler d\u2019un autre projet.\u00a0<\/p>\n<p>Apr\u00e8s la r\u00e9ussite de la premi\u00e8re \u00e9dition, une nouvelle croisi\u00e8re d\u00e9di\u00e9e \u00e0 l\u2019\u0153uvre de\u00a0<a href=\"http:\/\/tvmag.lefigaro.fr\/programme-tv\/ce-soir-tele\/son-direct-culte-avec-claude-francois-son-eviction-de-tf1-par-mitterrand-les-confidences-de-daniele-gilbert-20250121\" target=\"_blank\" rel=\"noopener\">Claude Fran\u00e7ois<\/a> l\u00e8vera l\u2019ancre le 11 octobre prochain comme l\u2019a annonc\u00e9 le fils de l\u2019artiste.\u00a0<\/p>\n<p>Une deuxi\u00e8me \u00e9dition pour sa croisi\u00e8re <\/p>\n<p>\u00ab\u00a0Un ami m\u2019a dit qu\u2019il allait faire une croisi\u00e8re ann\u00e9es 80, il m\u2019a mis une ambiance en me pitchant l\u2019id\u00e9e et je me suis dit\u00a0\u201cC\u2019est \u00e7a\u201d.\u00a0\u00c7a fait des ann\u00e9es que je vois que le public de mon p\u00e8re se d\u00e9place au Moulin\u00a0(ancienne demeure du chanteur, NDLR)\u00a0le 11 mars, qu\u2019il va se recueillir sur la tombe ils vont d\u00e9jeuner au Moulin\u00a0\u00bb, indique le fils du chanteur d\u00e9c\u00e9d\u00e9 le 11 mars 1978.\u00a0<\/p>\n<p>Avant d\u2019ajouter : \u00ab\u00a0Donc il y a un c\u00f4t\u00e9 tr\u00e8s solennel dans ce rendez-vous qui ne correspond pas forc\u00e9ment \u00e0 toute l\u2019\u00e9nergie, la vibration que d\u00e9gage le r\u00e9pertoire et je me suis dit, un bateau, une croisi\u00e8re \u00e7a colle\u00a0! C\u2019est l\u00e9ger, c\u2019est de la bonne humeur et du coup \u00e7a peut \u00eatre un vrai rendez-vous o\u00f9 on les fait se rencontrer, o\u00f9 moi je peux \u00e9galement les rencontrer. Et c\u2019est exactement ce qui s\u2019est pass\u00e9 l\u2019ann\u00e9e derni\u00e8re\u00a0\u00bb.<\/p>\n<p>Le Moulin de Dannemois bient\u00f4t rachet\u00e9 par le fils de Claude Fran\u00e7ois ? <\/p>\n<p>Comme \u00e9voqu\u00e9, en plus de la deuxi\u00e8me \u00e9dition de cette croisi\u00e8re, le fils de Claude Fran\u00e7ois travaille \u00e9galement sur le rachat du Moulin de Dannemois, lieu dans lequel a v\u00e9cu le chanteur de son vivant.\u00a0<\/p>\n<p>\u00ab\u00a0<strong>Je travaille sur son rachat<\/strong>, (&#8230;) parce qu\u2019il n\u2019y a pas de Graceland en France\u00a0(demeure d\u2019Elvis Presley devenue mus\u00e9e \u00e0 Memphis dans le Tennessee, NDLR). La famille Lescure en est propri\u00e9taire depuis vingt-cinq ans, ils ont fait un beau boulot.<strong> Le rachat est en bonne voie mais il faut se d\u00e9cider rapidement<\/strong>\u00ab\u00a0, confie-t-il au Buzz TV du Figaro.<\/p>\n<p>S\u2019il y parvient, le fils de Claude Fran\u00e7ois souhaite faire de ce Moulin, un \u00ab\u00a0Graceland\u00a0\u00e0 la fran\u00e7aise\u00a0\u00bb. \u00ab\u00a0Mais bas\u00e9 sur l\u2019art de recevoir de mon p\u00e8re. Je veux en faire une vitrine, on dit souvent qu\u2019une maison c\u2019est le miroir de l\u2019\u00e2me. <strong>Pas seulement un mus\u00e9e, une maison d\u2019h\u00f4tes, une salle de spectacle<\/strong>&#8230;. Enfin, un <strong>endroit o\u00f9 les gens viennent passer un moment au moulin comme s\u2019ils \u00e9taient l\u00e0 \u00e0 l\u2019invitation de mon p\u00e8re<\/strong>, qu\u2019ils rentrent dans son art de recevoir\u00a0\u00bb, explique-t-il \u00e0 nos confr\u00e8res.\u00a0<\/p>\n<blockquote class=\"twitter-tweet\">\n<p>\u00ab\u00a0C&rsquo;est en bonne voie !\u00a0\u00bb : Claude Fran\u00e7ois Jr. annonce qu&rsquo;il est sur le point de racheter le Moulin de Dannemois, la demeure o\u00f9 son p\u00e8re a r\u00e9sid\u00e9 pendant 14 ans. <a href=\"https:\/\/twitter.com\/hashtag\/BuzzTV?src=hash&amp;ref_src=twsrc%5Etfw\" target=\"_blank\" rel=\"noopener\">#BuzzTV<\/a> <a href=\"https:\/\/t.co\/KxwkNqA0Do\">pic.twitter.com\/KxwkNqA0Do<\/a><\/p>\n<p>\u2014 TV Magazine (@TVMAG) <a href=\"https:\/\/twitter.com\/TVMAG\/status\/1929556864036987198?ref_src=twsrc%5Etfw\" target=\"_blank\" rel=\"noopener\">June 2, 2025<\/a><\/p><\/blockquote>\n<p>      Mentionn\u00e9s dans cet article<\/p>\n<p>\u00c0 lire aussi<\/p>\n<p><script async src=\"https:\/\/platform.twitter.com\/widgets.js\" charset=\"utf-8\"><\/script><\/p>\n","protected":false},"excerpt":{"rendered":"R\u00e9sum\u00e9 Le fils de Claude Fran\u00e7ois envisage de racheter le Moulin de Dannemois pour en faire un lieu&hellip;\n","protected":false},"author":2,"featured_media":147136,"comment_status":"","ping_status":"","sticky":false,"template":"","format":"standard","meta":{"footnotes":""},"categories":[1355],"tags":[10896,27608,58,59,1011,27,1304,1361,873],"class_list":{"0":"post-147135","1":"post","2":"type-post","3":"status-publish","4":"format-standard","5":"has-post-thumbnail","7":"category-musique","8":"tag-claude-francois","9":"tag-claude-francois-junior","10":"tag-divertissement","11":"tag-entertainment","12":"tag-fr","13":"tag-france","14":"tag-johnny-hallyday","15":"tag-music","16":"tag-musique"},"share_on_mastodon":{"url":"https:\/\/pubeurope.com\/@fr\/114615421719850814","error":""},"_links":{"self":[{"href":"https:\/\/www.europesays.com\/fr\/wp-json\/wp\/v2\/posts\/147135","targetHints":{"allow":["GET"]}}],"collection":[{"href":"https:\/\/www.europesays.com\/fr\/wp-json\/wp\/v2\/posts"}],"about":[{"href":"https:\/\/www.europesays.com\/fr\/wp-json\/wp\/v2\/types\/post"}],"author":[{"embeddable":true,"href":"https:\/\/www.europesays.com\/fr\/wp-json\/wp\/v2\/users\/2"}],"replies":[{"embeddable":true,"href":"https:\/\/www.europesays.com\/fr\/wp-json\/wp\/v2\/comments?post=147135"}],"version-history":[{"count":0,"href":"https:\/\/www.europesays.com\/fr\/wp-json\/wp\/v2\/posts\/147135\/revisions"}],"wp:featuredmedia":[{"embeddable":true,"href":"https:\/\/www.europesays.com\/fr\/wp-json\/wp\/v2\/media\/147136"}],"wp:attachment":[{"href":"https:\/\/www.europesays.com\/fr\/wp-json\/wp\/v2\/media?parent=147135"}],"wp:term":[{"taxonomy":"category","embeddable":true,"href":"https:\/\/www.europesays.com\/fr\/wp-json\/wp\/v2\/categories?post=147135"},{"taxonomy":"post_tag","embeddable":true,"href":"https:\/\/www.europesays.com\/fr\/wp-json\/wp\/v2\/tags?post=147135"}],"curies":[{"name":"wp","href":"https:\/\/api.w.org\/{rel}","templated":true}]}}