{"id":147157,"date":"2025-06-02T19:39:11","date_gmt":"2025-06-02T19:39:11","guid":{"rendered":"https:\/\/www.europesays.com\/fr\/147157\/"},"modified":"2025-06-02T19:39:11","modified_gmt":"2025-06-02T19:39:11","slug":"nancy-petite-manifestation-communiste-place-stanislas-contre-une-grosse-agression-a-ales","status":"publish","type":"post","link":"https:\/\/www.europesays.com\/fr\/147157\/","title":{"rendered":"Nancy. Petite manifestation communiste place Stanislas contre une grosse agression \u00e0 Al\u00e8s"},"content":{"rendered":"<p>\u00ab\u00a0L\u2019objectif n\u2019est pas une mobilisation massive\u00a0\u00bb, confesse Bora Yilmaz, adjoint communiste au maire de Nancy. Le moins que l\u2019on puisse dire c\u2019est que l\u2019objectif a \u00e9t\u00e9 atteint. Seule une trentaine de militants ont, en effet, r\u00e9pondu \u00e0 l\u2019appel du Parti communiste pour manifester, ce lundi en fin de journ\u00e9e, devant la pr\u00e9fecture \u00e0 Nancy.<\/p>\n<p>Ce petit rassemblement est une r\u00e9action \u00e0 un \u00e9v\u00e8nement qui s\u2019est produit \u00e0 l\u2019autre bout de la France\u00a0: l\u2019\u00ab\u00a0assaut\u00a0\u00bb, ce vendredi 30\u00a0mai, d\u2019une douzaine de militants d\u2019extr\u00eame-droite contre un bar d\u2019Al\u00e8s qui est connu pour \u00eatre le QG des communistes locaux. L\u2019agression a fait une vingtaine de bless\u00e9s et peu de remous au niveau national. A Al\u00e8s, une manif a \u00e9t\u00e9 organis\u00e9e ce lundi par les forces de gauche.<\/p>\n<p>\u00ab\u00a0Nous avons voulu mettre en place une r\u00e9plique symbolique de cette mobilisation ici \u00e0 Nancy. Car ce qui s\u2019est pass\u00e9 \u00e0 Al\u00e8s n\u2019est pas un fait isol\u00e9. Nous constatons, en ce moment, une recrudescence des agressions de militants de gauche ou de syndicalistes\u00a0\u00bb, constate Bora Yilmaz qui d\u00e9nonce le \u00ab\u00a0silence du ministre de l\u2019Int\u00e9rieur\u00a0\u00bb sur le sujet.<\/p>\n<p>Un ministre qui est pourtant parfaitement conscient de l\u2019atmosph\u00e8re politique d\u00e9l\u00e9t\u00e8re actuelle. Puisque c\u2019est une bonne douzaine de policiers qui ont \u00e9t\u00e9 envoy\u00e9s \u00e0 Nancy pour encadrer la poign\u00e9e de manifestants communistes. Il s\u2019agissait visiblement moins de surveiller ces derniers que de les prot\u00e9ger d\u2019\u00e9ventuels perturbateurs.<\/p>\n","protected":false},"excerpt":{"rendered":"\u00ab\u00a0L\u2019objectif n\u2019est pas une mobilisation massive\u00a0\u00bb, confesse Bora Yilmaz, adjoint communiste au maire de Nancy. Le moins que&hellip;\n","protected":false},"author":2,"featured_media":147158,"comment_status":"","ping_status":"","sticky":false,"template":"","format":"standard","meta":{"footnotes":""},"categories":[9635],"tags":[1111,11,271,272,1704,1777,674,274,1011,27,775,3457,1702,1703,12,316,25],"class_list":{"0":"post-147157","1":"post","2":"type-post","3":"status-publish","4":"format-standard","5":"has-post-thumbnail","7":"category-nancy","8":"tag-actu","9":"tag-actualites","10":"tag-crime","11":"tag-delit-et-contravention","12":"tag-edition-nancy-et-agglomeration","13":"tag-eu","14":"tag-europe","15":"tag-faits-divers-justice","16":"tag-fr","17":"tag-france","18":"tag-grand-est","19":"tag-meurthe-et-moselle","20":"tag-nancy","21":"tag-nancy-ville-54b","22":"tag-news","23":"tag-politique","24":"tag-republique-francaise"},"share_on_mastodon":{"url":"https:\/\/pubeurope.com\/@fr\/114615468961642338","error":""},"_links":{"self":[{"href":"https:\/\/www.europesays.com\/fr\/wp-json\/wp\/v2\/posts\/147157","targetHints":{"allow":["GET"]}}],"collection":[{"href":"https:\/\/www.europesays.com\/fr\/wp-json\/wp\/v2\/posts"}],"about":[{"href":"https:\/\/www.europesays.com\/fr\/wp-json\/wp\/v2\/types\/post"}],"author":[{"embeddable":true,"href":"https:\/\/www.europesays.com\/fr\/wp-json\/wp\/v2\/users\/2"}],"replies":[{"embeddable":true,"href":"https:\/\/www.europesays.com\/fr\/wp-json\/wp\/v2\/comments?post=147157"}],"version-history":[{"count":0,"href":"https:\/\/www.europesays.com\/fr\/wp-json\/wp\/v2\/posts\/147157\/revisions"}],"wp:featuredmedia":[{"embeddable":true,"href":"https:\/\/www.europesays.com\/fr\/wp-json\/wp\/v2\/media\/147158"}],"wp:attachment":[{"href":"https:\/\/www.europesays.com\/fr\/wp-json\/wp\/v2\/media?parent=147157"}],"wp:term":[{"taxonomy":"category","embeddable":true,"href":"https:\/\/www.europesays.com\/fr\/wp-json\/wp\/v2\/categories?post=147157"},{"taxonomy":"post_tag","embeddable":true,"href":"https:\/\/www.europesays.com\/fr\/wp-json\/wp\/v2\/tags?post=147157"}],"curies":[{"name":"wp","href":"https:\/\/api.w.org\/{rel}","templated":true}]}}