{"id":147171,"date":"2025-06-02T19:46:19","date_gmt":"2025-06-02T19:46:19","guid":{"rendered":"https:\/\/www.europesays.com\/fr\/147171\/"},"modified":"2025-06-02T19:46:19","modified_gmt":"2025-06-02T19:46:19","slug":"ce-que-nous-en-avons-pense","status":"publish","type":"post","link":"https:\/\/www.europesays.com\/fr\/147171\/","title":{"rendered":"ce que nous en avons pens\u00e9"},"content":{"rendered":"<p>            Par<br \/>\n        <strong><br \/>\n            <a href=\"https:\/\/actu.fr\/auteur\/fmass\" title=\"Consulter tous les articles de Fabien Massin\" target=\"_blank\" rel=\"noopener\">Fabien Massin<\/a><br \/>\n        <\/strong><\/p>\n<p>        Publi\u00e9 le<\/p>\n<p>            2 juin 2025 \u00e0 19h18        <\/p>\n<p>C\u2019est un rendez-vous devenu classique \u00e0 <a href=\"https:\/\/actu.fr\/normandie\/rouen_76540\" target=\"_blank\" rel=\"noopener\">Rouen (Seine-Maritime)<\/a> \u00e0 l\u2019arriv\u00e9e des beaux jours\u2009: le spectacle<strong> Cath\u00e9drale de lumi\u00e8re<\/strong>, projet\u00e9 sur la fa\u00e7ade de l\u2019\u00e9difice gothique. Le son et lumi\u00e8re revient cette ann\u00e9e avec deux volets, <a href=\"https:\/\/actu.fr\/normandie\/_76\/cathedrale-de-lumiere-a-rouen-le-retour-les-vikings-debarquent_552687.html\" target=\"_blank\" rel=\"noopener\">Vikings<\/a>, d\u00e9j\u00e0 pr\u00e9sent\u00e9 il y a quelques ann\u00e9es, et <a href=\"https:\/\/actu.fr\/normandie\/rouen_76540\/cathedrale-de-lumiere-a-rouen-revient-avec-un-spectacle-presque-inedit_62698486.html\" target=\"_blank\" rel=\"noopener\">Optic Gothic<\/a>, une cr\u00e9ation quasi in\u00e9dite. Nous avons assist\u00e9 \u00e0 la premi\u00e8re samedi 31\u00a0mai 2025. La projection des deux spectacles, Vikings puis Optic Gothic, se fait chaque soir en deux boucles cons\u00e9cutives (retrouvez les horaires en bas de l\u2019article).<\/p>\n<p>Des \u00e9pisodes devenus classiques<\/p>\n<p class=\" wall-content\">Et cela commence par Vikings, que de nombreux Rouennais connaissent d\u00e9j\u00e0. L\u00e0, avec cette cr\u00e9ation de la<strong> soci\u00e9t\u00e9 Cosmo AV<\/strong> (qui a sign\u00e9 presque tous les \u00e9pisodes de Cath\u00e9drale de lumi\u00e8re), pas de surprise, nous sommes en terrain connu. Dans cette \u00e9vocation des <strong>invasions scandinaves en Normandie au IXe\u00a0si\u00e8cle<\/strong>, il y a tous les ingr\u00e9dients (r\u00e9f\u00e9rences \u00e0 l\u2019histoire normande, effets visuels et sonores, musique\u2026) qui depuis le d\u00e9but, en 2013, font le succ\u00e8s de Cath\u00e9drale de lumi\u00e8re.\u00a0Il faut donc patienter un peu avant de d\u00e9couvrir la nouvelle cr\u00e9ation. Peut-\u00eatre d\u2019ailleurs l\u2019ordre des projections aurait pu \u00eatre invers\u00e9.<\/p>\n<p class=\" wall-content\">Optic Gothic est une adaptation de la cr\u00e9ation projet\u00e9e lors de la soir\u00e9e de cl\u00f4ture du <a href=\"https:\/\/actu.fr\/normandie\/rouen_76540\/festival-normandie-impressionniste-cinq-rendez-vous-a-ne-pas-manquer-a-rouen_60818549.html\" target=\"_blank\" rel=\"noopener\">Festival Normandie Impressionniste<\/a> en septembre\u00a02024. Ce volet a \u00e9t\u00e9 cr\u00e9\u00e9 par <strong>Antoine +\u00a0Manuel (Antoine Audiau et Manuel Warosz)<\/strong>, atelier de cr\u00e9ation graphique et de design. Cr\u00e9\u00e9 au d\u00e9part pour \u00eatre un \u00e9v\u00e9nement d\u2019un soir, il a finalement \u00e9t\u00e9 int\u00e9gr\u00e9 au programme de Cath\u00e9drale de lumi\u00e8re, dans une version remani\u00e9e avec une musique nouvelle (une cr\u00e9ation musicale de <strong>Nikolai Szymanski<\/strong> rempla\u00e7ant le DJ set de <strong>Barbara Butch<\/strong>). Une bonne opportunit\u00e9 en tout cas de pr\u00e9senter quelque chose de neuf pendant tout l\u2019\u00e9t\u00e9.<\/p>\n<p class=\" wall-content\">Et forc\u00e9ment ce nouveau volet est attendu par le public. L\u2019an dernier, Star and Stone\u2009: a kind of love\u2026 some say, <a href=\"https:\/\/actu.fr\/normandie\/rouen_76540\/rouen-cathedrale-de-lumiere-revient-avec-un-spectacle-contemporain-poetique-et-audacieux_61104160.html\" target=\"_blank\" rel=\"noopener\">\u0153uvre audacieuse<\/a> de l\u2019artiste am\u00e9ricain <strong>Bob Wilson<\/strong> \u00e9galement pr\u00e9sent\u00e9e dans le cadre du festival Normandie Impressionniste, avait quelque peu d\u00e9rout\u00e9 les spectateurs habitu\u00e9s \u00e0 un son et lumi\u00e8re d\u2019un autre style, plus classique pourrait-on dire. Assur\u00e9ment originale, po\u00e9tique et cr\u00e9ative, l\u2019\u0153uvre de Bob Wilson \u00e9tait n\u00e9anmoins clairement moins grand public que les spectacles pr\u00e9sent\u00e9s jusqu\u2019alors.<\/p>\n<p>Des effets d\u2019optiques saisissants<\/p>\n<p class=\" wall-content\">Une diff\u00e9rence qui aiguise d\u2019autant plus notre curiosit\u00e9 de d\u00e9couvrir Optic Gothic. Ses cr\u00e9ateurs puisent leur inspiration dans <strong>l\u2019Op Art, ou l\u2019art optique<\/strong>, un mouvement artistique n\u00e9 dans les ann\u00e9es 1960 avec l\u2019essor des technologies, \u00ab\u2009qui utilise des formes g\u00e9om\u00e9triques, des lignes, des couleurs et des contrastes<strong> pour cr\u00e9er des effets d\u2019optique ou des illusions visuelles<\/strong> donnant l\u2019impression que l\u2019image bouge, vibre ou se d\u00e9forme\u2009\u00bb, d\u00e9taille la M\u00e9tropole Rouen Normandie.<\/p>\n<p>Vid\u00e9os : en ce moment sur Actu<\/p>\n<p class=\" wall-content\">Par rapport \u00e0 Viking et autres \u00e9pisodes de Cath\u00e9drale de lumi\u00e8re (Jeanne (s), Fiers et conqu\u00e9rants, Les Nouveaux Mondes, Premi\u00e8re impression), <strong>c\u2019est encore quelque chose de totalement diff\u00e9rent<\/strong>. L\u2019aspect graphique et visuel pr\u00e9domine dans le r\u00e9sultat, nous ne sommes pas dans une narration \u00e9voquant un \u00e9v\u00e9nement historique. L\u00e0, nous assistons vraiment \u00e0 un festival d\u2019effets visuels qui donne l\u2019impression que la cath\u00e9drale se d\u00e9place, vibre ou encore tourbillonne. Au bout de quelques minutes \u00e7a donne presque le tournis\u2009!<\/p>\n<p class=\" wall-content\">Le show d\u00e9marre doucement, dans des tons obscurs qui peuvent sembler un peu arides, mais peu \u00e0 peu l\u2019ensemble prend de la couleur et du rythme. En toile de fond sonore, la musique \u00e9lectronique se marie bien avec le graphisme d\u2019<strong>Optic Gothic<\/strong>, m\u00eame si l\u00e0 aussi c\u2019est totalement diff\u00e9rent des autres spectacles, dont les musiques \u00e9voquaient plut\u00f4t celles des films d\u2019aventures. Dans un autre registre, et d\u2019une mani\u00e8re encore diff\u00e9rente de la cr\u00e9ation de Bob Wilson, on peut dire que Optic Gothic constitue une<strong> nouvelle proposition audacieuse<\/strong> dans son style et sa modernit\u00e9.<\/p>\n<p class=\" wall-content\">Au final, nous assistons \u00e0 une soir\u00e9e comprenant <strong>deux spectacles aux styles tr\u00e8s contrast\u00e9s<\/strong>, de quoi varier les plaisirs ou s\u00e9duire des publics diff\u00e9rents.<\/p>\n<p class=\" wall-content\">\n    <img   decoding=\"async\" loading=\"lazy\" src=\"https:\/\/www.europesays.com\/fr\/wp-content\/uploads\/2025\/06\/cathedrale-lumiere-rouen-960x640.jpg\" alt=\"Nouveau cath\u00e9drale de lumi\u00e8re.\" width=\"960\" height=\"640\"\/><br \/>\n    Pas de doute, dans le volet Optic Gothic, l\u2019aspect visuel et graphique pr\u00e9domine. (\u00a9FM\/76actu)<br \/>\n    <img   decoding=\"async\" loading=\"lazy\" src=\"https:\/\/www.europesays.com\/fr\/wp-content\/uploads\/2025\/06\/op-art-cathedrale-lumiere-rouen-960x640.jpg\" alt=\"Nouveau spectacle Cath\u00e9drale de lumi\u00e8re Rouen. \" width=\"960\" height=\"640\"\/><br \/>\n    Cath\u00e9drale de lumi\u00e8re est projet\u00e9 jusqu\u2019au 27\u00a0septembre. (\u00a9FM\/76actu)<\/p>\n<p>Quand voir le spectacle ?<\/p>\n<p>La projection des deux spectacles, Viking puis Optic Gothic, se fait chaque soir en deux boucles cons\u00e9cutives.\u00a0<br \/>\u2022 Du 31 mai au 28 juin : les vendredis et samedis soir, \u00e0 23 heures<br \/>\u2022 Du 1er au 31 juillet : tous les soirs, \u00e0 23 heures<br \/>\u2022 Du 1er au 15 ao\u00fbt : tous les soirs, \u00e0 22h30\u00a0<br \/>\u2022 Du 16 au 31 ao\u00fbt : tous les soirs, \u00e0 22 heures<br \/>\u2022 Du 1er au 27 septembre : les vendredis et samedis soir, \u00e0 21h30<\/p>\n<p>Suivez l\u2019actualit\u00e9 de Rouen sur notre\u00a0<a href=\"https:\/\/www.whatsapp.com\/channel\/0029VaKfnf99hXF2ddApFB1D\" target=\"_blank\" rel=\"noopener\">cha\u00eene WhatsApp<\/a>\u00a0et sur notre\u00a0<a href=\"https:\/\/www.tiktok.com\/@76actu.fr?lang=fr\" target=\"_blank\" rel=\"noopener\">compte TikTok<\/a><\/p>\n<p class=\" wall-content\">Suivez toute l\u2019actualit\u00e9 de vos villes et m\u00e9dias favoris en vous inscrivant \u00e0 <a href=\"https:\/\/moncompte.actu.fr\" title=\"D\u00e9couvez Mon Actu\" rel=\"nofollow noopener\" data-trk=\"{&quot;cta&quot;:{&quot;action&quot;:&quot;https:\\\/\\\/moncompte.actu.fr&quot;,&quot;category&quot;:&quot;mon compte&quot;,&quot;from&quot;:&quot;article footer&quot;,&quot;name&quot;:&quot;Mon actu&quot;,&quot;type&quot;:&quot;cta&quot;}}\" target=\"_blank\">Mon Actu<\/a>.<\/p>\n<ul class=\"ac-article-tag wall-content\">\n<li><a href=\"https:\/\/actu.fr\/tag\/cathedrale-de-rouen\" data-trk=\"{&quot;cta&quot;:{&quot;action&quot;:&quot;Cath\\u00e9drale de Rouen&quot;,&quot;category&quot;:&quot;tag&quot;,&quot;from&quot;:&quot;article footer&quot;,&quot;name&quot;:&quot;Cath\\u00e9drale de Rouen&quot;,&quot;type&quot;:&quot;cta&quot;}}\" target=\"_blank\" rel=\"noopener\">#Cath\u00e9drale de Rouen<\/a><\/li>\n<li><a href=\"https:\/\/actu.fr\/tag\/impressionnisme\" data-trk=\"{&quot;cta&quot;:{&quot;action&quot;:&quot;impressionnisme&quot;,&quot;category&quot;:&quot;tag&quot;,&quot;from&quot;:&quot;article footer&quot;,&quot;name&quot;:&quot;impressionnisme&quot;,&quot;type&quot;:&quot;cta&quot;}}\" target=\"_blank\" rel=\"noopener\">#impressionnisme<\/a><\/li>\n<\/ul>\n<p>                    <script async src=\"\/\/www.tiktok.com\/embed.js\"><\/script><\/p>\n","protected":false},"excerpt":{"rendered":"Par Fabien Massin Publi\u00e9 le 2 juin 2025 \u00e0 19h18 C\u2019est un rendez-vous devenu classique \u00e0 Rouen (Seine-Maritime)&hellip;\n","protected":false},"author":2,"featured_media":147172,"comment_status":"","ping_status":"","sticky":false,"template":"","format":"standard","meta":{"footnotes":""},"categories":[9587],"tags":[1111,11,12726,1777,674,1011,27,11949,1652,12,5161,25,9590],"class_list":{"0":"post-147171","1":"post","2":"type-post","3":"status-publish","4":"format-standard","5":"has-post-thumbnail","7":"category-rouen","8":"tag-actu","9":"tag-actualites","10":"tag-cathedrale-de-rouen","11":"tag-eu","12":"tag-europe","13":"tag-fr","14":"tag-france","15":"tag-impressionnisme","16":"tag-loisirs-culture","17":"tag-news","18":"tag-normandie","19":"tag-republique-francaise","20":"tag-rouen"},"share_on_mastodon":{"url":"https:\/\/pubeurope.com\/@fr\/114615496420283285","error":""},"_links":{"self":[{"href":"https:\/\/www.europesays.com\/fr\/wp-json\/wp\/v2\/posts\/147171","targetHints":{"allow":["GET"]}}],"collection":[{"href":"https:\/\/www.europesays.com\/fr\/wp-json\/wp\/v2\/posts"}],"about":[{"href":"https:\/\/www.europesays.com\/fr\/wp-json\/wp\/v2\/types\/post"}],"author":[{"embeddable":true,"href":"https:\/\/www.europesays.com\/fr\/wp-json\/wp\/v2\/users\/2"}],"replies":[{"embeddable":true,"href":"https:\/\/www.europesays.com\/fr\/wp-json\/wp\/v2\/comments?post=147171"}],"version-history":[{"count":0,"href":"https:\/\/www.europesays.com\/fr\/wp-json\/wp\/v2\/posts\/147171\/revisions"}],"wp:featuredmedia":[{"embeddable":true,"href":"https:\/\/www.europesays.com\/fr\/wp-json\/wp\/v2\/media\/147172"}],"wp:attachment":[{"href":"https:\/\/www.europesays.com\/fr\/wp-json\/wp\/v2\/media?parent=147171"}],"wp:term":[{"taxonomy":"category","embeddable":true,"href":"https:\/\/www.europesays.com\/fr\/wp-json\/wp\/v2\/categories?post=147171"},{"taxonomy":"post_tag","embeddable":true,"href":"https:\/\/www.europesays.com\/fr\/wp-json\/wp\/v2\/tags?post=147171"}],"curies":[{"name":"wp","href":"https:\/\/api.w.org\/{rel}","templated":true}]}}