{"id":147173,"date":"2025-06-02T19:49:11","date_gmt":"2025-06-02T19:49:11","guid":{"rendered":"https:\/\/www.europesays.com\/fr\/147173\/"},"modified":"2025-06-02T19:49:11","modified_gmt":"2025-06-02T19:49:11","slug":"pietons-fauches-a-grenoble-le-conducteur-de-19-ans-qui-sest-presente-de-lui-meme-a-la-police-sera-juge-pour-blessures-involontaires","status":"publish","type":"post","link":"https:\/\/www.europesays.com\/fr\/147173\/","title":{"rendered":"Pi\u00e9tons fauch\u00e9s \u00e0 Grenoble\u00a0: le conducteur de 19\u00a0ans, qui s\u2019est pr\u00e9sent\u00e9 de lui-m\u00eame \u00e0 la police, sera jug\u00e9 pour \u00ab\u00a0blessures involontaires\u00a0\u00bb"},"content":{"rendered":"<p class=\"paragraph text_align_left\">Il affirme avoir perdu le contr\u00f4le de la voiture, alors qu\u2019il roulait sur les rails du tramway, <a href=\"https:\/\/www.leparisien.fr\/faits-divers\/victoire-du-psg-une-famille-fauchee-par-une-voiture-a-grenoble-plusieurs-blesses-le-conducteur-en-garde-a-vue-01-06-2025-2CGTAMS6SNDRZOUTZZTFPALVI4.php\" target=\"_blank\" rel=\"noreferrer nofollow noopener\">sur une des principales art\u00e8res de la ville<\/a>, et a pris la fuite, craignant de se \u00ab faire lyncher \u00bb par la foule. Le conducteur de la voiture <a href=\"https:\/\/www.leparisien.fr\/faits-divers\/celebrations-de-la-victoire-du-psg-a-grenoble-une-voiture-percute-la-foule-quatre-blesses-dont-deux-graves-01-06-2025-UV3U5R7ZQVEHJOYFK7PV5NBWCY.php\" target=\"_blank\" rel=\"noreferrer nofollow noopener\">qui a fauch\u00e9 quatre personnes<\/a>, samedi soir \u00e0 Grenoble (<a href=\"https:\/\/www.leparisien.fr\/isere-38\/\" target=\"_blank\" rel=\"noreferrer nofollow noopener\">Is\u00e8re<\/a>) lors des c\u00e9l\u00e9brations de la victoire du PSG en Ligue des champions, sera jug\u00e9 d\u2019ici deux mois pour \u00ab blessures involontaires \u00bb, a indiqu\u00e9 le parquet de la ville, ce lundi, \u00e0 l\u2019AFP.<\/p>\n<p class=\"paragraph text_align_left\">Une femme de 46 ans, deux de ses fils &#8211; des jumeaux de 17 ans &#8211; et sa ni\u00e8ce de 18 ans ont \u00e9t\u00e9 bless\u00e9s. Gri\u00e8vement bless\u00e9 au niveau du thorax, le pronostic vital d\u2019un des jumeaux reste engag\u00e9, a indiqu\u00e9 \u00e0 l\u2019AFP le procureur \u00c9tienne Manteaux.<\/p>\n<p>Le conducteur s\u2019est pr\u00e9sent\u00e9 de lui-m\u00eame \u00e0 la police<\/p>\n<p class=\"paragraph text_align_left\">Le responsable de la collision, un jeune conducteur de 19 ans sans ant\u00e9c\u00e9dent judiciaire, s\u2019\u00e9tait pr\u00e9sent\u00e9 de lui-m\u00eame \u00e0 la police apr\u00e8s avoir initialement abandonn\u00e9 son v\u00e9hicule, et avait \u00e9t\u00e9 plac\u00e9 en garde \u00e0 vue.<\/p>\n<p class=\"paragraph text_align_left\">Il doit \u00eatre pr\u00e9sent\u00e9 au parquet dans l\u2019apr\u00e8s-midi dans le cadre d\u2019une comparution \u00e0 d\u00e9lai diff\u00e9r\u00e9 en vue d\u2019un jugement d\u2019ici deux mois pour \u00ab blessures involontaires \u00bb et \u00ab d\u00e9faut de ma\u00eetrise \u00bb, a indiqu\u00e9 le procureur, pr\u00e9cisant qu\u2019il allait demander qu\u2019il soit plac\u00e9 en attendant sous contr\u00f4le judiciaire et interdit de conduite.<\/p>\n<p class=\"paragraph text_align_left\">L\u2019accident est survenu samedi peu avant minuit, alors que le jeune homme roulait sur les rails du tramway, sur une des principales art\u00e8res de Grenoble.<\/p>\n<p>La crainte de se \u00ab faire lyncher \u00bb par la foule<\/p>\n<p class=\"paragraph text_align_left\">Lors de son audition, il a d\u00e9clar\u00e9 avoir \u00ab eu peur \u00bb apr\u00e8s avoir \u00e9t\u00e9 vis\u00e9 par des tirs de mortiers de la part des f\u00eatards qui avaient envahi l\u2019avenue, et avoir perdu le contr\u00f4le de la voiture. Il a justifi\u00e9 sa fuite initiale par la crainte de se \u00ab faire lyncher \u00bb par la foule.<\/p>\n<p class=\"lp-card-podcast-highlighting__title  lp-f-subtitle-05\">L\u2019enl\u00e8vement d\u2019\u00c9ric Peugeot, 4\u00a0ans, contre 1\u00a0million d\u2019euros (2\/2)<\/p>\n<p class=\"lp-card-podcast-highlighting__description lp-f-ui-05\">Crime story raconte chaque semaine les grandes affaires criminelles.<\/p>\n<p><a class=\"lp-card-podcast-highlighting__call-to-action\" data-page-type=\"HP\" data-block-name=\"podcast-highlight\">\u00c9couter<\/a><\/p>\n<p class=\"paragraph text_align_left\">Le procureur adjoint Fran\u00e7ois Touret-de-Coucy avait indiqu\u00e9 dimanche que les policiers, les sapeurs-pompiers et le SAMU intervenus sur l\u2019accident avaient fait l\u2019objet de \u00ab nombreux jets de projectiles \u00bb.<\/p>\n<p class=\"paragraph text_align_left\">Pour s\u00e9curiser les secours, les policiers avaient d\u00fb recourir \u00e0 des grenades et tirs de LBD, ainsi qu\u2019\u00e0 des chiens &#8211; musel\u00e9s et d\u00e9musel\u00e9s. Aucun fonctionnaire n\u2019a \u00e9t\u00e9 bless\u00e9.<\/p>\n","protected":false},"excerpt":{"rendered":"Il affirme avoir perdu le contr\u00f4le de la voiture, alors qu\u2019il roulait sur les rails du tramway, sur&hellip;\n","protected":false},"author":2,"featured_media":147174,"comment_status":"","ping_status":"","sticky":false,"template":"","format":"standard","meta":{"footnotes":""},"categories":[9566],"tags":[1111,11,2430,459,1777,674,118,1011,27,2731,12,25],"class_list":{"0":"post-147173","1":"post","2":"type-post","3":"status-publish","4":"format-standard","5":"has-post-thumbnail","7":"category-grenoble","8":"tag-actu","9":"tag-actualites","10":"tag-auvergne-rhone-alpes","11":"tag-departements-horsidfo","12":"tag-eu","13":"tag-europe","14":"tag-faits-divers","15":"tag-fr","16":"tag-france","17":"tag-grenoble","18":"tag-news","19":"tag-republique-francaise"},"share_on_mastodon":{"url":"https:\/\/pubeurope.com\/@fr\/114615508610270772","error":""},"_links":{"self":[{"href":"https:\/\/www.europesays.com\/fr\/wp-json\/wp\/v2\/posts\/147173","targetHints":{"allow":["GET"]}}],"collection":[{"href":"https:\/\/www.europesays.com\/fr\/wp-json\/wp\/v2\/posts"}],"about":[{"href":"https:\/\/www.europesays.com\/fr\/wp-json\/wp\/v2\/types\/post"}],"author":[{"embeddable":true,"href":"https:\/\/www.europesays.com\/fr\/wp-json\/wp\/v2\/users\/2"}],"replies":[{"embeddable":true,"href":"https:\/\/www.europesays.com\/fr\/wp-json\/wp\/v2\/comments?post=147173"}],"version-history":[{"count":0,"href":"https:\/\/www.europesays.com\/fr\/wp-json\/wp\/v2\/posts\/147173\/revisions"}],"wp:featuredmedia":[{"embeddable":true,"href":"https:\/\/www.europesays.com\/fr\/wp-json\/wp\/v2\/media\/147174"}],"wp:attachment":[{"href":"https:\/\/www.europesays.com\/fr\/wp-json\/wp\/v2\/media?parent=147173"}],"wp:term":[{"taxonomy":"category","embeddable":true,"href":"https:\/\/www.europesays.com\/fr\/wp-json\/wp\/v2\/categories?post=147173"},{"taxonomy":"post_tag","embeddable":true,"href":"https:\/\/www.europesays.com\/fr\/wp-json\/wp\/v2\/tags?post=147173"}],"curies":[{"name":"wp","href":"https:\/\/api.w.org\/{rel}","templated":true}]}}