{"id":147200,"date":"2025-06-02T20:04:09","date_gmt":"2025-06-02T20:04:09","guid":{"rendered":"https:\/\/www.europesays.com\/fr\/147200\/"},"modified":"2025-06-02T20:04:09","modified_gmt":"2025-06-02T20:04:09","slug":"une-grenade-et-300-munitions-decouvertes-dans-le-14e-arrondissement-de-marseille","status":"publish","type":"post","link":"https:\/\/www.europesays.com\/fr\/147200\/","title":{"rendered":"Une grenade et 300 munitions d\u00e9couvertes dans le 14e arrondissement de Marseille"},"content":{"rendered":"<p>M\u00e9dusante d\u00e9couverte pour un habitant du 14e arrondissement de Marseille dimanche soir dernier. Intrigu\u00e9 par un sac abandonn\u00e9 sur un parking, il l&rsquo;a ouvert&#8230; et promptement referm\u00e9 quand il s&rsquo;est aper\u00e7u de ce qu&rsquo;il contenait&#8230;<\/p>\n<p>Convaincu d&rsquo;\u00eatre tomb\u00e9 sur un <a href=\"https:\/\/www.laprovence.com\/article\/region\/4000461184512514\/armes-de-guerre-gros-calibres-et-balises-gps-au-pontet-un-veritable-arsenal-saisi-et-10-suspects-interpelles\" target=\"_blank\" rel=\"noopener\">arsenal de guerre<\/a>, le riverain a aussit\u00f4t pr\u00e9venu la police qui, \u00e0 son tour, s&rsquo;est empress\u00e9e d&rsquo;avertir les services de <a href=\"https:\/\/www.laprovence.com\/article\/sports\/18511105310902\/les-equipes-de-deminage-passent-au-peigne-3400-bateaux-amarres-dans-le-vieux-port\" target=\"_blank\" rel=\"noopener\">d\u00e9minage<\/a>. Et pour cause, puisque le sac contenait une grenade munie de son bouchon allumeur, mais aussi plusieurs centaines de munitions.<\/p>\n<p>Un arsenal de guerre<\/p>\n<p>Apr\u00e8s analyse, les d\u00e9mineurs auraient d\u00e9termin\u00e9 que la grenade \u00e0 fragmentation \u00e9tait inerte. Quant aux 300 munitions recens\u00e9es, il s&rsquo;agirait de divers calibres\u00a0: 9\u00a0mm, 7,62 et 22 long rifle, notamment. Des calibres de pistolets automatiques, armes de guerre de type <a href=\"https:\/\/www.laprovence.com\/article\/faits-divers-justice\/2081708607311814\/la-ciotat-un-homme-assassine-a-la-kalachnikov-en-bas-de-chez-lui\" target=\"_blank\" rel=\"noopener\">kalachnikov<\/a> et armes longues.<\/p>\n<p>L&rsquo;enqu\u00eate a \u00e9t\u00e9 confi\u00e9e \u00e0 la <a href=\"https:\/\/www.laprovence.com\/article\/faits-divers-justice\/2812191346555914\/reconvertis-dans-l-extorsion-les-narcos-marseillais-dans-le-viseur-de-la-brigade-de-repression-du-banditisme\" target=\"_blank\" rel=\"noopener\">BRB<\/a>, la brigade de r\u00e9pression du banditisme.<\/p>\n","protected":false},"excerpt":{"rendered":"M\u00e9dusante d\u00e9couverte pour un habitant du 14e arrondissement de Marseille dimanche soir dernier. Intrigu\u00e9 par un sac abandonn\u00e9&hellip;\n","protected":false},"author":2,"featured_media":147201,"comment_status":"","ping_status":"","sticky":false,"template":"","format":"standard","meta":{"footnotes":""},"categories":[2814],"tags":[7788,17,3743,1111,11,1446,27615,1777,674,274,1011,27,15974,884,27614,12,882,25,96],"class_list":{"0":"post-147200","1":"post","2":"type-post","3":"status-publish","4":"format-standard","5":"has-post-thumbnail","7":"category-marseille","8":"tag-14e","9":"tag-17","10":"tag-3743","11":"tag-actu","12":"tag-actualites","13":"tag-dans","14":"tag-decouvertes","15":"tag-eu","16":"tag-europe","17":"tag-faits-divers-justice","18":"tag-fr","19":"tag-france","20":"tag-grenade","21":"tag-marseille","22":"tag-munitions","23":"tag-news","24":"tag-provence-alpes-cote-dazur","25":"tag-republique-francaise","26":"tag-une"},"share_on_mastodon":{"url":"https:\/\/pubeurope.com\/@fr\/114615567414114127","error":""},"_links":{"self":[{"href":"https:\/\/www.europesays.com\/fr\/wp-json\/wp\/v2\/posts\/147200","targetHints":{"allow":["GET"]}}],"collection":[{"href":"https:\/\/www.europesays.com\/fr\/wp-json\/wp\/v2\/posts"}],"about":[{"href":"https:\/\/www.europesays.com\/fr\/wp-json\/wp\/v2\/types\/post"}],"author":[{"embeddable":true,"href":"https:\/\/www.europesays.com\/fr\/wp-json\/wp\/v2\/users\/2"}],"replies":[{"embeddable":true,"href":"https:\/\/www.europesays.com\/fr\/wp-json\/wp\/v2\/comments?post=147200"}],"version-history":[{"count":0,"href":"https:\/\/www.europesays.com\/fr\/wp-json\/wp\/v2\/posts\/147200\/revisions"}],"wp:featuredmedia":[{"embeddable":true,"href":"https:\/\/www.europesays.com\/fr\/wp-json\/wp\/v2\/media\/147201"}],"wp:attachment":[{"href":"https:\/\/www.europesays.com\/fr\/wp-json\/wp\/v2\/media?parent=147200"}],"wp:term":[{"taxonomy":"category","embeddable":true,"href":"https:\/\/www.europesays.com\/fr\/wp-json\/wp\/v2\/categories?post=147200"},{"taxonomy":"post_tag","embeddable":true,"href":"https:\/\/www.europesays.com\/fr\/wp-json\/wp\/v2\/tags?post=147200"}],"curies":[{"name":"wp","href":"https:\/\/api.w.org\/{rel}","templated":true}]}}