{"id":147218,"date":"2025-06-02T20:16:09","date_gmt":"2025-06-02T20:16:09","guid":{"rendered":"https:\/\/www.europesays.com\/fr\/147218\/"},"modified":"2025-06-02T20:16:09","modified_gmt":"2025-06-02T20:16:09","slug":"dans-les-trois-ans-paris-gagnera-a-nouveau-la-ligue-des-champions-pourquoi-cette-equipe-va-durer","status":"publish","type":"post","link":"https:\/\/www.europesays.com\/fr\/147218\/","title":{"rendered":"\u00ab\u00a0Dans les trois ans, Paris gagnera \u00e0 nouveau la Ligue des champions\u00a0\u00bb\u00a0: pourquoi cette \u00e9quipe va durer"},"content":{"rendered":"<p class=\"paragraph text_align_left\"><a href=\"https:\/\/www.leparisien.fr\/sports\/football\/ligue-des-champions\/comme-mbappe-ronaldo-ou-messi-les-defenseurs-ne-vont-plus-le-lacher-doue-lacte-de-naissance-dun-crack-01-06-2025-2ZYDOWWPUFAH7DVMXA5KST3MPY.php\" target=\"_blank\" rel=\"noreferrer nofollow noopener\">D\u00e9sir\u00e9 Dou\u00e9<\/a>, le crack de l\u2019ultime rencontre europ\u00e9enne de clubs avec deux buts et une passe d\u00e9cisive, a 20 ans ce mardi, comme Jo\u00e3o Neves. Nuno Mendes et <a href=\"https:\/\/www.leparisien.fr\/sports\/football\/bradley-barcola\/\" target=\"_blank\" rel=\"noreferrer nofollow noopener\">Bradley Barcola<\/a> entrent dans la cat\u00e9gorie des 22 ans, 23 ans pour Willian Pacho, 23 ans pour Gon\u00e7alo Ramos. Les Titis Warren Za\u00efre-Emery, d\u00e9j\u00e0 install\u00e9, et <a href=\"https:\/\/www.leparisien.fr\/sports\/football\/ligue-des-champions\/le-psg-champion-deurope-ma-celebration-cetait-nimporte-quoi-reconnait-senny-mayulu-01-06-2025-PY2GNPJWCNADHG3T3V5AMROIDQ.php\" target=\"_blank\" rel=\"noreferrer nofollow noopener\">Senny Mayulu<\/a> n\u2019ont que 19 ans. Les plus cap\u00e9s ne sont pas encore \u00e0 la retraite : Marquinhos, 31 ans ; Fabian Ruiz, 29 ans ; <a href=\"https:\/\/www.leparisien.fr\/sports\/tennis\/roland-garros\/ici-cest-paris-quand-ousmane-dembele-ramene-la-ligue-des-champions-du-psg-a-roland-garros-02-06-2025-JXMBQTFCOBARFOP6IA6BLXD2MM.php\" target=\"_blank\" rel=\"noreferrer nofollow noopener\">Ousmane Demb\u00e9l\u00e9<\/a>, 28 ans. Quant \u00e0 <a href=\"https:\/\/www.leparisien.fr\/sports\/football\/khvicha-kvaratskhelia\/\" target=\"_blank\" rel=\"noreferrer nofollow noopener\">Khvicha Kvaratskhelia<\/a>, la recrue d\u00e9cisive du mercato d\u2019hiver, il vient de passer les 24 ans. Ils sont engag\u00e9s pour la plupart jusqu\u2019en 2029.<\/p>\n","protected":false},"excerpt":{"rendered":"D\u00e9sir\u00e9 Dou\u00e9, le crack de l\u2019ultime rencontre europ\u00e9enne de clubs avec deux buts et une passe d\u00e9cisive, a&hellip;\n","protected":false},"author":2,"featured_media":147219,"comment_status":"","ping_status":"","sticky":false,"template":"","format":"standard","meta":{"footnotes":""},"categories":[1888],"tags":[11,1777,674,63,1011,27,447,12,626,25,60],"class_list":{"0":"post-147218","1":"post","2":"type-post","3":"status-publish","4":"format-standard","5":"has-post-thumbnail","7":"category-paris","8":"tag-actualites","9":"tag-eu","10":"tag-europe","11":"tag-football","12":"tag-fr","13":"tag-france","14":"tag-ligue-des-champions","15":"tag-news","16":"tag-paris","17":"tag-republique-francaise","18":"tag-sports"},"share_on_mastodon":{"url":"https:\/\/pubeurope.com\/@fr\/114615614415036633","error":""},"_links":{"self":[{"href":"https:\/\/www.europesays.com\/fr\/wp-json\/wp\/v2\/posts\/147218","targetHints":{"allow":["GET"]}}],"collection":[{"href":"https:\/\/www.europesays.com\/fr\/wp-json\/wp\/v2\/posts"}],"about":[{"href":"https:\/\/www.europesays.com\/fr\/wp-json\/wp\/v2\/types\/post"}],"author":[{"embeddable":true,"href":"https:\/\/www.europesays.com\/fr\/wp-json\/wp\/v2\/users\/2"}],"replies":[{"embeddable":true,"href":"https:\/\/www.europesays.com\/fr\/wp-json\/wp\/v2\/comments?post=147218"}],"version-history":[{"count":0,"href":"https:\/\/www.europesays.com\/fr\/wp-json\/wp\/v2\/posts\/147218\/revisions"}],"wp:featuredmedia":[{"embeddable":true,"href":"https:\/\/www.europesays.com\/fr\/wp-json\/wp\/v2\/media\/147219"}],"wp:attachment":[{"href":"https:\/\/www.europesays.com\/fr\/wp-json\/wp\/v2\/media?parent=147218"}],"wp:term":[{"taxonomy":"category","embeddable":true,"href":"https:\/\/www.europesays.com\/fr\/wp-json\/wp\/v2\/categories?post=147218"},{"taxonomy":"post_tag","embeddable":true,"href":"https:\/\/www.europesays.com\/fr\/wp-json\/wp\/v2\/tags?post=147218"}],"curies":[{"name":"wp","href":"https:\/\/api.w.org\/{rel}","templated":true}]}}