{"id":147220,"date":"2025-06-02T20:17:11","date_gmt":"2025-06-02T20:17:11","guid":{"rendered":"https:\/\/www.europesays.com\/fr\/147220\/"},"modified":"2025-06-02T20:17:11","modified_gmt":"2025-06-02T20:17:11","slug":"retrait-des-troupes-reconnaissance-du-donbass-ce-que-reclame-la-russie-pour-mettre-fin-a-la-guerre-en-ukraine-2","status":"publish","type":"post","link":"https:\/\/www.europesays.com\/fr\/147220\/","title":{"rendered":"Retrait des troupes, reconnaissance du Donbass&#8230; Ce que r\u00e9clame la Russie pour mettre fin \u00e0 la guerre en Ukraine"},"content":{"rendered":"<p><img decoding=\"async\" class=\"caas-img caas-lazy has-preview\" src=\"https:\/\/www.europesays.com\/fr\/wp-content\/uploads\/2025\/06\/c14e6ce51a22ad332016b46c4e384ef0.jpeg\"\/><\/p>\n<p>Des conditions drastiques. Dans un m\u00e9morandum <a data-i13n=\"cpos:1;pos:1\" href=\"https:\/\/www.bfmtv.com\/international\/europe\/ukraine\/direct-guerre-en-ukraine-nouveaux-pourparlers-en-turquie-la-russie-dit-avoir-abattu-162-drones-dans-la-nuit_LN-202506020176.html\" rel=\"nofollow noopener\" target=\"_blank\" data-ylk=\"slk:transmis \u00e0 Kiev ce lundi 2 juin en marge des pourparlers \u00e0 Istanbul;cpos:1;pos:1;elm:context_link;itc:0;sec:content-canvas\" class=\"link \">transmis \u00e0 Kiev ce lundi 2 juin en marge des pourparlers \u00e0 Istanbul<\/a> et publi\u00e9 par les agences de presse russes, la Russie a exig\u00e9 que Kiev retire ses troupes du front avant toute cessation des combats.<\/p>\n<p>Avant \u00ab\u00a0la mise en place d&rsquo;un cessez-le-feu de 30 jours\u00a0\u00bb, Moscou r\u00e9clame ainsi que l&rsquo;arm\u00e9e ukrainienne se retire des r\u00e9gions ukrainiennes partiellement occup\u00e9es par l&rsquo;arm\u00e9e russe et dont Vladimir Poutine a revendiqu\u00e9 l&rsquo;annexion en 2022: Donetsk, Lougansk, Zaporijia et Kherson.<\/p>\n<p>Reconnaissance \u00ab\u00a0internationale\u00a0\u00bb des annexions russes<\/p>\n<p>Ce m\u00e9morandum, qui d\u00e9finit aussi les exigences russes en vue d&rsquo;une fin du conflit en Ukraine, pr\u00e9voit une \u00ab\u00a0reconnaissance juridique internationale\u00a0\u00bb de ces r\u00e9gions et de la Crim\u00e9e annex\u00e9e en 2014 comme territoires russes.<\/p>\n<p>Il r\u00e9clame aussi la lev\u00e9e des sanctions \u00e9conomiques et que l&rsquo;Ukraine renonce \u00e0 r\u00e9clamer des r\u00e9parations \u00e0 la Russie, qui a lanc\u00e9 une offensive d&rsquo;ampleur contre son voisin en 2022.<\/p>\n<p>Figure aussi la \u00ab\u00a0neutralit\u00e9\u00a0\u00bb de l&rsquo;Ukraine et son renoncement \u00e0 int\u00e9grer des alliances militaires, alors que Kiev ambitionne de rejoindre l&rsquo;Otan. La taille de son arm\u00e9e doit aussi \u00eatre limit\u00e9e, selon Moscou.<\/p>\n<p>Ce document de trois pages publi\u00e9 par les agences \u00e9tatiques TASS et Ria Novosti mentionne aussi un arr\u00eat des livraisons d&rsquo;armes occidentales \u00e0 Kiev et la fin du partage de renseignements, ainsi qu&rsquo;une interdiction de d\u00e9ployer des armes nucl\u00e9aires en Ukraine.<\/p>\n<p>Il pr\u00e9voit aussi que l&rsquo;Ukraine lib\u00e8re les \u00ab\u00a0prisonniers politiques\u00a0\u00bb, militaires et civils qu&rsquo;elle d\u00e9tient, ainsi que son engagement \u00e0 respecter \u00ab\u00a0les droits, libert\u00e9s et int\u00e9r\u00eats des russophones\u00a0\u00bb sur son territoire.<\/p>\n<p>Faisant \u00e9cho \u00e0 la volont\u00e9 affich\u00e9e de Moscou de \u00ab\u00a0d\u00e9nazifier\u00a0\u00bb son voisin, le document pr\u00e9voit la dissolution des \u00ab\u00a0formations nationalistes ukrainiennes\u00a0\u00bb au sein des forces arm\u00e9es. Ces demandes maximalistes ont d\u00e9j\u00e0 \u00e9t\u00e9 \u00e0 plusieurs reprises rejet\u00e9es par l&rsquo;Ukraine par le pass\u00e9.<\/p>\n<p>Ce lundi \u00e0 Istanbul, la d\u00e9l\u00e9gation russe a <a data-i13n=\"cpos:2;pos:1\" href=\"https:\/\/fr.news.yahoo.com\/guerre-ukraine-cessez-feu-%C3%A9change-151239184.html\" data-ylk=\"slk:refus\u00e9 l&#039;offre de cessez-le-feu global mise sur la table par Kiev;cpos:2;pos:1;elm:context_link;itc:0;sec:content-canvas;outcm:mb_qualified_link;_E:mb_qualified_link;ct:story;\" class=\"link  yahoo-link\" target=\"_blank\" rel=\"noopener\">refus\u00e9 l&rsquo;offre de cessez-le-feu global mise sur la table par Kiev<\/a> et propos\u00e9 \u00e0 la place une tr\u00eave partielle sur \u00ab\u00a0deux \u00e0 trois jours\u00a0\u00bb et uniquement sur \u00ab\u00a0certaines zones du front\u00a0\u00bb.<\/p>\n<p><a data-i13n=\"cpos:3;pos:1\" href=\"https:\/\/www.bfmtv.com\/international\/asie\/russie\/retrait-des-troupes-reconnaissance-du-donbass-ce-que-reclame-la-russie-pour-fin-a-la-guerre-en-ukraine_AP-202506020727.html#xtor=AL-68\" rel=\"nofollow noopener\" target=\"_blank\" data-ylk=\"slk:Article original publi\u00e9 sur BFMTV.com;cpos:3;pos:1;elm:context_link;itc:0;sec:content-canvas\" class=\"link \">Article original publi\u00e9 sur BFMTV.com<\/a><\/p>\n","protected":false},"excerpt":{"rendered":"Des conditions drastiques. Dans un m\u00e9morandum transmis \u00e0 Kiev ce lundi 2 juin en marge des pourparlers \u00e0&hellip;\n","protected":false},"author":2,"featured_media":147221,"comment_status":"","ping_status":"","sticky":false,"template":"","format":"standard","meta":{"footnotes":""},"categories":[1591],"tags":[11,1887,5886,11229,5493,1916,12,1885,1886,132,220,135],"class_list":{"0":"post-147220","1":"post","2":"type-post","3":"status-publish","4":"format-standard","5":"has-post-thumbnail","7":"category-russie","8":"tag-actualites","9":"tag-federation-de-russie","10":"tag-istanbul","11":"tag-kiev","12":"tag-lukraine","13":"tag-moscou","14":"tag-news","15":"tag-russia","16":"tag-russian-federation","17":"tag-russie","18":"tag-ukraine","19":"tag-vladimir-poutine"},"share_on_mastodon":{"url":"https:\/\/pubeurope.com\/@fr\/114615618390752071","error":""},"_links":{"self":[{"href":"https:\/\/www.europesays.com\/fr\/wp-json\/wp\/v2\/posts\/147220","targetHints":{"allow":["GET"]}}],"collection":[{"href":"https:\/\/www.europesays.com\/fr\/wp-json\/wp\/v2\/posts"}],"about":[{"href":"https:\/\/www.europesays.com\/fr\/wp-json\/wp\/v2\/types\/post"}],"author":[{"embeddable":true,"href":"https:\/\/www.europesays.com\/fr\/wp-json\/wp\/v2\/users\/2"}],"replies":[{"embeddable":true,"href":"https:\/\/www.europesays.com\/fr\/wp-json\/wp\/v2\/comments?post=147220"}],"version-history":[{"count":0,"href":"https:\/\/www.europesays.com\/fr\/wp-json\/wp\/v2\/posts\/147220\/revisions"}],"wp:featuredmedia":[{"embeddable":true,"href":"https:\/\/www.europesays.com\/fr\/wp-json\/wp\/v2\/media\/147221"}],"wp:attachment":[{"href":"https:\/\/www.europesays.com\/fr\/wp-json\/wp\/v2\/media?parent=147220"}],"wp:term":[{"taxonomy":"category","embeddable":true,"href":"https:\/\/www.europesays.com\/fr\/wp-json\/wp\/v2\/categories?post=147220"},{"taxonomy":"post_tag","embeddable":true,"href":"https:\/\/www.europesays.com\/fr\/wp-json\/wp\/v2\/tags?post=147220"}],"curies":[{"name":"wp","href":"https:\/\/api.w.org\/{rel}","templated":true}]}}