{"id":147230,"date":"2025-06-02T20:22:10","date_gmt":"2025-06-02T20:22:10","guid":{"rendered":"https:\/\/www.europesays.com\/fr\/147230\/"},"modified":"2025-06-02T20:22:10","modified_gmt":"2025-06-02T20:22:10","slug":"le-chef-de-lotan-affirme-que-larmee-americaine-restera-stationnee-en-europe","status":"publish","type":"post","link":"https:\/\/www.europesays.com\/fr\/147230\/","title":{"rendered":"Le chef de l&rsquo;OTAN affirme que l&rsquo;arm\u00e9e am\u00e9ricaine restera stationn\u00e9e en Europe"},"content":{"rendered":"<p>\n         Publi\u00e9 le<br \/>\n            02\/06\/2025 &#8211; 21:31 UTC+2<\/p>\n<p><img decoding=\"async\" class=\"c-ad__placeholder__logo\" src=\"https:\/\/www.europesays.com\/fr\/wp-content\/uploads\/2025\/03\/logo-euronews-grey-6-180x22.svg.svg+xml\" width=\"180\" height=\"22\" alt=\"\" loading=\"lazy\"\/>PUBLICIT\u00c9<\/p>\n<p>Le secr\u00e9taire g\u00e9n\u00e9ral de l&rsquo;OTAN, Mark Rutte, a d\u00e9menti lundi que les \u00c9tats-Unis pourraient reconsid\u00e9rer leur pr\u00e9sence militaire sur le continent, affirmant au contraire que Washington maintiendrait un d\u00e9ploiement \u00ab\u00a0conventionnel tr\u00e8s fort\u00a0\u00bb en Europe.<\/p>\n<p>\u00ab\u00a0Ce que nous savons, c&rsquo;est que les \u00c9tats-Unis, outre l&rsquo;Europe, doivent bien s\u00fbr s&rsquo;occuper du Moyen-Orient et de l&rsquo;Indo-Pacifique, et il est tout \u00e0 fait logique qu&rsquo;au fil du temps, \u00e0 mesure que nous nous renfor\u00e7ons, les \u00c9tats-Unis se tournent de plus en plus vers l&rsquo;Asie\u00a0\u00bb, a d\u00e9clar\u00e9 Mark Rutte lors d&rsquo;une conf\u00e9rence de presse \u00e0 Vilnius lundi.<\/p>\n<p>\u00ab\u00a0Mais je suis convaincu qu&rsquo;il y aura une tr\u00e8s forte pr\u00e9sence conventionnelle am\u00e9ricaine en Europe, \u00e0 c\u00f4t\u00e9 de la pr\u00e9sence nucl\u00e9aire\u00a0\u00bb, a ajout\u00e9 le chef de l&rsquo;OTAN, qui s&rsquo;exprimait en marge d&rsquo;un sommet dans la capitale lituanienne avec les Neuf de Bucarest (B9) et les pays nordiques.<\/p>\n<p>Plus de 80 000 militaires am\u00e9ricains stationn\u00e9s en Europe<\/p>\n<p>La d\u00e9claration de Mark Rutte vise \u00e0 apaiser les craintes &#8211; encourag\u00e9es notamment par les <a href=\"https:\/\/fr.euronews.com\/my-europe\/2025\/05\/31\/la-russie-se-moque-des-etats-unis-declare-le-ministre-lituanien-de-la-defense-a-euronews\" target=\"_blank\" rel=\"noopener\"><strong>pourparlers entre les \u00c9tats-Unis et la Russie<\/strong><\/a> visant \u00e0 mettre fin \u00e0 l&rsquo;invasion de l&rsquo;Ukraine &#8211; que l&rsquo;administration Trump r\u00e9duise ou retire ses troupes en Europe.<\/p>\n<p>En f\u00e9vrier dernier, le secr\u00e9taire am\u00e9ricain \u00e0 la D\u00e9fense, Pete Hegseth, a averti les Europ\u00e9ens lors d&rsquo;<a href=\"https:\/\/fr.euronews.com\/my-europe\/2025\/02\/15\/le-secretaire-americain-a-la-defense-fait-leloge-de-la-pologne-un-allie-exemplaire-de-lota\" target=\"_blank\" rel=\"noopener\"><strong>une visite en Pologne<\/strong><\/a> que les troupes am\u00e9ricaines sur le continent \u00e9taient \u00ab\u00a0importantes\u00a0\u00bb et qu&rsquo;ils ne \u00ab\u00a0pouvaient pas supposer que la pr\u00e9sence am\u00e9ricaine durera \u00e9ternellement\u00a0\u00bb.<\/p>\n<p>Les \u00c9tats-Unis comptaient pr\u00e8s de 84 000 militaires en Europe au d\u00e9but de l&rsquo;ann\u00e9e 2025, selon un rapport du Council on Foreign Relations, qui pr\u00e9cise \u00e9galement qu&rsquo;au cours de l&rsquo;invasion de l&rsquo;Ukraine par la Russie, qui en est \u00e0 sa quatri\u00e8me ann\u00e9e, le nombre total de troupes a oscill\u00e9 entre environ 75 000 et 105 000.<\/p>\n<p>\u00c0 Vilnius, le pr\u00e9sident lituanien Gitanas Naus\u0117da a fait \u00e9cho aux remarques de Mark Rutte, d\u00e9clarant qu&rsquo;il n&rsquo;avait re\u00e7u aucune indication d&rsquo;un retrait ou d&rsquo;une r\u00e9duction des troupes am\u00e9ricaines en Europe.<\/p>\n<p>Gitanas Naus\u0117da affirme qu&rsquo;environ 1 000 soldats am\u00e9ricains se trouvent \u00ab\u00a0aux c\u00f4t\u00e9s des soldats allemands, norv\u00e9giens et de la pr\u00e9sence avanc\u00e9e renforc\u00e9e de l&rsquo;OTAN\u00a0\u00bb, qui comprend des groupements tactiques en Estonie, en Lettonie, en Lituanie et en Pologne.<\/p>\n<p>\u00ab\u00a0Nous sommes pr\u00eats \u00e0 augmenter ce nombre si l&rsquo;administration am\u00e9ricaine fait preuve de volont\u00e9 politique\u00a0\u00bb, a ajout\u00e9 le pr\u00e9sident lituanien.<\/p>\n","protected":false},"excerpt":{"rendered":"Publi\u00e9 le 02\/06\/2025 &#8211; 21:31 UTC+2 PUBLICIT\u00c9 Le secr\u00e9taire g\u00e9n\u00e9ral de l&rsquo;OTAN, Mark Rutte, a d\u00e9menti lundi que&hellip;\n","protected":false},"author":2,"featured_media":147231,"comment_status":"","ping_status":"","sticky":false,"template":"","format":"standard","meta":{"footnotes":""},"categories":[1586],"tags":[11,75,1866,1777,674,1011,27,2050,2287,12,136,25,132],"class_list":{"0":"post-147230","1":"post","2":"type-post","3":"status-publish","4":"format-standard","5":"has-post-thumbnail","7":"category-europe","8":"tag-actualites","9":"tag-donald-trump","10":"tag-etats-unis-damerique","11":"tag-eu","12":"tag-europe","13":"tag-fr","14":"tag-france","15":"tag-lituanie","16":"tag-mark-rutte","17":"tag-news","18":"tag-otan","19":"tag-republique-francaise","20":"tag-russie"},"share_on_mastodon":{"url":"https:\/\/pubeurope.com\/@fr\/114615638237289040","error":""},"_links":{"self":[{"href":"https:\/\/www.europesays.com\/fr\/wp-json\/wp\/v2\/posts\/147230","targetHints":{"allow":["GET"]}}],"collection":[{"href":"https:\/\/www.europesays.com\/fr\/wp-json\/wp\/v2\/posts"}],"about":[{"href":"https:\/\/www.europesays.com\/fr\/wp-json\/wp\/v2\/types\/post"}],"author":[{"embeddable":true,"href":"https:\/\/www.europesays.com\/fr\/wp-json\/wp\/v2\/users\/2"}],"replies":[{"embeddable":true,"href":"https:\/\/www.europesays.com\/fr\/wp-json\/wp\/v2\/comments?post=147230"}],"version-history":[{"count":0,"href":"https:\/\/www.europesays.com\/fr\/wp-json\/wp\/v2\/posts\/147230\/revisions"}],"wp:featuredmedia":[{"embeddable":true,"href":"https:\/\/www.europesays.com\/fr\/wp-json\/wp\/v2\/media\/147231"}],"wp:attachment":[{"href":"https:\/\/www.europesays.com\/fr\/wp-json\/wp\/v2\/media?parent=147230"}],"wp:term":[{"taxonomy":"category","embeddable":true,"href":"https:\/\/www.europesays.com\/fr\/wp-json\/wp\/v2\/categories?post=147230"},{"taxonomy":"post_tag","embeddable":true,"href":"https:\/\/www.europesays.com\/fr\/wp-json\/wp\/v2\/tags?post=147230"}],"curies":[{"name":"wp","href":"https:\/\/api.w.org\/{rel}","templated":true}]}}