{"id":147280,"date":"2025-06-02T20:53:18","date_gmt":"2025-06-02T20:53:18","guid":{"rendered":"https:\/\/www.europesays.com\/fr\/147280\/"},"modified":"2025-06-02T20:53:18","modified_gmt":"2025-06-02T20:53:18","slug":"nancy-un-marche-local-sinstalle-les-vendredis-au-parc-sainte-marie","status":"publish","type":"post","link":"https:\/\/www.europesays.com\/fr\/147280\/","title":{"rendered":"Nancy. Un march\u00e9 local s\u2019installe les vendredis au parc Sainte-Marie"},"content":{"rendered":"<p>Des projets\u00a0? L\u2019atelier de vie de quartier Mon D\u00e9sert \u2013 Jeanne d\u2019Arc \u2013 Saurupt \u2013 Clemenceau en a plein les poches et en proposent d\u2019ailleurs lors des campagnes de <a href=\"https:\/\/www.estrepublicain.fr\/economie\/2024\/11\/19\/budget-participatif-2025-l-appel-a-projets-demarre-ce-mercredi\" target=\"_blank\" rel=\"noopener\">budget participatif.<\/a> \u00a0B\u00e9n\u00e9vole active de cette association, <a href=\"https:\/\/www.estrepublicain.fr\/loisirs\/2011\/12\/08\/francoise-algros\" target=\"_blank\" rel=\"noopener\">Fran\u00e7oise Algros<\/a> \u00e9num\u00e8re\u00a0: \u00ab\u00a0On aurait aussi souhait\u00e9 l\u2019agrandissement et la r\u00e9novation de l\u2019aire de jeu du parc Sainte-Marie. Le projet n\u2019a pas \u00e9t\u00e9 retenu, notamment \u00e0 cause d\u2019une \u00e9tude n\u00e9cessaire sur <a href=\"https:\/\/www.estrepublicain.fr\/environnement\/2025\/05\/11\/le-point-sur-les-crapauds-accoucheurs-du-parc-sainte-marie\" target=\"_blank\" rel=\"noopener\">les alytes accoucheurs,<\/a> estim\u00e9e \u00e0 400\u00a0000\u00a0\u20ac\u2026 \u00bb<\/p>\n<p>Une somme hors de propos pour le budget participatif, <a href=\"https:\/\/www.estrepublicain.fr\/culture-loisirs\/2025\/04\/29\/budget-participatif-les-votes-sont-ouverts\" target=\"_blank\" rel=\"noopener\">dont l\u2019enveloppe globale pour 2025 s\u2019\u00e9l\u00e8ve \u00e0 1,2M\u20ac.<\/a><\/p>\n<p>D\u2019une enveloppe de 80\u00a0000\u00a0\u20ac, le projet pr\u00e9sent\u00e9 au <a href=\"https:\/\/www.estrepublicain.fr\/politique\/2024\/06\/15\/les-projets-du-budget-participatif-2024\" target=\"_blank\" rel=\"noopener\">budget participatif 2024<\/a> pour l\u2019\u00e9laboration d\u2019un march\u00e9 local aux abords du parc Sainte-Marie a, lui, \u00e9t\u00e9 pl\u00e9biscit\u00e9 par les riverains et valid\u00e9 par la municipalit\u00e9.<\/p>\n<p>Apr\u00e8s quelques travaux d\u2019am\u00e9nagement du c\u00f4t\u00e9 de l\u2019entr\u00e9e avenue Boffrand, avec notamment la r\u00e9novation du sol puis de r\u00e9centes installations d\u2019alimentation en \u00e9lectricit\u00e9 pour les futurs exposants, l\u2019espace est pr\u00eat pour accueillir cette nouvelle offre dans le quartier. L\u2019inauguration se tiendra ce vendredi 6\u00a0juin \u00e0 partir de 16\u00a0h. \u00ab\u00a0On ne veut surtout pas faire d\u2019ombre aux commerces environnants, mais que ce march\u00e9 soit un compl\u00e9ment pour l\u2019offre de quartier. Le choix s\u2019est port\u00e9 pour une pr\u00e9sence de ce march\u00e9 tous vendredis\u00a0\u00bb, reprend Fran\u00e7oise Algros.<\/p>\n<p>  Place rebaptis\u00e9e pour l\u2019inauguration<\/p>\n<p>Pour l\u2019heure, une quinzaine d\u2019exposants sont ainsi enregistr\u00e9s \u00e0 ce march\u00e9, mais tous ne prendront pas n\u00e9cessairement place tous les vendredis, entre 16\u00a0h et 20\u00a0h, comme <a href=\"https:\/\/www.estrepublicain.fr\/economie\/2023\/02\/01\/nancy-le-chef-etoile-de-la-maison-dans-le-parc-lance-son-foodtruck\" target=\"_blank\" rel=\"noopener\">le food-truck de la Maison dans le parc,<\/a> annonc\u00e9 de mani\u00e8re ponctuelle. Viande, l\u00e9gumes (bio pour certains), plantes aromatiques, pains, confitures, fromages, bi\u00e8res, boissons non alcoolis\u00e9es et miels sont ainsi annonc\u00e9s pour ce nouveau march\u00e9.<\/p>\n<p>\u00ab\u00a0Nous ne voulions pas n\u00e9cessairement un march\u00e9 totalement bio mais assur\u00e9ment de producteurs du coin pour favoriser le circuit court. Nous avons travaill\u00e9 en ce sens avec le service de commerce de la ville et nous avons profit\u00e9 de <a href=\"https:\/\/www.estrepublicain.fr\/culture-loisirs\/2025\/05\/04\/le-parc-sainte-marie-de-nancy-met-la-nature-en-fete\" target=\"_blank\" rel=\"noopener\">l\u2019\u00e9v\u00e9nement Nature en f\u00eate<\/a> pour nouer des contacts avec des exposants\u00a0\u00bb, reprend Fran\u00e7oise Algros.<\/p>\n<p>\ufeffLe jour de l\u2019inauguration, <a href=\"https:\/\/www.estrepublicain.fr\/politique\/2025\/05\/20\/sept-nouveaux-noms-de-rue-decides-en-conseil-municipal-l-abbe-pierre-efface\" target=\"_blank\" rel=\"noopener\">l\u2019espace sera rebaptis\u00e9 place Madeleine-Deville<\/a> (1880-1959) en hommage \u00e0 cette artiste et aquarelliste de l\u2019\u00c9cole de Nancy. Un pot sera propos\u00e9 par les exposants pour l\u2019occasion.<\/p>\n<p>        &#13;<br \/>\n          <a href=\"https:\/\/cdn-s-www.estrepublicain.fr\/images\/90609cef-b322-499b-87a9-d23eef6ba541\/NW_raw\/sous-la-halle-ouverte-de-l-octroi-le-premier-marche-issu-du-budget-participatif-a-vu-le-jour-en-2021-photo-bastien-sittler-1748882686.jpg\" title=\"Sous la halle ouverte de l\u2019Octroi, le premier march\u00e9 issu du budget participatif a vu le jour en 2021.\u00a0 Photo Bastien Sittler\" class=\"chocolat-image GA-tracking\" data-ga_type=\"click\" data-ga_category=\"D\u00e9tail\" data-ga_action=\"zoomer\" data-ga_label=\"agrandir image\" target=\"_blank\" rel=\"noopener\">&#13;<br \/>\n            <img loading=\"lazy\" decoding=\"async\" src=\"https:\/\/www.europesays.com\/fr\/wp-content\/uploads\/2025\/06\/sous-la-halle-ouverte-de-l-octroi-le-premier-marche-issu-du-budget-participatif-a-vu-le-jour-en-2021.jpeg\" alt=\"Sous la halle ouverte de l\u2019Octroi, le premier march\u00e9 issu du budget participatif a vu le jour en 2021.\u00a0 Photo Bastien Sittler\"\/>&#13;<br \/>\n          <\/a>&#13;<br \/>\n          &#13;<\/p>\n<p class=\"insetTitle\">Le sixi\u00e8me march\u00e9 \u00e0 Nancy et deuxi\u00e8me du budget participatif<\/p>\n<p>Des march\u00e9s quotidiens, dominicaux et hebdomadaires\u2026 En termes de proposition de produits alimentaires, le petit nouveau du parc Sainte-Marie \u00e9taye donc l\u2019offre nanc\u00e9ienne en qualit\u00e9 de march\u00e9 de quartiers.<\/p>\n<p>R\u00e9f\u00e9rences du secteur, le march\u00e9 central et celui d\u2019Haussonville (respectivement ouvert 6 jours et 4 jours\/7) sont naturellement les plus fr\u00e9quent\u00e9s lorsque le march\u00e9 du plateau de Haye, pas seulement alimentaire, et le march\u00e9 de la vieille ville r\u00e9cemment localis\u00e9 <a href=\"https:\/\/www.estrepublicain.fr\/culture-loisirs\/2025\/04\/14\/installe-depuis-six-mois-au-pied-de-la-basilique-saint-epvre-le-marche-de-la-ville-vieille-s-est-reduit-mais-apaise\" target=\"_blank\" rel=\"noopener\">aux abords de l\u2019\u00e9glise Saint-Epvre,<\/a> compl\u00e8tent l\u2019offre dominicale.<\/p>\n<p>Au m\u00eame titre que le tout nouveau march\u00e9 du parc Sainte-Marie, le march\u00e9 bio de l\u2019Octroi, du c\u00f4t\u00e9 des Rives de Meurthe est lui aussi issu du budget participatif. <a href=\"https:\/\/www.estrepublicain.fr\/economie\/2021\/06\/02\/projets-portes-par-les-citoyens-deux-concretisations\" target=\"_blank\" rel=\"noopener\">N\u00e9 en 2021, ce march\u00e9 bio est lui aussi propos\u00e9 tous les vendredis,<\/a> mais b\u00e9n\u00e9fice d\u2019une structure en dur.<\/p>\n","protected":false},"excerpt":{"rendered":"Des projets\u00a0? L\u2019atelier de vie de quartier Mon D\u00e9sert \u2013 Jeanne d\u2019Arc \u2013 Saurupt \u2013 Clemenceau en a&hellip;\n","protected":false},"author":2,"featured_media":147281,"comment_status":"","ping_status":"","sticky":false,"template":"","format":"standard","meta":{"footnotes":""},"categories":[9635],"tags":[1111,11,1687,1704,1777,674,1011,27,775,2089,1702,1703,12,25],"class_list":{"0":"post-147280","1":"post","2":"type-post","3":"status-publish","4":"format-standard","5":"has-post-thumbnail","7":"category-nancy","8":"tag-actu","9":"tag-actualites","10":"tag-culture-loisirs","11":"tag-edition-nancy-et-agglomeration","12":"tag-eu","13":"tag-europe","14":"tag-fr","15":"tag-france","16":"tag-grand-est","17":"tag-marche","18":"tag-nancy","19":"tag-nancy-ville-54b","20":"tag-news","21":"tag-republique-francaise"},"share_on_mastodon":{"url":"https:\/\/pubeurope.com\/@fr\/114615759938639796","error":""},"_links":{"self":[{"href":"https:\/\/www.europesays.com\/fr\/wp-json\/wp\/v2\/posts\/147280","targetHints":{"allow":["GET"]}}],"collection":[{"href":"https:\/\/www.europesays.com\/fr\/wp-json\/wp\/v2\/posts"}],"about":[{"href":"https:\/\/www.europesays.com\/fr\/wp-json\/wp\/v2\/types\/post"}],"author":[{"embeddable":true,"href":"https:\/\/www.europesays.com\/fr\/wp-json\/wp\/v2\/users\/2"}],"replies":[{"embeddable":true,"href":"https:\/\/www.europesays.com\/fr\/wp-json\/wp\/v2\/comments?post=147280"}],"version-history":[{"count":0,"href":"https:\/\/www.europesays.com\/fr\/wp-json\/wp\/v2\/posts\/147280\/revisions"}],"wp:featuredmedia":[{"embeddable":true,"href":"https:\/\/www.europesays.com\/fr\/wp-json\/wp\/v2\/media\/147281"}],"wp:attachment":[{"href":"https:\/\/www.europesays.com\/fr\/wp-json\/wp\/v2\/media?parent=147280"}],"wp:term":[{"taxonomy":"category","embeddable":true,"href":"https:\/\/www.europesays.com\/fr\/wp-json\/wp\/v2\/categories?post=147280"},{"taxonomy":"post_tag","embeddable":true,"href":"https:\/\/www.europesays.com\/fr\/wp-json\/wp\/v2\/tags?post=147280"}],"curies":[{"name":"wp","href":"https:\/\/api.w.org\/{rel}","templated":true}]}}