{"id":147298,"date":"2025-06-02T21:06:35","date_gmt":"2025-06-02T21:06:35","guid":{"rendered":"https:\/\/www.europesays.com\/fr\/147298\/"},"modified":"2025-06-02T21:06:35","modified_gmt":"2025-06-02T21:06:35","slug":"social-la-federation-cgt-de-la-metallurgie-en-congres-a-strasbourg-3","status":"publish","type":"post","link":"https:\/\/www.europesays.com\/fr\/147298\/","title":{"rendered":"Social. La f\u00e9d\u00e9ration CGT de la m\u00e9tallurgie en congr\u00e8s \u00e0 Strasbourg"},"content":{"rendered":"<p>La F\u00e9d\u00e9ration des travailleurs de la m\u00e9tallurgie CGT organise son congr\u00e8s f\u00e9d\u00e9ral du lundi 2\u00a0juin \u00e0 vendredi 6\u00a0juin au Palais des Congr\u00e8s de Strasbourg o\u00f9 sont attendus jusqu\u2019\u00e0 700 personnes venues de toute la France. Trois th\u00e9matiques seront au c\u0153ur des d\u00e9bats, indique un communiqu\u00e9 de presse\u00a0: l\u2019opposition syndicale aux id\u00e9es d\u2019extr\u00eame droite, les conditions d\u2019une pr\u00e9sence syndicale renforc\u00e9e dans les entreprises et la promotion d\u2019une vision d\u2019une industrie durable, \u00ab\u00a0cr\u00e9atrice d\u2019emplois de qualit\u00e9, \u00e9cologiquement responsable et socialement utile\u00a0\u00bb.<\/p>\n<p>Temps fort de ce congr\u00e8s, <a href=\"http:\/\/www.dna.fr\/p\/sophie-binet\" target=\"_blank\" rel=\"nofollow noopener\">Sophie Binet<\/a>, secr\u00e9taire g\u00e9n\u00e9rale de la CGT, interviendra le jeudi 5\u00a0juin en fin de matin\u00e9e. Les d\u00e9l\u00e9gu\u00e9s pr\u00e9sents prendront ensuite part \u00e0 une manifestation contre la r\u00e9forme des retraites pr\u00e9vue l\u2019apr\u00e8s-midi place de Bordeaux.<\/p>\n<p>\u00c0 l\u2019occasion de ce congr\u00e8s, le syndicat a organis\u00e9 une \u00ab\u00a0exposition industrielle\u00a0\u00bb mettant en lumi\u00e8re les savoir-faire des salari\u00e9s de la m\u00e9tallurgie.<\/p>\n","protected":false},"excerpt":{"rendered":"La F\u00e9d\u00e9ration des travailleurs de la m\u00e9tallurgie CGT organise son congr\u00e8s f\u00e9d\u00e9ral du lundi 2\u00a0juin \u00e0 vendredi 6\u00a0juin&hellip;\n","protected":false},"author":2,"featured_media":147299,"comment_status":"","ping_status":"","sticky":false,"template":"","format":"standard","meta":{"footnotes":""},"categories":[2820],"tags":[1111,11,2389,33,2880,1777,674,107,1011,27,775,693,12,25,801,640],"class_list":{"0":"post-147298","1":"post","2":"type-post","3":"status-publish","4":"format-standard","5":"has-post-thumbnail","7":"category-strasbourg","8":"tag-actu","9":"tag-actualites","10":"tag-alsace","11":"tag-economie","12":"tag-edition-strasbourg","13":"tag-eu","14":"tag-europe","15":"tag-fil-info","16":"tag-fr","17":"tag-france","18":"tag-grand-est","19":"tag-industrie","20":"tag-news","21":"tag-republique-francaise","22":"tag-social","23":"tag-strasbourg"},"share_on_mastodon":{"url":"https:\/\/pubeurope.com\/@fr\/114615811023125024","error":""},"_links":{"self":[{"href":"https:\/\/www.europesays.com\/fr\/wp-json\/wp\/v2\/posts\/147298","targetHints":{"allow":["GET"]}}],"collection":[{"href":"https:\/\/www.europesays.com\/fr\/wp-json\/wp\/v2\/posts"}],"about":[{"href":"https:\/\/www.europesays.com\/fr\/wp-json\/wp\/v2\/types\/post"}],"author":[{"embeddable":true,"href":"https:\/\/www.europesays.com\/fr\/wp-json\/wp\/v2\/users\/2"}],"replies":[{"embeddable":true,"href":"https:\/\/www.europesays.com\/fr\/wp-json\/wp\/v2\/comments?post=147298"}],"version-history":[{"count":0,"href":"https:\/\/www.europesays.com\/fr\/wp-json\/wp\/v2\/posts\/147298\/revisions"}],"wp:featuredmedia":[{"embeddable":true,"href":"https:\/\/www.europesays.com\/fr\/wp-json\/wp\/v2\/media\/147299"}],"wp:attachment":[{"href":"https:\/\/www.europesays.com\/fr\/wp-json\/wp\/v2\/media?parent=147298"}],"wp:term":[{"taxonomy":"category","embeddable":true,"href":"https:\/\/www.europesays.com\/fr\/wp-json\/wp\/v2\/categories?post=147298"},{"taxonomy":"post_tag","embeddable":true,"href":"https:\/\/www.europesays.com\/fr\/wp-json\/wp\/v2\/tags?post=147298"}],"curies":[{"name":"wp","href":"https:\/\/api.w.org\/{rel}","templated":true}]}}