{"id":147312,"date":"2025-06-02T21:13:12","date_gmt":"2025-06-02T21:13:12","guid":{"rendered":"https:\/\/www.europesays.com\/fr\/147312\/"},"modified":"2025-06-02T21:13:12","modified_gmt":"2025-06-02T21:13:12","slug":"girondins-pourquoi-oliver-kahn-a-finalement-dit-non-a-bordeaux","status":"publish","type":"post","link":"https:\/\/www.europesays.com\/fr\/147312\/","title":{"rendered":"Girondins : pourquoi Oliver Kahn a finalement dit non \u00e0 Bordeaux ?"},"content":{"rendered":"<p><img decoding=\"async\" src=\"https:\/\/www.europesays.com\/fr\/wp-content\/uploads\/2025\/05\/671_cc91e02b0e17eafc52aa7182acb917b1.jpg\" alt=\"Girondins : pourquoi Oliver Kahn a finalement dit non \u00e0 Bordeaux ?\" class=\"img-responsive mt-3\"\/><\/p>\n<p class=\"text-center mb-3\" style=\"font-size: 14px\">\u00a9 Iconsport<\/p>\n<p style=\"text-align: justify;\">C&rsquo;est la fin des espoirs pour les supporters des Girondins de Bordeaux qui voyaient dans l&rsquo;int\u00e9r\u00eat d&rsquo;Oliver Kahn pour le club une porte de sortie \u00e0 l&rsquo;\u00e8re G\u00e9rard Lopez \u00e0 Bordeaux.<\/p>\n<p><strong>Une data room qui fait peur ?<\/strong><\/p>\n<p style=\"text-align: justify;\">Apr\u00e8s avoir d\u00e9pos\u00e9 son offre de cession lundi 26 mai, l&rsquo;allemand aurait eu acc\u00e8s \u00e0 la data room (dossier qui contient les \u00e9l\u00e9ments financiers et juridique) ce qui a motiv\u00e9 son recul.<\/p>\n<p style=\"text-align: justify;\">En effet, selon L&rsquo;\u00c9quipe, \u00ab\u00a0cette d\u00e9cision aurait \u00e9t\u00e9 motiv\u00e9e par ce que le clan Kahn aurait d\u00e9couvert dans la data room mais aussi par les \u00e9l\u00e9ments qui n&rsquo;y figureraient pas.\u00a0\u00bb<\/p>\n<p style=\"text-align: justify;\">De plus, dans sa <a href=\"https:\/\/www.webgirondins.com\/actualite-girondins-girondins-oliver-kahn-renonce-a-bordeaux-et-s-adresse-aux-supporters-129291\" target=\"_blank\" rel=\"noopener\">lettre adress\u00e9e aux supporters des Girondins, Oliver Kahn<\/a> explique : \u00ab\u00a0au vu des informations financi\u00e8res, op\u00e9rationnelles et juridiques finalement partag\u00e9es avec nous \u00e0 la fin de la semaine derni\u00e8re, nous avons choisi de ne pas engager les quelques 50 millions d\u2019euros pr\u00e9vus dans notre plan afin de permettre au FCGB de retrouver la place qui lui appartient en Ligue 1.\u00a0\u00bb<\/p>\n<p><strong>Un club cribl\u00e9 de dettes<\/strong><\/p>\n<p style=\"text-align: justify;\">Avec une dette finale \u00e9valu\u00e9e \u00e0 26M\u20ac et des AGS \u00e0 r\u00e9gler de 6M\u20ac, l&rsquo;addition est sal\u00e9e pour un investisseur qui souhaite reprendre le club au Scapulaire.<\/p>\n<p style=\"text-align: justify;\">Maintenant, l&rsquo;homme d&rsquo;affaires G\u00e9rard Lopez est seul en lice pour piloter son plan de continuation du FCGB. Le tribunal de commerce doit l&rsquo;examiner, puis le valider ou l&rsquo;infirmer en audience le 13 juin prochain. Le calendrier reste donc inchang\u00e9.<\/p>\n<p style=\"text-align: justify;\">Lopez devra provisionner sur un compte 10 \u00e0 12 M\u20ac avant la fin du mois de juin afin de faire face au passif si son plan de continuation est valid\u00e9. Le rendez-vous devant la DNCG f\u00e9d\u00e9rale est pr\u00e9vue le 24 juin, il premettra de valider la participation des Girondins au championnat de National 2 pour la saison \u00e0 venir.<\/p>\n<p style=\"text-align: justify;\">Nous avons r\u00e9agi \u00e0 chaud \u00e0 cette information dans le Talk ce lundi soir sur WebGirondins. <strong><a href=\"https:\/\/www.youtube.com\/watch?v=yvIFAVXtylQ&amp;t=71s\" target=\"_blank\" rel=\"noopener\">C&rsquo;est \u00e0 regarder ici.<\/a><\/strong><\/p>\n<p>Ce navigateur ne supporte pas les iframes<\/p>\n<p>N.P<\/p>\n<p>\u00a0<\/p>\n","protected":false},"excerpt":{"rendered":"\u00a9 Iconsport C&rsquo;est la fin des espoirs pour les supporters des Girondins de Bordeaux qui voyaient dans l&rsquo;int\u00e9r\u00eat&hellip;\n","protected":false},"author":2,"featured_media":133643,"comment_status":"","ping_status":"","sticky":false,"template":"","format":"standard","meta":{"footnotes":""},"categories":[2817],"tags":[1111,11,1997,27637,3952,10511,1777,674,17515,1011,27,1987,4654,9865,12,2219,4653,471,7555,25,3467,1347],"class_list":{"0":"post-147312","1":"post","2":"type-post","3":"status-publish","4":"format-standard","5":"has-post-thumbnail","7":"category-bordeaux","8":"tag-actu","9":"tag-actualites","10":"tag-bordeaux","11":"tag-brutalement","12":"tag-coup","13":"tag-discussions","14":"tag-eu","15":"tag-europe","16":"tag-finalement","17":"tag-fr","18":"tag-france","19":"tag-girondins","20":"tag-kahn","21":"tag-lundi","22":"tag-news","23":"tag-nouvelle-aquitaine","24":"tag-oliver","25":"tag-pour","26":"tag-pourquoi","27":"tag-republique-francaise","28":"tag-soir","29":"tag-theatre"},"share_on_mastodon":{"url":"https:\/\/pubeurope.com\/@fr\/114615838515660614","error":""},"_links":{"self":[{"href":"https:\/\/www.europesays.com\/fr\/wp-json\/wp\/v2\/posts\/147312","targetHints":{"allow":["GET"]}}],"collection":[{"href":"https:\/\/www.europesays.com\/fr\/wp-json\/wp\/v2\/posts"}],"about":[{"href":"https:\/\/www.europesays.com\/fr\/wp-json\/wp\/v2\/types\/post"}],"author":[{"embeddable":true,"href":"https:\/\/www.europesays.com\/fr\/wp-json\/wp\/v2\/users\/2"}],"replies":[{"embeddable":true,"href":"https:\/\/www.europesays.com\/fr\/wp-json\/wp\/v2\/comments?post=147312"}],"version-history":[{"count":0,"href":"https:\/\/www.europesays.com\/fr\/wp-json\/wp\/v2\/posts\/147312\/revisions"}],"wp:featuredmedia":[{"embeddable":true,"href":"https:\/\/www.europesays.com\/fr\/wp-json\/wp\/v2\/media\/133643"}],"wp:attachment":[{"href":"https:\/\/www.europesays.com\/fr\/wp-json\/wp\/v2\/media?parent=147312"}],"wp:term":[{"taxonomy":"category","embeddable":true,"href":"https:\/\/www.europesays.com\/fr\/wp-json\/wp\/v2\/categories?post=147312"},{"taxonomy":"post_tag","embeddable":true,"href":"https:\/\/www.europesays.com\/fr\/wp-json\/wp\/v2\/tags?post=147312"}],"curies":[{"name":"wp","href":"https:\/\/api.w.org\/{rel}","templated":true}]}}