{"id":147315,"date":"2025-06-02T21:15:13","date_gmt":"2025-06-02T21:15:13","guid":{"rendered":"https:\/\/www.europesays.com\/fr\/147315\/"},"modified":"2025-06-02T21:15:13","modified_gmt":"2025-06-02T21:15:13","slug":"un-nouveau-parcours-a-ne-rien-y-comprendre","status":"publish","type":"post","link":"https:\/\/www.europesays.com\/fr\/147315\/","title":{"rendered":"un nouveau parcours \u00ab\u00a0\u00e0 ne rien y comprendre\u00a0\u00bb"},"content":{"rendered":"<p>            Par<br \/>\n        <strong><br \/>\n            <a href=\"https:\/\/actu.fr\/auteur\/lea-afonso\" title=\"Consulter tous les articles de L\u00e9a Afonso\" target=\"_blank\" rel=\"noopener\">L\u00e9a Afonso<\/a><br \/>\n        <\/strong><\/p>\n<p>        Publi\u00e9 le<\/p>\n<p>            2 juin 2025 \u00e0 18h46        <\/p>\n<p>Si les Toulousains \u00e9taient avertis, les quelques touristes sont quant \u00e0 eux, pris au d\u00e9pourvu\u2026 Depuis ce lundi 2 juin 2025 et pour un an, <a href=\"https:\/\/actu.fr\/occitanie\/toulouse_31555\/la-gare-de-toulouse-et-sa-station-de-metro-vont-etre-chamboulees-les-temps-de-correspondance-allonges_62482255.html\" target=\"_blank\" rel=\"noopener\">le <strong>passage souterrain<\/strong> entre la station de m\u00e9tro <strong>Marengo SNCF et la gare Matabiau est ferm\u00e9<\/strong><\/a> \u00e0 <a href=\"https:\/\/actu.fr\/toulouse\/\" target=\"_blank\" rel=\"noopener\">Toulouse<\/a>. Obligeant les passagers \u00e0 faire un <strong>d\u00e9tour par l\u2019ext\u00e9rieur<\/strong>. Une machine qu\u2019il faut encore mettre en route\u2026 Rencontres en chemin.<\/p>\n<p>Des voyageurs sur le fait accompli<\/p>\n<p class=\" wall-content\">Bien assis dans le m\u00e9tro, Mathieu et sa grosse valise grise n\u2019\u00e9taient pas pr\u00eats au p\u00e9riple qui les attendait. \u00ab\u2009Prochain arr\u00eat, Marengo SNCF\u2009\u00bb, annonce <a href=\"https:\/\/actu.fr\/occitanie\/toulouse_31555\/muriel-batbie-voix-du-metro-de-toulouse-on-venait-prendre-des-selfies-avec-moi_58438040.html\" target=\"_blank\" rel=\"noopener\">la voix du m\u00e9tro.<\/a> Le quadrag\u00e9naire se l\u00e8ve, se rapproche de la porte, puis sort. Direction l\u2019ascenseur. Mais quelle ne f\u00fbt pas sa surprise, arriv\u00e9 aux tourniquets sur le parvis de la station, de d\u00e9couvrir le passage souterrain amenant \u00e0 la gare\u2026 <strong>ferm\u00e9 par une palissade en bois !<\/strong> \u00ab\u2009Je ne dois pas \u00eatre le seul \u00e0 ne rien y comprendre\u2009\u00bb, rigole Mathieu avant de s\u2019adresser \u00e0 l\u2019agent <a href=\"https:\/\/actu.fr\/tag\/tisseo\" target=\"_blank\" rel=\"noopener\">Tiss\u00e9o<\/a> post\u00e9 devant le passage.<\/p>\n<p class=\" wall-content\">Ces agents positionn\u00e9s \u00e0 des endroits strat\u00e9giques seront pr\u00e9sents \u00ab\u00a0jusqu\u2019\u00e0 mi-juillet pour le Tour de France, puis reviendront lors des week-ends de grands d\u00e9parts en vacances\u00a0\u00bb, indique Tiss\u00e9o.<\/p>\n<p>    <img   decoding=\"async\" loading=\"lazy\" src=\"https:\/\/www.europesays.com\/fr\/wp-content\/uploads\/2025\/06\/img-2946-960x640.jpeg\" alt=\"Mathieu et sa grosse valise dans l'escalator, en direction de la sortie du m\u00e9tro \" width=\"960\" height=\"640\"\/><br \/>\n    Mathieu et sa grosse valise dans l\u2019escalator, en direction de la sortie du m\u00e9tro (\u00a9L\u00e9a Afonso \/ Actu Toulouse)<\/p>\n<p class=\" wall-content\">Et en effet, ce lundi 2 juin, premier jour du \u00ab\u00a0nouveau circuit\u00a0\u00bb, ils \u00e9taient beaucoup \u00e0 \u00eatre perdus\u2026 Certains munis de leurs grosses valises, d\u2019autres habitu\u00e9s du r\u00e9seau toulousain. Tous doivent prendre de nouvelles habitudes pour<strong> au moins une ann\u00e9e.<\/strong> Il faut d\u00e9sormais <strong>passer par l\u2019ext\u00e9rieur pour rejoindre la gare Matabiau.<\/strong><\/p>\n<p>O\u00f9 se trouve le chemin ?<br \/>\n    <img   decoding=\"async\" loading=\"lazy\" src=\"https:\/\/www.europesays.com\/fr\/wp-content\/uploads\/2025\/06\/img-2939-960x640.jpeg\" alt=\"Ce lundi 2 juin au matin, des agents indiquaient aux touristes et toulousains le trajet \u00e0 prendre pour rejoindre la gare Matabiau depuis la sortie du m\u00e9tro Marengo SNCF. Une signal\u00e9tique rose et bleu a quant \u00e0 elle \u00e9t\u00e9 mise en place \" width=\"960\" height=\"640\"\/><br \/>\n    Ce lundi 2 juin au matin, des agents indiquaient aux touristes et toulousains le trajet \u00e0 prendre pour rejoindre la gare Matabiau depuis la sortie du m\u00e9tro Marengo SNCF. Une signal\u00e9tique rose et bleu a, quant \u00e0 elle, \u00e9t\u00e9 mise en place (\u00a9L\u00e9a Afonso \/ Actu Toulouse)<\/p>\n<p class=\" wall-content\">Une fois les escalators gravis \u00e0 la sortie du m\u00e9tro \u2014 tous dirig\u00e9s dans le sens de la mont\u00e9e pour l\u2019occasion \u2014 la panique commence \u00e0 gagner certains voyageurs. Si ce lundi au matin, des <strong>agents Tiss\u00e9o indiquaient le chemin \u00e0 suivre<\/strong> pour rejoindre la gare, <strong>\u00e0 14h, les touristes sont livr\u00e9s \u00e0 eux-m\u00eames<\/strong>. Yeux riv\u00e9s sur la signal\u00e9tique rose et bleu, tous sont \u00e0 la recherche du bon trajet. Les uns s\u2019\u00e9nervent et tournent en rond, paniqu\u00e9s de rater leur train. Les autres restent rationnels et s\u2019\u00e9lancent sur le boulevard de Marengo, au-dessus des rails, en direction du boulevard Pierre Semard.<\/p>\n<p>    <a href=\"https:\/\/www.google.com\/maps\/embed?pb=!1m14!1m12!1m3!1d1444.4261344789813!2d1.454376196269125!3d43.60961747505606!2m3!1f0!2f0!3f0!3m2!1i1024!2i768!4f13.1!5e0!3m2!1sfr!2sfr!4v1748872978262!5m2!1sfr!2sfr\" title=\"Ouvrie le lien\" target=\"_blank\" rel=\"noopener\">Cliquez ici pour visualiser le contenu<\/a><\/p>\n<p class=\" wall-content\">Au sol, le trottoir \u2013 en travaux durant plusieurs semaines \u2013 a \u00e9t\u00e9 \u00e9largi et liss\u00e9 pour faciliter les trajets. Un tout <strong>nouveau parterre orang\u00e9<\/strong> attend les Toulousains. Des am\u00e9nagements r\u00e9alis\u00e9s pour faciliter les d\u00e9placements.<\/p>\n<p>Une navette d\u00e9ploy\u00e9e toutes les 15 minutes<\/p>\n<p class=\" wall-content\">Continuons notre chemin\u2009! Sur le pont qui enjambe la voie ferr\u00e9e, boulevard Marengo, Sh\u00e9h\u00e9razade tente de rejoindre le m\u00e9tro avec sa valise volumineuse. Fatigu\u00e9e, elle s\u2019arr\u00eate \u00e0 plusieurs reprises pour arriver \u00e0 bon port\u2009: \u00ab\u2009J\u2019ai du mal \u00e0 marcher. <strong>C\u2019est p\u00e9nible de devoir faire tout ce chemin \u00e0 pied\u2009\u00bb<\/strong>, se plaint-elle.<\/p>\n<p class=\" wall-content\">Dans une telle situation, Tiss\u00e9o a pr\u00e9vu le coup avec sa <a href=\"https:\/\/actu.fr\/occitanie\/toulouse_31555\/toulouse-un-nouvel-arret-de-bus-devant-la-gare-matabiau-qu-est-ce-que-c-est_62683035.html\" target=\"_blank\" rel=\"noopener\"><strong>navette Access,<\/strong><\/a> qui permet de <strong>relier les deux points cl\u00e9s<\/strong> de ces travaux. Au courant, Sh\u00e9h\u00e9razade a tout de m\u00eame pr\u00e9f\u00e9r\u00e9 marcher\u2009: \u00ab\u2009la navette venait de partir. Il fallait que j\u2019attende un moment avant la prochaine alors, je suis partie \u00e0 pied. Mais je le regrette\u2009!\u2009\u00bb, rigole-t-elle. Cette <strong>navette<\/strong> pr\u00e9vue <strong>toutes les 15\u00a0minutes<\/strong> \u00ab\u2009s\u2019adressera en priorit\u00e9 aux personnes \u00e0 mobilit\u00e9 r\u00e9duite\u2009\u00bb, tenait \u00e0 <a href=\"https:\/\/actu.fr\/occitanie\/toulouse_31555\/toulouse-un-nouvel-arret-de-bus-devant-la-gare-matabiau-qu-est-ce-que-c-est_62683035.html\" target=\"_blank\" rel=\"noopener\">rappeler Tiss\u00e9o dans un pr\u00e9c\u00e9dent article<\/a>.<\/p>\n<p class=\" wall-content\">Sinon, c\u2019est <strong>\u00e0 pied<\/strong> qu\u2019il faut se d\u00e9placer pour <strong>quelque 8 \u00e0 10\u00a0minutes de marche.<\/strong><\/p>\n<p>Arriv\u00e9e en gare<br \/>\n    <img   decoding=\"async\" loading=\"lazy\" src=\"https:\/\/www.europesays.com\/fr\/wp-content\/uploads\/2025\/06\/img-2952-960x640.jpeg\" alt=\"Des panneaux bloquant la descente au m\u00e9tro sur le parvis de la gare Matabiau \" width=\"960\" height=\"640\"\/><br \/>\n    Des panneaux bloquant la descente au m\u00e9tro sur le parvis de la gare Matabiau (\u00a9L\u00e9a Afonso \/ Actu Toulouse)<\/p>\n<p class=\" wall-content\">Sur le parvis de la gare Matabiau, des <strong>panneaux \u00ab\u2009de chantier\u2009\u00bb<\/strong> indiquent la fermeture de l\u2019acc\u00e8s au m\u00e9tro. Une interdiction pi\u00e9tonne dans un cercle rouge et un panneau \u00ab\u2009pi\u00e9tons traversez en face\u2009\u00bb barre l\u2019acc\u00e8s \u00e0 ceux qui voudraient rejoindre le m\u00e9tro. Des agents sont, ici aussi, post\u00e9s pour sensibiliser les voyageurs.<\/p>\n<p class=\" wall-content\">Malgr\u00e9 cela, <strong>quelques irr\u00e9ductibles tentent de passer<\/strong>. Un homme \u00e2g\u00e9 d\u2019une vingtaine d\u2019ann\u00e9es, voyant le passage ext\u00e9rieur ferm\u00e9, entre en gare. Il se dirige dans le souterrain sous les voies ferr\u00e9es, l\u00e0 o\u00f9 jusqu\u2019\u00e0 pr\u00e9sent, il \u00e9tait possible de rejoindre le m\u00e9tro. Mais l\u2019homme fini sa marche effr\u00e9n\u00e9e, face \u00e0 un mur provisoire, bloquant l\u2019acc\u00e8s au passage souterrain. \u00c9nerv\u00e9, il souffle et repart en direction du parvis pour passer vers l\u2019ext\u00e9rieur\u2026<\/p>\n<p>    <img   decoding=\"async\" loading=\"lazy\" src=\"https:\/\/www.europesays.com\/fr\/wp-content\/uploads\/2025\/06\/img-2955-960x640.jpeg\" alt=\"C\u00f4t\u00e9 gare, le souterrain est ouvert sous les voies ferr\u00e9es pour acc\u00e9der aux diff\u00e9rents quais mais se  termine par un tout nouveau mur indiquant la fermeture de la prolongation du tunnel jusqu'au m\u00e9tro\" width=\"960\" height=\"640\"\/><br \/>\n    C\u00f4t\u00e9 gare, le souterrain est ouvert sous les voies ferr\u00e9es pour acc\u00e9der aux diff\u00e9rents quais mais se termine par un tout nouveau mur indiquant la fermeture de la prolongation du tunnel jusqu\u2019au m\u00e9tro (\u00a9L\u00e9a Afonso \/ Actu Toulouse)\u00ab\u2009C\u2019est un coup \u00e0 prendre\u2009\u00bb<\/p>\n<p class=\" wall-content\">Bien que nouveau, ce cheminement n\u2019aura d\u2019autre choix que d\u2019entrer dans les habitudes des Toulousains. \u00ab\u2009On \u00e9tait surpris ce midi en arrivant et on a mis du temps \u00e0 comprendre comment rejoindre le m\u00e9tro, mais <strong>c\u2019est un coup \u00e0 prendre<\/strong>\u2009\u00bb, indiquent Ren\u00e9e et Edgard habitu\u00e9s de la gare toulousaine en provenance de Narbonne pour venir voir leurs petits enfants.<\/p>\n<p>    <img   decoding=\"async\" loading=\"lazy\" src=\"https:\/\/www.europesays.com\/fr\/wp-content\/uploads\/2025\/06\/img-2958-censored-960x640.jpg\" alt=\"Edgard et Ren\u00e9e, habitu\u00e9s de la gare toulousaine \u00e0 la recherche de leur parcours \" width=\"960\" height=\"640\"\/><br \/>\n    Edgard et Ren\u00e9e, habitu\u00e9s de la gare toulousaine, \u00e0 la recherche de leur parcours (\u00a9L\u00e9a Afonso \/ Actu Toulouse)<\/p>\n<p class=\" wall-content\">Suivez toute l\u2019actualit\u00e9 de vos villes et m\u00e9dias favoris en vous inscrivant \u00e0 <a href=\"https:\/\/moncompte.actu.fr\" title=\"D\u00e9couvez Mon Actu\" rel=\"nofollow noopener\" data-trk=\"{&quot;cta&quot;:{&quot;action&quot;:&quot;https:\\\/\\\/moncompte.actu.fr&quot;,&quot;category&quot;:&quot;mon compte&quot;,&quot;from&quot;:&quot;article footer&quot;,&quot;name&quot;:&quot;Mon actu&quot;,&quot;type&quot;:&quot;cta&quot;}}\" target=\"_blank\">Mon Actu<\/a>.<\/p>\n<ul class=\"ac-article-tag wall-content\">\n<li><a href=\"https:\/\/actu.fr\/tag\/ligne-c-du-metro-de-toulouse\" data-trk=\"{&quot;cta&quot;:{&quot;action&quot;:&quot;Ligne C du m\\u00e9tro de Toulouse&quot;,&quot;category&quot;:&quot;tag&quot;,&quot;from&quot;:&quot;article footer&quot;,&quot;name&quot;:&quot;Ligne C du m\\u00e9tro de Toulouse&quot;,&quot;type&quot;:&quot;cta&quot;}}\" target=\"_blank\" rel=\"noopener\">#Ligne C du m\u00e9tro de Toulouse<\/a><\/li>\n<li><a href=\"https:\/\/actu.fr\/tag\/sncf\" data-trk=\"{&quot;cta&quot;:{&quot;action&quot;:&quot;SNCF&quot;,&quot;category&quot;:&quot;tag&quot;,&quot;from&quot;:&quot;article footer&quot;,&quot;name&quot;:&quot;SNCF&quot;,&quot;type&quot;:&quot;cta&quot;}}\" target=\"_blank\" rel=\"noopener\">#SNCF<\/a><\/li>\n<\/ul>\n","protected":false},"excerpt":{"rendered":"Par L\u00e9a Afonso Publi\u00e9 le 2 juin 2025 \u00e0 18h46 Si les Toulousains \u00e9taient avertis, les quelques touristes&hellip;\n","protected":false},"author":2,"featured_media":147316,"comment_status":"","ping_status":"","sticky":false,"template":"","format":"standard","meta":{"footnotes":""},"categories":[2816],"tags":[1111,11,1777,674,1011,27,5224,12,2680,25,2215,104,2312],"class_list":{"0":"post-147315","1":"post","2":"type-post","3":"status-publish","4":"format-standard","5":"has-post-thumbnail","7":"category-toulouse","8":"tag-actu","9":"tag-actualites","10":"tag-eu","11":"tag-europe","12":"tag-fr","13":"tag-france","14":"tag-ligne-c-du-metro-de-toulouse","15":"tag-news","16":"tag-occitanie","17":"tag-republique-francaise","18":"tag-sncf","19":"tag-societe","20":"tag-toulouse"},"share_on_mastodon":{"url":"https:\/\/pubeurope.com\/@fr\/114615846530609996","error":""},"_links":{"self":[{"href":"https:\/\/www.europesays.com\/fr\/wp-json\/wp\/v2\/posts\/147315","targetHints":{"allow":["GET"]}}],"collection":[{"href":"https:\/\/www.europesays.com\/fr\/wp-json\/wp\/v2\/posts"}],"about":[{"href":"https:\/\/www.europesays.com\/fr\/wp-json\/wp\/v2\/types\/post"}],"author":[{"embeddable":true,"href":"https:\/\/www.europesays.com\/fr\/wp-json\/wp\/v2\/users\/2"}],"replies":[{"embeddable":true,"href":"https:\/\/www.europesays.com\/fr\/wp-json\/wp\/v2\/comments?post=147315"}],"version-history":[{"count":0,"href":"https:\/\/www.europesays.com\/fr\/wp-json\/wp\/v2\/posts\/147315\/revisions"}],"wp:featuredmedia":[{"embeddable":true,"href":"https:\/\/www.europesays.com\/fr\/wp-json\/wp\/v2\/media\/147316"}],"wp:attachment":[{"href":"https:\/\/www.europesays.com\/fr\/wp-json\/wp\/v2\/media?parent=147315"}],"wp:term":[{"taxonomy":"category","embeddable":true,"href":"https:\/\/www.europesays.com\/fr\/wp-json\/wp\/v2\/categories?post=147315"},{"taxonomy":"post_tag","embeddable":true,"href":"https:\/\/www.europesays.com\/fr\/wp-json\/wp\/v2\/tags?post=147315"}],"curies":[{"name":"wp","href":"https:\/\/api.w.org\/{rel}","templated":true}]}}