{"id":147322,"date":"2025-06-02T21:19:10","date_gmt":"2025-06-02T21:19:10","guid":{"rendered":"https:\/\/www.europesays.com\/fr\/147322\/"},"modified":"2025-06-02T21:19:10","modified_gmt":"2025-06-02T21:19:10","slug":"a-marseille-clara-yse-et-voyou-ont-cloture-en-beaute-le-festival-oh-les-beaux-jours","status":"publish","type":"post","link":"https:\/\/www.europesays.com\/fr\/147322\/","title":{"rendered":"\u00c0 Marseille, Clara Ys\u00e9 et Voyou ont cl\u00f4tur\u00e9 en beaut\u00e9 le festival Oh les beaux jours !"},"content":{"rendered":"<p>Rares sont les festivals qui osent \u00e0 ce point varier les plaisirs. Il y a eu, toute la semaine pass\u00e9e, de l\u2019humour, avec Fran\u00e7ois Morel, Charline Vanhoenacker, de la litt\u00e9rature avec Maylis de Kerangal, Bertrand Belin, Miguel Bonnefoy, L\u00e1szl\u00f3 Krasznahorkai, <a href=\"https:\/\/www.laprovence.com\/article\/region\/7821058582205614\/a-marseille-le-festival-de-litterature-oh-les-beaux-jours-se-decline-de-a-a-z-du-27-mai-au-1er-juin\" target=\"_blank\" rel=\"noopener\">Christiane Taubira<\/a>, Barbara Hendricks, Susie Morgenstern, de la musique avec la soir\u00e9e consacr\u00e9e \u00e0 <a href=\"https:\/\/www.laprovence.com\/article\/culture-loisirs\/82600340081541\/festival-oh-les-beaux-jours-mylene-farmer-mythe-au-zenith-de-la-criee\" target=\"_blank\" rel=\"noopener\">l\u2019ic\u00f4ne pop Myl\u00e8ne Farmer <\/a><a href=\"https:\/\/www.laprovence.com\/article\/culture-loisirs\/82600340081541\/festival-oh-les-beaux-jours-mylene-farmer-mythe-au-zenith-de-la-criee\" target=\"_blank\" rel=\"noopener\">La nuit Myl\u00e8ne<\/a>. Tout est chaos\u00a0?, des cr\u00e9ations pour la jeunesse\u2026<\/p>\n<p>Une pl\u00e9thore de rencontres et de performances, ouverte sur le monde et sur son temps donc, lors de cette 9e \u00e9dition du <a href=\"https:\/\/www.laprovence.com\/article\/culture-loisirs\/82600340081541\/festival-oh-les-beaux-jours-mylene-farmer-mythe-au-zenith-de-la-criee\" target=\"_blank\" rel=\"noopener\">festival Oh les beaux jours\u00a0!<\/a> qui vient de s\u2019achever. La manifestation s\u2019est termin\u00e9e dimanche 1er\u00a0juin par deux concerts au Mucem Fort Saint-Jean.<\/p>\n","protected":false},"excerpt":{"rendered":"Rares sont les festivals qui osent \u00e0 ce point varier les plaisirs. Il y a eu, toute la&hellip;\n","protected":false},"author":2,"featured_media":147323,"comment_status":"","ping_status":"","sticky":false,"template":"","format":"standard","meta":{"footnotes":""},"categories":[2814],"tags":[17,1111,11,2424,27638,22854,251,1777,674,1011,27,884,12,2537,882,25,27640,27639],"class_list":{"0":"post-147322","1":"post","2":"type-post","3":"status-publish","4":"format-standard","5":"has-post-thumbnail","7":"category-marseille","8":"tag-17","9":"tag-actu","10":"tag-actualites","11":"tag-beaute","12":"tag-clara","13":"tag-cloture","14":"tag-culture","15":"tag-eu","16":"tag-europe","17":"tag-fr","18":"tag-france","19":"tag-marseille","20":"tag-news","21":"tag-ont","22":"tag-provence-alpes-cote-dazur","23":"tag-republique-francaise","24":"tag-voyou","25":"tag-yse"},"share_on_mastodon":{"url":"https:\/\/pubeurope.com\/@fr\/114615862084405262","error":""},"_links":{"self":[{"href":"https:\/\/www.europesays.com\/fr\/wp-json\/wp\/v2\/posts\/147322","targetHints":{"allow":["GET"]}}],"collection":[{"href":"https:\/\/www.europesays.com\/fr\/wp-json\/wp\/v2\/posts"}],"about":[{"href":"https:\/\/www.europesays.com\/fr\/wp-json\/wp\/v2\/types\/post"}],"author":[{"embeddable":true,"href":"https:\/\/www.europesays.com\/fr\/wp-json\/wp\/v2\/users\/2"}],"replies":[{"embeddable":true,"href":"https:\/\/www.europesays.com\/fr\/wp-json\/wp\/v2\/comments?post=147322"}],"version-history":[{"count":0,"href":"https:\/\/www.europesays.com\/fr\/wp-json\/wp\/v2\/posts\/147322\/revisions"}],"wp:featuredmedia":[{"embeddable":true,"href":"https:\/\/www.europesays.com\/fr\/wp-json\/wp\/v2\/media\/147323"}],"wp:attachment":[{"href":"https:\/\/www.europesays.com\/fr\/wp-json\/wp\/v2\/media?parent=147322"}],"wp:term":[{"taxonomy":"category","embeddable":true,"href":"https:\/\/www.europesays.com\/fr\/wp-json\/wp\/v2\/categories?post=147322"},{"taxonomy":"post_tag","embeddable":true,"href":"https:\/\/www.europesays.com\/fr\/wp-json\/wp\/v2\/tags?post=147322"}],"curies":[{"name":"wp","href":"https:\/\/api.w.org\/{rel}","templated":true}]}}