{"id":147324,"date":"2025-06-02T21:20:22","date_gmt":"2025-06-02T21:20:22","guid":{"rendered":"https:\/\/www.europesays.com\/fr\/147324\/"},"modified":"2025-06-02T21:20:22","modified_gmt":"2025-06-02T21:20:22","slug":"chez-santevet-on-ne-reviendra-en-arriere-pour-rien-au-monde","status":"publish","type":"post","link":"https:\/\/www.europesays.com\/fr\/147324\/","title":{"rendered":"chez Sant\u00e9vet, \u00ab\u00a0on ne reviendra en arri\u00e8re pour rien au monde\u00a0\u00bb"},"content":{"rendered":"<p>Install\u00e9s au dernier \u00e9tage de l\u2019ancien garage Citro\u00ebn, dans le 7\u1d49 arrondissement de Lyon, les locaux de Sant\u00e9vet ressemblent \u00e0 un open space moderne, \u00e0 premi\u00e8re vue des plus classiques. Mais en y regardant de plus pr\u00e8s, un d\u00e9tail interpelle\u00a0: certains collaborateurs sont accompagn\u00e9s de leurs boules de poils.<\/p>\n<p>Car chez Sant\u00e9vet, soci\u00e9t\u00e9 lyonnaise sp\u00e9cialis\u00e9e dans l\u2019assurance sant\u00e9 animale et le remboursement des frais v\u00e9t\u00e9rinaires, les animaux sont officiellement accept\u00e9s dans les bureaux depuis 2018, gr\u00e2ce \u00e0 la mise en place d\u2019une charte \u00ab\u00a0pet-at-work\u00a0\u00bb. \u00ab\u00a0Nous avions m\u00eame une personne qui&#8230;<\/p>\n","protected":false},"excerpt":{"rendered":"Install\u00e9s au dernier \u00e9tage de l\u2019ancien garage Citro\u00ebn, dans le 7\u1d49 arrondissement de Lyon, les locaux de Sant\u00e9vet&hellip;\n","protected":false},"author":2,"featured_media":147325,"comment_status":"","ping_status":"","sticky":false,"template":"","format":"standard","meta":{"footnotes":""},"categories":[1889],"tags":[1111,11,2430,33,1777,674,107,1011,27,2428,12,25,216],"class_list":{"0":"post-147324","1":"post","2":"type-post","3":"status-publish","4":"format-standard","5":"has-post-thumbnail","7":"category-lyon","8":"tag-actu","9":"tag-actualites","10":"tag-auvergne-rhone-alpes","11":"tag-economie","12":"tag-eu","13":"tag-europe","14":"tag-fil-info","15":"tag-fr","16":"tag-france","17":"tag-lyon","18":"tag-news","19":"tag-republique-francaise","20":"tag-vie-des-entreprises"},"share_on_mastodon":{"url":"https:\/\/pubeurope.com\/@fr\/114615866062613907","error":""},"_links":{"self":[{"href":"https:\/\/www.europesays.com\/fr\/wp-json\/wp\/v2\/posts\/147324","targetHints":{"allow":["GET"]}}],"collection":[{"href":"https:\/\/www.europesays.com\/fr\/wp-json\/wp\/v2\/posts"}],"about":[{"href":"https:\/\/www.europesays.com\/fr\/wp-json\/wp\/v2\/types\/post"}],"author":[{"embeddable":true,"href":"https:\/\/www.europesays.com\/fr\/wp-json\/wp\/v2\/users\/2"}],"replies":[{"embeddable":true,"href":"https:\/\/www.europesays.com\/fr\/wp-json\/wp\/v2\/comments?post=147324"}],"version-history":[{"count":0,"href":"https:\/\/www.europesays.com\/fr\/wp-json\/wp\/v2\/posts\/147324\/revisions"}],"wp:featuredmedia":[{"embeddable":true,"href":"https:\/\/www.europesays.com\/fr\/wp-json\/wp\/v2\/media\/147325"}],"wp:attachment":[{"href":"https:\/\/www.europesays.com\/fr\/wp-json\/wp\/v2\/media?parent=147324"}],"wp:term":[{"taxonomy":"category","embeddable":true,"href":"https:\/\/www.europesays.com\/fr\/wp-json\/wp\/v2\/categories?post=147324"},{"taxonomy":"post_tag","embeddable":true,"href":"https:\/\/www.europesays.com\/fr\/wp-json\/wp\/v2\/tags?post=147324"}],"curies":[{"name":"wp","href":"https:\/\/api.w.org\/{rel}","templated":true}]}}