{"id":147344,"date":"2025-06-02T21:30:09","date_gmt":"2025-06-02T21:30:09","guid":{"rendered":"https:\/\/www.europesays.com\/fr\/147344\/"},"modified":"2025-06-02T21:30:09","modified_gmt":"2025-06-02T21:30:09","slug":"aux-etats-unis-cet-avocat-sanctionne-pour-un-document-judiciaire-ecrit-avec-chatgpt-2","status":"publish","type":"post","link":"https:\/\/www.europesays.com\/fr\/147344\/","title":{"rendered":"Aux \u00c9tats-Unis, cet avocat sanctionn\u00e9 pour un document judiciaire \u00e9crit avec ChatGPT"},"content":{"rendered":"<p>TECH &#8211; Pris la main dans le sac. Un<a href=\"https:\/\/fr.news.yahoo.com\/espionnage-iphone-via-siri-action-085615006.html\" data-ylk=\"slk:avocat;elm:context_link;itc:0;sec:content-canvas;outcm:mb_qualified_link;_E:mb_qualified_link;ct:story;\" class=\"link  yahoo-link\" rel=\"nofollow noopener\" target=\"_blank\"> avocat <\/a>am\u00e9ricain, Richard Bednar, a \u00e9t\u00e9 sanctionn\u00e9 par la Cour d\u2019appel de l\u2019Utah pour avoir d\u00e9pos\u00e9 un document judiciaire \u00e9crit \u00e0 l\u2019aide de<a href=\"https:\/\/fr.news.yahoo.com\/chatgpt-r%C3%A9trop%C3%A9dale-derni%C3%A8re-version-aga%C3%A7ante-163011529.html\" data-ylk=\"slk:ChatGPT;elm:context_link;itc:0;sec:content-canvas;outcm:mb_qualified_link;_E:mb_qualified_link;ct:story;\" class=\"link  yahoo-link\" rel=\"nofollow noopener\" target=\"_blank\"> ChatGPT<\/a>, un<strong>\u00a0<\/strong>outil conversationnel utilisant l\u2019interlligence artificielle (IA), rapporte ce lundi 2\u00a0juin une <a href=\"https:\/\/www.abc4.com\/news\/local-news\/utah-lawyer-filing-chatgpt\/\" rel=\"nofollow noopener\" target=\"_blank\" data-ylk=\"slk:cha\u00eene locale d\u2019ABC;elm:context_link;itc:0;sec:content-canvas\" class=\"link \">cha\u00eene locale d\u2019ABC<\/a>.<\/p>\n<p>Ce document, r\u00e9dig\u00e9 par un assistant juridique du cabinet, gr\u00e2ce \u00e0 ChatGPT donc, faisait r\u00e9f\u00e9rence \u00e0 une affaire judiciaire inexistante. Des citations \u00e9ronn\u00e9es n\u2019avaient pas \u00e9t\u00e9 v\u00e9rifi\u00e9es avant le d\u00e9p\u00f4t.<\/p>\n<p><a href=\"https:\/\/fr.news.yahoo.com\/actrice-d%C3%A9couvert-qu-ia-utilisait-152606672.html\" data-ylk=\"slk:Cette actrice a d\u00e9couvert qu\u2019une IA utilisait sa voix pour les annonces en gare;elm:context_link;itc:0;sec:content-canvas;outcm:mb_qualified_link;_E:mb_qualified_link;ct:story;\" class=\"link  yahoo-link\" rel=\"nofollow noopener\" target=\"_blank\"> Cette actrice a d\u00e9couvert qu\u2019une IA utilisait sa voix pour les annonces en gare <\/a><\/p>\n<p>\u00ab\u00a0Il semble qu\u2019au moins certaines parties de la requ\u00eate aient \u00e9t\u00e9 g\u00e9n\u00e9r\u00e9es par une IA, notamment des citations et m\u00eame des r\u00e9f\u00e9rences \u00e0 au moins un cas qui ne semble exister dans aucune base de donn\u00e9es juridique (et qui n\u2019ont pu \u00eatre trouv\u00e9es que dans ChatGPT) et des r\u00e9f\u00e9rences \u00e0 des affaires qui n\u2019ont aucun rapport avec le sujet \u00e9voqu\u00e9\u00a0\u00bb, a d\u00e9clar\u00e9 l\u2019avocat de la D\u00e9fense, dans un document r\u00e9v\u00e9l\u00e9 par ABC4.<\/p>\n<p>Apr\u00e8s la d\u00e9couverte des fausses citations, Richard Bednar a reconnu \u00ab\u00a0les erreurs\u00a0\u00bb et a \u00ab\u00a0pr\u00e9sent\u00e9 ses excuses\u00a0\u00bb, selon un document de la cour d\u2019appel de l\u2019Utah. ABC4\u00a0ajoute que lors d\u2019une audience en avril, Bednar et son avocat \u00ab\u00a0ont reconnu que le document contenait des r\u00e9f\u00e9rences juridiques fabriqu\u00e9es, obtenues aupr\u00e8s de ChatGPT (&#8230;)\u00a0\u00bb.<\/p>\n<p>Richard Bednar a \u00e9t\u00e9 condamn\u00e9 \u00e0 payer les frais d\u2019avocat de la d\u00e9fense, \u00e0 rembourser son client pour les frais engag\u00e9s pour pr\u00e9parer le dossier et assister \u00e0 l\u2019audience, ainsi qu\u2019\u00e0 verser 1 000 dollars (875\u00a0euros environ) \u00e0 l\u2019organisation \u00e0 but non lucratif And Justice for All, bas\u00e9e dans l\u2019Utah.<\/p>\n<p><a href=\"https:\/\/fr.news.yahoo.com\/gouvernement-utilis%C3%A9-l-ia-c%C3%A9l%C3%A9brer-120007115.html\" data-ylk=\"slk:Le gouvernement a utilis\u00e9 l\u2019IA pour c\u00e9l\u00e9brer la Journ\u00e9e nationale de la R\u00e9sistance (et n\u2019aurait pas d\u00fb);elm:context_link;itc:0;sec:content-canvas;outcm:mb_qualified_link;_E:mb_qualified_link;ct:story;\" class=\"link  yahoo-link\" rel=\"nofollow noopener\" target=\"_blank\"> Le gouvernement a utilis\u00e9 l\u2019IA pour c\u00e9l\u00e9brer la Journ\u00e9e nationale de la R\u00e9sistance (et n\u2019aurait pas d\u00fb) <\/a><\/p>\n<p><a href=\"https:\/\/fr.news.yahoo.com\/donald-trump-change-d-avis-064513664.html\" data-ylk=\"slk:Donald Trump change d\u2019avis pour la t\u00eate de la Nasa et recale finalement ce proche d\u2019Elon Musk;elm:context_link;itc:0;sec:content-canvas;outcm:mb_qualified_link;_E:mb_qualified_link;ct:story;\" class=\"link  yahoo-link\" rel=\"nofollow noopener\" target=\"_blank\"> Donald Trump change d\u2019avis pour la t\u00eate de la Nasa et recale finalement ce proche d\u2019Elon Musk <\/a><\/p>\n","protected":false},"excerpt":{"rendered":"TECH &#8211; Pris la main dans le sac. Un avocat am\u00e9ricain, Richard Bednar, a \u00e9t\u00e9 sanctionn\u00e9 par la&hellip;\n","protected":false},"author":2,"featured_media":147345,"comment_status":"","ping_status":"","sticky":false,"template":"","format":"standard","meta":{"footnotes":""},"categories":[1589],"tags":[27642,11,27641,27644,27643,27645,16547,73,1866,12,1864,1865,1863,308],"class_list":{"0":"post-147344","1":"post","2":"type-post","3":"status-publish","4":"format-standard","5":"has-post-thumbnail","7":"category-etats-unis","8":"tag-abc4","9":"tag-actualites","10":"tag-affaire-judiciaire","11":"tag-assistant-juridique","12":"tag-bednar","13":"tag-chaine-locale","14":"tag-document","15":"tag-etats-unis","16":"tag-etats-unis-damerique","17":"tag-news","18":"tag-united-states","19":"tag-united-states-of-america","20":"tag-us","21":"tag-usa"},"share_on_mastodon":{"url":"https:\/\/pubeurope.com\/@fr\/114615905613256419","error":""},"_links":{"self":[{"href":"https:\/\/www.europesays.com\/fr\/wp-json\/wp\/v2\/posts\/147344","targetHints":{"allow":["GET"]}}],"collection":[{"href":"https:\/\/www.europesays.com\/fr\/wp-json\/wp\/v2\/posts"}],"about":[{"href":"https:\/\/www.europesays.com\/fr\/wp-json\/wp\/v2\/types\/post"}],"author":[{"embeddable":true,"href":"https:\/\/www.europesays.com\/fr\/wp-json\/wp\/v2\/users\/2"}],"replies":[{"embeddable":true,"href":"https:\/\/www.europesays.com\/fr\/wp-json\/wp\/v2\/comments?post=147344"}],"version-history":[{"count":0,"href":"https:\/\/www.europesays.com\/fr\/wp-json\/wp\/v2\/posts\/147344\/revisions"}],"wp:featuredmedia":[{"embeddable":true,"href":"https:\/\/www.europesays.com\/fr\/wp-json\/wp\/v2\/media\/147345"}],"wp:attachment":[{"href":"https:\/\/www.europesays.com\/fr\/wp-json\/wp\/v2\/media?parent=147344"}],"wp:term":[{"taxonomy":"category","embeddable":true,"href":"https:\/\/www.europesays.com\/fr\/wp-json\/wp\/v2\/categories?post=147344"},{"taxonomy":"post_tag","embeddable":true,"href":"https:\/\/www.europesays.com\/fr\/wp-json\/wp\/v2\/tags?post=147344"}],"curies":[{"name":"wp","href":"https:\/\/api.w.org\/{rel}","templated":true}]}}