{"id":147408,"date":"2025-06-02T22:05:10","date_gmt":"2025-06-02T22:05:10","guid":{"rendered":"https:\/\/www.europesays.com\/fr\/147408\/"},"modified":"2025-06-02T22:05:10","modified_gmt":"2025-06-02T22:05:10","slug":"a-toulon-le-paradoxe-des-centres-commerciaux","status":"publish","type":"post","link":"https:\/\/www.europesays.com\/fr\/147408\/","title":{"rendered":"\u00c0 Toulon, le paradoxe des centres commerciaux"},"content":{"rendered":"\n<p>Contrairement \u00e0 la situation de nombreuses villes fran\u00e7aises, celle du centre-ville toulonnais reste encourageante pour les commer\u00e7ants, \u00ab\u00a0m\u00eame si \u00e9videmment, on pr\u00e9f\u00e9rerait toujours un loyer moins cher. On n\u2019a pas de regard, ni de m\u00e9canisme de limitation des loyers fix\u00e9s par les propri\u00e9taires\u00a0\u00bb, reconna\u00eet Christophe Moreno, adjoint \u00e0 la mairie en charge du dynamisme commercial. \u00ab\u00a0Mais on n\u2019a pas de probl\u00e9matique particuli\u00e8re \u00e0 ce sujet. Au contraire, on observe une baisse constante de la vacance commerciale, de 10% par an depuis 2020 avec 200 nouveaux commerces et une acc\u00e9l\u00e9ration depuis deux ans.\u00a0\u00bb<\/p>\n<p> \u00ab\u00a0La galerie Mayol s\u2019est vid\u00e9e\u00a0\u00bb\n              <\/p>\n<p>Et la r\u00e9fection du centre-ville engag\u00e9e dans les ann\u00e9es 2010 n\u2019est pas \u00e9trang\u00e8re \u00e0 \u00e7a : \u00ab\u00a0Il y a 10 ans, il y avait beaucoup de commerces vacants. Aujourd\u2019hui il y en a tr\u00e8s peu. Bien s\u00fbr, des commerces sont en difficult\u00e9, mais les loyers sont peu mis en cause\u00a0\u00bb, appuie Christophe Moreno.<\/p>\n<p>Patrick Romagnoli, le pr\u00e9sident du tribunal de commerce de Toulon, partage ce constat. Il pointe en revanche du doigt \u00ab\u00a0certaines zones commerciales dont les loyers sont trop \u00e9lev\u00e9s en fonction du contexte \u00e9conomique, telles que les Halles, Avenue 83, Mayol&#8230; Les locaux commerciaux se vident par endroits\u00a0\u00bb.<\/p>\n<p>Et l\u00e0 encore, il n\u2019existe pas de m\u00e9canisme d\u2019encadrement des loyers : \u00ab\u00a0Les structures qui g\u00e8rent les sites sont inflexibles sur le sujet. On a un peu moins ces sujets-l\u00e0, on en avait pas mal du c\u00f4t\u00e9 de Mayol, et en cons\u00e9quence, la galerie s\u2019est vid\u00e9e. Il n\u2019y a pas de flexibilit\u00e9 des bailleurs\u00a0\u00bb, regrette-t-il.<\/p>\n","protected":false},"excerpt":{"rendered":"Contrairement \u00e0 la situation de nombreuses villes fran\u00e7aises, celle du centre-ville toulonnais reste encourageante pour les commer\u00e7ants, \u00ab\u00a0m\u00eame&hellip;\n","protected":false},"author":2,"featured_media":147409,"comment_status":"","ping_status":"","sticky":false,"template":"","format":"standard","meta":{"footnotes":""},"categories":[9619],"tags":[1111,11,12125,1777,674,1011,27,12,882,25,2310],"class_list":{"0":"post-147408","1":"post","2":"type-post","3":"status-publish","4":"format-standard","5":"has-post-thumbnail","7":"category-toulon","8":"tag-actu","9":"tag-actualites","10":"tag-adam-benhammouda","11":"tag-eu","12":"tag-europe","13":"tag-fr","14":"tag-france","15":"tag-news","16":"tag-provence-alpes-cote-dazur","17":"tag-republique-francaise","18":"tag-toulon"},"share_on_mastodon":{"url":"https:\/\/pubeurope.com\/@fr\/114616043038539561","error":""},"_links":{"self":[{"href":"https:\/\/www.europesays.com\/fr\/wp-json\/wp\/v2\/posts\/147408","targetHints":{"allow":["GET"]}}],"collection":[{"href":"https:\/\/www.europesays.com\/fr\/wp-json\/wp\/v2\/posts"}],"about":[{"href":"https:\/\/www.europesays.com\/fr\/wp-json\/wp\/v2\/types\/post"}],"author":[{"embeddable":true,"href":"https:\/\/www.europesays.com\/fr\/wp-json\/wp\/v2\/users\/2"}],"replies":[{"embeddable":true,"href":"https:\/\/www.europesays.com\/fr\/wp-json\/wp\/v2\/comments?post=147408"}],"version-history":[{"count":0,"href":"https:\/\/www.europesays.com\/fr\/wp-json\/wp\/v2\/posts\/147408\/revisions"}],"wp:featuredmedia":[{"embeddable":true,"href":"https:\/\/www.europesays.com\/fr\/wp-json\/wp\/v2\/media\/147409"}],"wp:attachment":[{"href":"https:\/\/www.europesays.com\/fr\/wp-json\/wp\/v2\/media?parent=147408"}],"wp:term":[{"taxonomy":"category","embeddable":true,"href":"https:\/\/www.europesays.com\/fr\/wp-json\/wp\/v2\/categories?post=147408"},{"taxonomy":"post_tag","embeddable":true,"href":"https:\/\/www.europesays.com\/fr\/wp-json\/wp\/v2\/tags?post=147408"}],"curies":[{"name":"wp","href":"https:\/\/api.w.org\/{rel}","templated":true}]}}