{"id":147414,"date":"2025-06-02T22:08:14","date_gmt":"2025-06-02T22:08:14","guid":{"rendered":"https:\/\/www.europesays.com\/fr\/147414\/"},"modified":"2025-06-02T22:08:14","modified_gmt":"2025-06-02T22:08:14","slug":"un-collier-arrache-un-voleur-maitrise-par-les-passants","status":"publish","type":"post","link":"https:\/\/www.europesays.com\/fr\/147414\/","title":{"rendered":"un collier arrach\u00e9, un voleur ma\u00eetris\u00e9 par les passants"},"content":{"rendered":"<p>            Par<br \/>\n        <strong><br \/>\n            <a href=\"https:\/\/actu.fr\/auteur\/lea-pippinato\" title=\"Consulter tous les articles de L\u00e9a Pippinato\" rel=\"nofollow noopener\" target=\"_blank\">L\u00e9a Pippinato<\/a><br \/>\n        <\/strong><\/p>\n<p>        Publi\u00e9 le<\/p>\n<p>            2 juin 2025 \u00e0 18h45        <\/p>\n<p><strong>Ce vendredi 30 mai 2025<\/strong>, il est 12h30 \u00e0 Montpellier. Dans un tramway circulant \u00e0 proximit\u00e9 du parc Ren\u00e9 Dumont, un jeune homme s\u2019approche d\u2019une passag\u00e8re. Il l\u2019agresse brutalement, saisit le collier qu\u2019elle porte au cou et l\u2019arrache. \u00a0La sc\u00e8ne se d\u00e9roule \u00e0 la station Rondelet. La victime, \u00e2g\u00e9e de 23 ans, tente de retenir son agresseur. Des passants interviennent. Ensemble, ils parviennent \u00e0 ma\u00eetriser le jeune voleur. Il ne peut plus fuir.<\/p>\n<p>    <a href=\"https:\/\/www.google.com\/maps\/embed?pb=!1m18!1m12!1m3!1d23107.5821968434!2d3.8750853999999997!3d43.61803845!2m3!1f0!2f0!3f0!3m2!1i1024!2i768!4f13.1!3m3!1m2!1s0x12b6af7714c16013%3A0xcfdea5695153f5e6!2sParc%20Ren%C3%A9%20Dumont!5e0!3m2!1sen!2sfr!4v1748882642232!5m2!1sen!2sfr\" title=\"Ouvrie le lien\" rel=\"nofollow noopener\" target=\"_blank\">Cliquez ici pour visualiser le contenu<\/a><\/p>\n<p>Les passants ne l\u00e2chent rien<\/p>\n<p class=\" wall-content\">Alert\u00e9e, la police nationale se rend sur place. Les agents trouvent le mis en cause maintenu par la victime et les t\u00e9moins. L\u2019homme interpell\u00e9 est un mineur de 16 ans. Sans domicile fixe, il est identifi\u00e9 comme mineur non accompagn\u00e9. Lors de son audition, il reconna\u00eet les faits, explique avoir vol\u00e9 le collier mais dit l\u2019avoir perdu pendant la bousculade. Le bijou n\u2019a pas \u00e9t\u00e9 retrouv\u00e9, malgr\u00e9 les recherches men\u00e9es aux abords de la station. Il est convoqu\u00e9 <strong>le 10 septembre<\/strong> devant un officier de police judiciaire (COPJ) pour s\u2019expliquer sur les faits.<\/p>\n<p class=\" wall-content\">Suivez toute l\u2019actualit\u00e9 de vos villes et m\u00e9dias favoris en vous inscrivant \u00e0 <a href=\"https:\/\/moncompte.actu.fr\" title=\"D\u00e9couvez Mon Actu\" rel=\"nofollow noopener\" data-trk=\"{&quot;cta&quot;:{&quot;action&quot;:&quot;https:\\\/\\\/moncompte.actu.fr&quot;,&quot;category&quot;:&quot;mon compte&quot;,&quot;from&quot;:&quot;article footer&quot;,&quot;name&quot;:&quot;Mon actu&quot;,&quot;type&quot;:&quot;cta&quot;}}\" target=\"_blank\">Mon Actu<\/a>.<\/p>\n<ul class=\"ac-article-tag wall-content\">\n<li><a href=\"https:\/\/actu.fr\/tag\/police\" data-trk=\"{&quot;cta&quot;:{&quot;action&quot;:&quot;Police&quot;,&quot;category&quot;:&quot;tag&quot;,&quot;from&quot;:&quot;article footer&quot;,&quot;name&quot;:&quot;Police&quot;,&quot;type&quot;:&quot;cta&quot;}}\" rel=\"nofollow noopener\" target=\"_blank\">#Police<\/a><\/li>\n<li><a href=\"https:\/\/actu.fr\/tag\/violences-urbaines\" data-trk=\"{&quot;cta&quot;:{&quot;action&quot;:&quot;Violences urbaines&quot;,&quot;category&quot;:&quot;tag&quot;,&quot;from&quot;:&quot;article footer&quot;,&quot;name&quot;:&quot;Violences urbaines&quot;,&quot;type&quot;:&quot;cta&quot;}}\" rel=\"nofollow noopener\" target=\"_blank\">#Violences urbaines<\/a><\/li>\n<\/ul>\n","protected":false},"excerpt":{"rendered":"Par L\u00e9a Pippinato Publi\u00e9 le 2 juin 2025 \u00e0 18h45 Ce vendredi 30 mai 2025, il est 12h30&hellip;\n","protected":false},"author":2,"featured_media":147415,"comment_status":"","ping_status":"","sticky":false,"template":"","format":"standard","meta":{"footnotes":""},"categories":[9599],"tags":[1111,11,1777,674,118,1011,27,2208,12,2680,1072,25,7501],"class_list":{"0":"post-147414","1":"post","2":"type-post","3":"status-publish","4":"format-standard","5":"has-post-thumbnail","7":"category-montpellier","8":"tag-actu","9":"tag-actualites","10":"tag-eu","11":"tag-europe","12":"tag-faits-divers","13":"tag-fr","14":"tag-france","15":"tag-montpellier","16":"tag-news","17":"tag-occitanie","18":"tag-police","19":"tag-republique-francaise","20":"tag-violences-urbaines"},"share_on_mastodon":{"url":"https:\/\/pubeurope.com\/@fr\/114616054966992965","error":""},"_links":{"self":[{"href":"https:\/\/www.europesays.com\/fr\/wp-json\/wp\/v2\/posts\/147414","targetHints":{"allow":["GET"]}}],"collection":[{"href":"https:\/\/www.europesays.com\/fr\/wp-json\/wp\/v2\/posts"}],"about":[{"href":"https:\/\/www.europesays.com\/fr\/wp-json\/wp\/v2\/types\/post"}],"author":[{"embeddable":true,"href":"https:\/\/www.europesays.com\/fr\/wp-json\/wp\/v2\/users\/2"}],"replies":[{"embeddable":true,"href":"https:\/\/www.europesays.com\/fr\/wp-json\/wp\/v2\/comments?post=147414"}],"version-history":[{"count":0,"href":"https:\/\/www.europesays.com\/fr\/wp-json\/wp\/v2\/posts\/147414\/revisions"}],"wp:featuredmedia":[{"embeddable":true,"href":"https:\/\/www.europesays.com\/fr\/wp-json\/wp\/v2\/media\/147415"}],"wp:attachment":[{"href":"https:\/\/www.europesays.com\/fr\/wp-json\/wp\/v2\/media?parent=147414"}],"wp:term":[{"taxonomy":"category","embeddable":true,"href":"https:\/\/www.europesays.com\/fr\/wp-json\/wp\/v2\/categories?post=147414"},{"taxonomy":"post_tag","embeddable":true,"href":"https:\/\/www.europesays.com\/fr\/wp-json\/wp\/v2\/tags?post=147414"}],"curies":[{"name":"wp","href":"https:\/\/api.w.org\/{rel}","templated":true}]}}