{"id":147421,"date":"2025-06-02T22:14:41","date_gmt":"2025-06-02T22:14:41","guid":{"rendered":"https:\/\/www.europesays.com\/fr\/147421\/"},"modified":"2025-06-02T22:14:41","modified_gmt":"2025-06-02T22:14:41","slug":"circulation-accident-entre-deux-poids-lourds-la-rn-24-coupee-a-plelan-le-grand","status":"publish","type":"post","link":"https:\/\/www.europesays.com\/fr\/147421\/","title":{"rendered":"Circulation. Accident entre deux poids lourds : la RN 24 coup\u00e9e \u00e0 Pl\u00e9lan-le Grand"},"content":{"rendered":"<p class=\"main-default-container__main-cat\"><a href=\"https:\/\/www.lesinfosdupaysgallo.com\/category\/thematiques\/vos-conditions-de-circulation\/\" target=\"_blank\" rel=\"noopener\">Vos conditions de circulation<\/a><\/p>\n<p class=\"main-default-container__date\">Publi\u00e9 le 2 juin 2025<\/p>\n<p>En raison d\u2019un accident impliquant 2 poids lourds, aux alentours de 15 h 30 ce lundi apr\u00e8s-midi, la circulation est coup\u00e9e au niveau de l\u2019\u00e9changeur de Pl\u00e9lan Le Grand. Les deux sens de circulation sont concern\u00e9s.<\/p>\n<p>Cet accident a fait deux victimes et a n\u00e9cessit\u00e9 l\u2019intervention d\u2019une vingtaine de pompiers du Morbihan et d\u2019Ille et Vilaine.<\/p>\n<p>Une d\u00e9viation est mise en place :<\/p>\n<p>\u2013 Sortie obligatoire \u00e0 l\u2019\u00e9changeur de Guer dans le sens Lorient vers Rennes<\/p>\n<p>\u2013 D\u00e9viation via le r\u00e9seau d\u00e9partemental par les RD 773 \u2013 RD773b \u2013 RD724 \u2013 RD224 \u2013 RD38 jusqu\u2019\u00e0 l\u2019\u00e9changeur de Pl\u00e9lan Le Grand pour reprendre la direction de Rennes<\/p>\n<p>\u2013 Neutralisation de la voie de gauche dans le sens Rennes vers Lorient<\/p>\n<p><strong>Ces mesures devraient durer jusqu\u2019en d\u00e9but de soir\u00e9e. Les automobilistes sont invit\u00e9s \u00e0 la prudence.<\/strong><\/p>\n","protected":false},"excerpt":{"rendered":"Vos conditions de circulation Publi\u00e9 le 2 juin 2025 En raison d\u2019un accident impliquant 2 poids lourds, aux&hellip;\n","protected":false},"author":2,"featured_media":147422,"comment_status":"","ping_status":"","sticky":false,"template":"","format":"standard","meta":{"footnotes":""},"categories":[2821],"tags":[1111,11,829,1777,674,1011,27,12,584,25],"class_list":{"0":"post-147421","1":"post","2":"type-post","3":"status-publish","4":"format-standard","5":"has-post-thumbnail","7":"category-rennes","8":"tag-actu","9":"tag-actualites","10":"tag-bretagne","11":"tag-eu","12":"tag-europe","13":"tag-fr","14":"tag-france","15":"tag-news","16":"tag-rennes","17":"tag-republique-francaise"},"share_on_mastodon":{"url":"https:\/\/pubeurope.com\/@fr\/114616078365514203","error":""},"_links":{"self":[{"href":"https:\/\/www.europesays.com\/fr\/wp-json\/wp\/v2\/posts\/147421","targetHints":{"allow":["GET"]}}],"collection":[{"href":"https:\/\/www.europesays.com\/fr\/wp-json\/wp\/v2\/posts"}],"about":[{"href":"https:\/\/www.europesays.com\/fr\/wp-json\/wp\/v2\/types\/post"}],"author":[{"embeddable":true,"href":"https:\/\/www.europesays.com\/fr\/wp-json\/wp\/v2\/users\/2"}],"replies":[{"embeddable":true,"href":"https:\/\/www.europesays.com\/fr\/wp-json\/wp\/v2\/comments?post=147421"}],"version-history":[{"count":0,"href":"https:\/\/www.europesays.com\/fr\/wp-json\/wp\/v2\/posts\/147421\/revisions"}],"wp:featuredmedia":[{"embeddable":true,"href":"https:\/\/www.europesays.com\/fr\/wp-json\/wp\/v2\/media\/147422"}],"wp:attachment":[{"href":"https:\/\/www.europesays.com\/fr\/wp-json\/wp\/v2\/media?parent=147421"}],"wp:term":[{"taxonomy":"category","embeddable":true,"href":"https:\/\/www.europesays.com\/fr\/wp-json\/wp\/v2\/categories?post=147421"},{"taxonomy":"post_tag","embeddable":true,"href":"https:\/\/www.europesays.com\/fr\/wp-json\/wp\/v2\/tags?post=147421"}],"curies":[{"name":"wp","href":"https:\/\/api.w.org\/{rel}","templated":true}]}}