{"id":147423,"date":"2025-06-02T22:15:27","date_gmt":"2025-06-02T22:15:27","guid":{"rendered":"https:\/\/www.europesays.com\/fr\/147423\/"},"modified":"2025-06-02T22:15:27","modified_gmt":"2025-06-02T22:15:27","slug":"ostwald-le-coach-de-crossfit-condamne-pour-atteinte-sexuelle-sur-une-mineure","status":"publish","type":"post","link":"https:\/\/www.europesays.com\/fr\/147423\/","title":{"rendered":"Ostwald. Le coach de crossfit condamn\u00e9 pour atteinte sexuelle sur une mineure"},"content":{"rendered":"<p>Entra\u00eeneur de crossfit dans un centre de culture physique \u00e0 Ostwald, il b\u00e9n\u00e9ficiait du dipl\u00f4me pour entra\u00eener les adolescents et encadrer les enfants. C\u2019est dans ce cadre qu\u2019en 2019 le jeune homme d\u2019alors 27 ans fait la connaissance d\u2019une enfant de 12 ans. Au fil des mois, le coach per\u00e7oit le \u00ab\u00a0fort potentiel\u00a0\u00bb de la jeune fille, qu\u2019il place dans un groupe comp\u00e9tition avec une autre pr\u00e9-ado. \u00ab\u00a0Au d\u00e9but, j\u2019ai commenc\u00e9 \u00e0 ressentir de l\u2019attachement. Il y avait une barri\u00e8re et cette barri\u00e8re s\u2019est cass\u00e9e petit \u00e0 petit. \u00c0 force de la voir tous les jours, je suis tomb\u00e9 r\u00e9ellement amoureux\u00a0\u00bb.<\/p>\n<p>En septembre\u00a02019, le coach envoie un message \u00e0 son \u00e9l\u00e8ve pour lui avouer ses sentiments. \u00ab\u00a0J\u2019avais besoin de lui dire\u00a0\u00bb, conc\u00e8de-t-il. Elle n\u2019y r\u00e9pond pas dans un premier temps. L\u2019homme revient&#8230;<\/p>\n","protected":false},"excerpt":{"rendered":"Entra\u00eeneur de crossfit dans un centre de culture physique \u00e0 Ostwald, il b\u00e9n\u00e9ficiait du dipl\u00f4me pour entra\u00eener les&hellip;\n","protected":false},"author":2,"featured_media":147424,"comment_status":"","ping_status":"","sticky":false,"template":"","format":"standard","meta":{"footnotes":""},"categories":[2820],"tags":[1111,11,2389,2649,2880,1777,674,274,107,1011,27,775,12,6611,25,640,3089],"class_list":{"0":"post-147423","1":"post","2":"type-post","3":"status-publish","4":"format-standard","5":"has-post-thumbnail","7":"category-strasbourg","8":"tag-actu","9":"tag-actualites","10":"tag-alsace","11":"tag-bas-rhin","12":"tag-edition-strasbourg","13":"tag-eu","14":"tag-europe","15":"tag-faits-divers-justice","16":"tag-fil-info","17":"tag-fr","18":"tag-france","19":"tag-grand-est","20":"tag-news","21":"tag-ostwald","22":"tag-republique-francaise","23":"tag-strasbourg","24":"tag-strasbourg-sud"},"share_on_mastodon":{"url":"https:\/\/pubeurope.com\/@fr\/114616082292590754","error":""},"_links":{"self":[{"href":"https:\/\/www.europesays.com\/fr\/wp-json\/wp\/v2\/posts\/147423","targetHints":{"allow":["GET"]}}],"collection":[{"href":"https:\/\/www.europesays.com\/fr\/wp-json\/wp\/v2\/posts"}],"about":[{"href":"https:\/\/www.europesays.com\/fr\/wp-json\/wp\/v2\/types\/post"}],"author":[{"embeddable":true,"href":"https:\/\/www.europesays.com\/fr\/wp-json\/wp\/v2\/users\/2"}],"replies":[{"embeddable":true,"href":"https:\/\/www.europesays.com\/fr\/wp-json\/wp\/v2\/comments?post=147423"}],"version-history":[{"count":0,"href":"https:\/\/www.europesays.com\/fr\/wp-json\/wp\/v2\/posts\/147423\/revisions"}],"wp:featuredmedia":[{"embeddable":true,"href":"https:\/\/www.europesays.com\/fr\/wp-json\/wp\/v2\/media\/147424"}],"wp:attachment":[{"href":"https:\/\/www.europesays.com\/fr\/wp-json\/wp\/v2\/media?parent=147423"}],"wp:term":[{"taxonomy":"category","embeddable":true,"href":"https:\/\/www.europesays.com\/fr\/wp-json\/wp\/v2\/categories?post=147423"},{"taxonomy":"post_tag","embeddable":true,"href":"https:\/\/www.europesays.com\/fr\/wp-json\/wp\/v2\/tags?post=147423"}],"curies":[{"name":"wp","href":"https:\/\/api.w.org\/{rel}","templated":true}]}}