{"id":147431,"date":"2025-06-02T22:19:44","date_gmt":"2025-06-02T22:19:44","guid":{"rendered":"https:\/\/www.europesays.com\/fr\/147431\/"},"modified":"2025-06-02T22:19:44","modified_gmt":"2025-06-02T22:19:44","slug":"le-plus-petit-theatre-de-nantes-le-krapo-roy-fait-la-fete-aux-amateurs","status":"publish","type":"post","link":"https:\/\/www.europesays.com\/fr\/147431\/","title":{"rendered":"Le plus petit th\u00e9\u00e2tre de Nantes, le Krapo Roy, fait la f\u00eate aux amateurs"},"content":{"rendered":"<p>Petit th\u00e9\u00e2tre, petits prix (10\u00a0\u20ac) et surtout grands moments de d\u00e9couvertes sont au menu du Karpo Roy, lieu magique imagin\u00e9 par Alexis Ziane, un com\u00e9dien professionnel et touche \u00e0 tout de talent. Rue L\u00e9on-Jamin, des centaines de com\u00e9diens amateurs ont v\u00e9cu au rythme des planches durant plusieurs ann\u00e9es. Et, comme \u00e0 chaque mois de juin, certains d\u2019entre eux montent sur sc\u00e8ne, le trac en bandouli\u00e8re mais avec l\u2019envie de montrer de quel\u00a0bois ils se chauffent.<\/p>\n<p>Les lieux \u00e0 r\u00e9inventer<\/p>\n<p>Du lundi\u00a02 au dimanche 15\u00a0juin, place donc \u00e0 neuf\u00a0spectacles pros et amateurs (six spectacles adultes, deux spectacles jeunes, une\u00a0chorale) et trente-deux repr\u00e9sentations. Parmi eux, Je frissonne d\u2019Alexis Ziane (jeudi 5\u00a0juin), la Roue du Destin mise en sc\u00e8ne par Yan Tarcelin (le 6\u00a0juin), Perikopt\u00f4 le 9\u00a0juin ou\u00a0Le temps nous est gare le 9\u00a0juin. Autant dire qu\u2019il y en a pour tous les go\u00fbts dans ce territoire d\u2019exp\u00e9rimentations o\u00f9 se m\u00ealent en harmonie plusieurs disciplines artistiques.<\/p>\n<p>Ce petit th\u00e9\u00e2tre fait aussi partie des candidats aux lieux \u00e0 r\u00e9inventer, initi\u00e9s par la mairie de Nantes. Ils aimeraient effet investir la chapelle du Martray afin de la transformer en toute nouvelle salle de spectacles.<\/p>\n<p>Demandez le programme\u00a0:<a href=\"https:\/\/www.kraporoy.fr\/\" target=\"_self\" rel=\"noopener\"> https:\/\/www.kraporoy.fr\/<\/a><\/p>\n<p>\u00a0<\/p>\n","protected":false},"excerpt":{"rendered":"Petit th\u00e9\u00e2tre, petits prix (10\u00a0\u20ac) et surtout grands moments de d\u00e9couvertes sont au menu du Karpo Roy, lieu&hellip;\n","protected":false},"author":2,"featured_media":147432,"comment_status":"","ping_status":"","sticky":false,"template":"","format":"standard","meta":{"footnotes":""},"categories":[2818],"tags":[1111,11,5592,1777,674,21,4768,1011,27,27658,766,12,2636,15864,25,27659,1347],"class_list":{"0":"post-147431","1":"post","2":"type-post","3":"status-publish","4":"format-standard","5":"has-post-thumbnail","7":"category-nantes","8":"tag-actu","9":"tag-actualites","10":"tag-amateurs","11":"tag-eu","12":"tag-europe","13":"tag-fait","14":"tag-fete","15":"tag-fr","16":"tag-france","17":"tag-krapo","18":"tag-nantes","19":"tag-news","20":"tag-pays-de-la-loire","21":"tag-petit","22":"tag-republique-francaise","23":"tag-roy","24":"tag-theatre"},"share_on_mastodon":{"url":"https:\/\/pubeurope.com\/@fr\/114616098027396013","error":""},"_links":{"self":[{"href":"https:\/\/www.europesays.com\/fr\/wp-json\/wp\/v2\/posts\/147431","targetHints":{"allow":["GET"]}}],"collection":[{"href":"https:\/\/www.europesays.com\/fr\/wp-json\/wp\/v2\/posts"}],"about":[{"href":"https:\/\/www.europesays.com\/fr\/wp-json\/wp\/v2\/types\/post"}],"author":[{"embeddable":true,"href":"https:\/\/www.europesays.com\/fr\/wp-json\/wp\/v2\/users\/2"}],"replies":[{"embeddable":true,"href":"https:\/\/www.europesays.com\/fr\/wp-json\/wp\/v2\/comments?post=147431"}],"version-history":[{"count":0,"href":"https:\/\/www.europesays.com\/fr\/wp-json\/wp\/v2\/posts\/147431\/revisions"}],"wp:featuredmedia":[{"embeddable":true,"href":"https:\/\/www.europesays.com\/fr\/wp-json\/wp\/v2\/media\/147432"}],"wp:attachment":[{"href":"https:\/\/www.europesays.com\/fr\/wp-json\/wp\/v2\/media?parent=147431"}],"wp:term":[{"taxonomy":"category","embeddable":true,"href":"https:\/\/www.europesays.com\/fr\/wp-json\/wp\/v2\/categories?post=147431"},{"taxonomy":"post_tag","embeddable":true,"href":"https:\/\/www.europesays.com\/fr\/wp-json\/wp\/v2\/tags?post=147431"}],"curies":[{"name":"wp","href":"https:\/\/api.w.org\/{rel}","templated":true}]}}