{"id":147437,"date":"2025-06-02T22:22:19","date_gmt":"2025-06-02T22:22:19","guid":{"rendered":"https:\/\/www.europesays.com\/fr\/147437\/"},"modified":"2025-06-02T22:22:19","modified_gmt":"2025-06-02T22:22:19","slug":"football-oliver-kahn-renonce-a-reprendre-les-girondins-de-bordeaux","status":"publish","type":"post","link":"https:\/\/www.europesays.com\/fr\/147437\/","title":{"rendered":"Football\u00a0: Oliver Kahn renonce \u00e0 reprendre les Girondins de Bordeaux"},"content":{"rendered":"<p class=\"paragraph text_align_left\">Fin de partie. Dans une lettre ouverte adress\u00e9e aux supporters, <a href=\"https:\/\/www.sudouest.fr\/sport\/football\/girondins-de-bordeaux\/info-sud-ouest-girondins-de-bordeaux-oliver-kahn-renonce-a-reprendre-le-club-24697908.php\" target=\"_blank\" rel=\"noreferrer nofollow noopener\">relay\u00e9e par Sud Ouest<\/a> et dont l\u2019AFP a eu copie, <a href=\"https:\/\/www.leparisien.fr\/sports\/football\/football-30-millions-deuros-sur-la-table-oliver-kahn-a-transmis-une-offre-pour-la-reprise-de-bordeaux-11-04-2025-6BBQ3WGJQ5CWRC5OJR6N5CTKNM.php\" target=\"_blank\" rel=\"noreferrer nofollow noopener\">l\u2019ancien gardien de la Mannschaft Oliver Kahn <\/a>explique qu\u2019il ne souhaite plus \u00ab engager les quelque 50 millions d\u2019euros pr\u00e9vus dans notre plan \u00bb apr\u00e8s examen \u00ab des informations financi\u00e8res, op\u00e9rationnelles et juridiques \u00bb, qui lui ont \u00e9t\u00e9 transmises en fin de semaine derni\u00e8re.<\/p>\n<p class=\"paragraph text_align_left\">Il poursuit : \u00ab C\u2019est donc avec une grande d\u00e9ception, malgr\u00e9 un travail de pr\u00e9paration approfondi et une analyse rigoureuse, que nous avons pris la d\u00e9cision m\u00fbrement r\u00e9fl\u00e9chie de ne pas poursuivre notre projet de reprise \u00bb.<\/p>\n<p class=\"paragraph text_align_left\"><a href=\"https:\/\/www.leparisien.fr\/sports\/football\/football-oliver-kahn-a-bordeaux-pour-parler-de-la-reprise-des-girondins-21-02-2025-ZNBB6YASBNGEFCKVBQFKY6ZGGU.php\" target=\"_blank\" rel=\"noreferrer nofollow noopener\">L\u2019int\u00e9r\u00eat d\u2019Oliver Kahn<\/a>, 55 ans, pour une reprise des Girondins, date de janvier. Il avait transmis en avril une offre de reprise chiffr\u00e9e \u00e0 30 millions d\u2019euros.<\/p>\n<p>Un plan sur dix ans de r\u00e9duction de dette<\/p>\n<p class=\"paragraph text_align_left\">Mardi dernier, le tribunal de commerce de Bordeaux avait examin\u00e9 le plan de continuation port\u00e9 par le pr\u00e9sident des Girondins, Gerard Lopez, avec remboursement des cr\u00e9anciers, regroup\u00e9s par classes de parties affect\u00e9es (regroupement par statut, prioritaire ou pas, et par int\u00e9r\u00eat \u00e9conomique commun), qui doivent voter pour accepter ou refuser les sommes propos\u00e9es. La prochaine audience devant l\u2019instance est fix\u00e9e au 13 juin.<\/p>\n<p class=\"paragraph text_align_left\">Ce plan, sur dix ans, pr\u00e9voit de r\u00e9duire la dette de 94 millions \u00e0 26 millions d\u2019euros, avec diff\u00e9rents sc\u00e9narios envisag\u00e9s en fonction des \u00e9ventuelles remont\u00e9es dans les divisions sup\u00e9rieures.<\/p>\n<p class=\"paragraph text_align_left\">Sous la direction de M. Lopez depuis 2021, les Girondins ont \u00e9t\u00e9 rel\u00e9gu\u00e9s en Ligue 2, puis se sont plac\u00e9s l\u2019\u00e9t\u00e9 dernier sous la protection du tribunal de commerce, abandonnant statut professionnel et centre de formation, plongeant en National 2. Cette saison, Bordeaux a fini quatri\u00e8me de sa poule.<\/p>\n","protected":false},"excerpt":{"rendered":"Fin de partie. Dans une lettre ouverte adress\u00e9e aux supporters, relay\u00e9e par Sud Ouest et dont l\u2019AFP a&hellip;\n","protected":false},"author":2,"featured_media":147438,"comment_status":"","ping_status":"","sticky":false,"template":"","format":"standard","meta":{"footnotes":""},"categories":[2817],"tags":[1111,11,1997,459,1777,674,63,1011,27,12,2219,25,60],"class_list":{"0":"post-147437","1":"post","2":"type-post","3":"status-publish","4":"format-standard","5":"has-post-thumbnail","7":"category-bordeaux","8":"tag-actu","9":"tag-actualites","10":"tag-bordeaux","11":"tag-departements-horsidfo","12":"tag-eu","13":"tag-europe","14":"tag-football","15":"tag-fr","16":"tag-france","17":"tag-news","18":"tag-nouvelle-aquitaine","19":"tag-republique-francaise","20":"tag-sports"},"share_on_mastodon":{"url":"https:\/\/pubeurope.com\/@fr\/114616109815413610","error":""},"_links":{"self":[{"href":"https:\/\/www.europesays.com\/fr\/wp-json\/wp\/v2\/posts\/147437","targetHints":{"allow":["GET"]}}],"collection":[{"href":"https:\/\/www.europesays.com\/fr\/wp-json\/wp\/v2\/posts"}],"about":[{"href":"https:\/\/www.europesays.com\/fr\/wp-json\/wp\/v2\/types\/post"}],"author":[{"embeddable":true,"href":"https:\/\/www.europesays.com\/fr\/wp-json\/wp\/v2\/users\/2"}],"replies":[{"embeddable":true,"href":"https:\/\/www.europesays.com\/fr\/wp-json\/wp\/v2\/comments?post=147437"}],"version-history":[{"count":0,"href":"https:\/\/www.europesays.com\/fr\/wp-json\/wp\/v2\/posts\/147437\/revisions"}],"wp:featuredmedia":[{"embeddable":true,"href":"https:\/\/www.europesays.com\/fr\/wp-json\/wp\/v2\/media\/147438"}],"wp:attachment":[{"href":"https:\/\/www.europesays.com\/fr\/wp-json\/wp\/v2\/media?parent=147437"}],"wp:term":[{"taxonomy":"category","embeddable":true,"href":"https:\/\/www.europesays.com\/fr\/wp-json\/wp\/v2\/categories?post=147437"},{"taxonomy":"post_tag","embeddable":true,"href":"https:\/\/www.europesays.com\/fr\/wp-json\/wp\/v2\/tags?post=147437"}],"curies":[{"name":"wp","href":"https:\/\/api.w.org\/{rel}","templated":true}]}}