{"id":147450,"date":"2025-06-02T22:33:18","date_gmt":"2025-06-02T22:33:18","guid":{"rendered":"https:\/\/www.europesays.com\/fr\/147450\/"},"modified":"2025-06-02T22:33:18","modified_gmt":"2025-06-02T22:33:18","slug":"nouvelle-pique-du-potentiel-candidat-a-la-mairie-jean-michel-aulas-et-reponse-de-bruno-bernard-president-de-la-metropole","status":"publish","type":"post","link":"https:\/\/www.europesays.com\/fr\/147450\/","title":{"rendered":"nouvelle pique du potentiel candidat \u00e0 la mairie Jean-Michel Aulas et r\u00e9ponse de Bruno Bernard, pr\u00e9sident de la m\u00e9tropole"},"content":{"rendered":"<p>\u00ab\u00a0On nous dit que la pollution recule. Mais plus de 80\u00a0% des stations lyonnaises d\u00e9passent encore les seuils de l\u2019OMS pour les particules fines. \u00bb Ainsi d\u00e9bute le tweet de <a href=\"http:\/\/www.leprogres.fr\/p\/jean-michel-aulas\" target=\"_blank\" rel=\"noopener\">Jean-Michel Aulas<\/a>. On pourrait presque penser que la suite du message sera une demande de r\u00e9glementation plus stricte pour que la qualit\u00e9 de l\u2019air s\u2019am\u00e9liore enfin\u2026 Mais pas vraiment.<\/p>\n<p>Ce contenu est bloqu\u00e9 car vous n&rsquo;avez pas accept\u00e9 les cookies et autres traceurs.<\/p>\n<p>En cliquant sur \u00ab J\u2019accepte \u00bb, les cookies et autres traceurs seront d\u00e9pos\u00e9s et vous pourrez visualiser les contenus  (<a href=\"\" class=\"consentModule_policy\" target=\"_blank\" title=\"Consulter la politique de protection des donn\u00e9es du fournisseur\">plus d&rsquo;informations<\/a>).<\/p>\n<p>En cliquant sur \u00ab J\u2019accepte tous les cookies \u00bb, vous autorisez des d\u00e9p\u00f4ts de cookies et autres traceurs pour le stockage de vos donn\u00e9es sur nos sites et applications \u00e0 des fins de personnalisation et de ciblage publicitaire.<\/p>\n<p class=\"consentModule_secondaryText\">Vous gardez la possibilit\u00e9 de retirer votre consentement \u00e0 tout moment en consultant notre <a href=\"http:\/\/www.leprogres.fr\/protection-des-donnees\" target=\"_blank\" title=\"Consulter notre politique de protection des donn\u00e9es\" rel=\"noopener\">politique de protection des donn\u00e9es<\/a>. <br \/>&#13;<br \/>\n            <a href=\"http:\/\/www.leprogres.fr\/environnement\/2025\/06\/02\/javascript:Didomi.notice.show()\" class=\"consentModule_cmp\" target=\"_blank\" rel=\"noopener\">G\u00e9rer mes choix<\/a>&#13;\n        <\/p>\n<p>&#13;<br \/>\n                        J&rsquo;accepte&#13;<br \/>\n            J&rsquo;accepte tous les cookies&#13;\n        <\/p>\n<p>L\u2019ancien pr\u00e9sident de l\u2019OL et candidat encore non officiel au fauteuil de maire \u00e0 Lyon commente en r\u00e9alit\u00e9 un post de <a href=\"http:\/\/www.leprogres.fr\/p\/bruno-bernard\" target=\"_blank\" rel=\"noopener\">Bruno Bernard<\/a>, pr\u00e9sident de la M\u00e9tropole, sur l\u2019\u00e9volution de qualit\u00e9 de l\u2019air localement depuis 2019.<\/p>\n<p>Pour Jean-Michel Aulas, \u00ab\u00a0tous les indices montrent que les principes positifs d\u2019\u00e9cologie appliqu\u00e9s \u00e0 de mauvaises r\u00e9alisations [\u2026] conduisent au contraire \u00e0 un renforcement de la pollution\u00a0\u00bb. <\/p>\n<p>La r\u00e9ponse de Bruno Bernard ne s\u2019est pas fait attendre.<\/p>\n<p>Ce contenu est bloqu\u00e9 car vous n&rsquo;avez pas accept\u00e9 les cookies et autres traceurs.<\/p>\n<p>En cliquant sur \u00ab J\u2019accepte \u00bb, les cookies et autres traceurs seront d\u00e9pos\u00e9s et vous pourrez visualiser les contenus  (<a href=\"\" class=\"consentModule_policy\" target=\"_blank\" title=\"Consulter la politique de protection des donn\u00e9es du fournisseur\">plus d&rsquo;informations<\/a>).<\/p>\n<p>En cliquant sur \u00ab J\u2019accepte tous les cookies \u00bb, vous autorisez des d\u00e9p\u00f4ts de cookies et autres traceurs pour le stockage de vos donn\u00e9es sur nos sites et applications \u00e0 des fins de personnalisation et de ciblage publicitaire.<\/p>\n<p class=\"consentModule_secondaryText\">Vous gardez la possibilit\u00e9 de retirer votre consentement \u00e0 tout moment en consultant notre <a href=\"http:\/\/www.leprogres.fr\/protection-des-donnees\" target=\"_blank\" title=\"Consulter notre politique de protection des donn\u00e9es\" rel=\"noopener\">politique de protection des donn\u00e9es<\/a>. <br \/>&#13;<br \/>\n            <a href=\"http:\/\/www.leprogres.fr\/environnement\/2025\/06\/02\/javascript:Didomi.notice.show()\" class=\"consentModule_cmp\" target=\"_blank\" rel=\"noopener\">G\u00e9rer mes choix<\/a>&#13;\n        <\/p>\n<p>&#13;<br \/>\n                        J&rsquo;accepte&#13;<br \/>\n            J&rsquo;accepte tous les cookies&#13;\n        <\/p>\n<p>\u00ab\u00a0Effectivement, on doit viser les normes OMS, nous sommes totalement d\u2019accord l\u00e0-dessus et je suis ravi de l\u2019entendre. Certains pensent qu\u2019on doit s\u2019arr\u00eater en chemin et je ne suis pas du m\u00eame avis. \u00bb Faisant r\u00e9f\u00e9rence \u00e0 cette proposition d\u2019abrogation des <a href=\"https:\/\/www.leprogres.fr\/environnement\/2025\/05\/30\/vote-contre-les-zfe-a-l-assemblee-ces-cinq-mois-qui-ont-tout-fait-basculer\" target=\"_blank\" rel=\"noopener\">zones \u00e0 faibles \u00e9missions<\/a> faite par des d\u00e9put\u00e9s LR et RN et vot\u00e9e tout r\u00e9cemment \u00e0 l\u2019Assembl\u00e9e.<\/p>\n","protected":false},"excerpt":{"rendered":"\u00ab\u00a0On nous dit que la pollution recule. Mais plus de 80\u00a0% des stations lyonnaises d\u00e9passent encore les seuils&hellip;\n","protected":false},"author":2,"featured_media":147451,"comment_status":"","ping_status":"","sticky":false,"template":"","format":"standard","meta":{"footnotes":""},"categories":[1889],"tags":[1111,11,2430,2757,436,1777,674,107,1011,27,2428,12,316,1800,25,2429],"class_list":{"0":"post-147450","1":"post","2":"type-post","3":"status-publish","4":"format-standard","5":"has-post-thumbnail","7":"category-lyon","8":"tag-actu","9":"tag-actualites","10":"tag-auvergne-rhone-alpes","11":"tag-edition-lyon-villeurbanne","12":"tag-environnement","13":"tag-eu","14":"tag-europe","15":"tag-fil-info","16":"tag-fr","17":"tag-france","18":"tag-lyon","19":"tag-news","20":"tag-politique","21":"tag-pollution","22":"tag-republique-francaise","23":"tag-rhone"},"share_on_mastodon":{"url":"https:\/\/pubeurope.com\/@fr\/114616153137741096","error":""},"_links":{"self":[{"href":"https:\/\/www.europesays.com\/fr\/wp-json\/wp\/v2\/posts\/147450","targetHints":{"allow":["GET"]}}],"collection":[{"href":"https:\/\/www.europesays.com\/fr\/wp-json\/wp\/v2\/posts"}],"about":[{"href":"https:\/\/www.europesays.com\/fr\/wp-json\/wp\/v2\/types\/post"}],"author":[{"embeddable":true,"href":"https:\/\/www.europesays.com\/fr\/wp-json\/wp\/v2\/users\/2"}],"replies":[{"embeddable":true,"href":"https:\/\/www.europesays.com\/fr\/wp-json\/wp\/v2\/comments?post=147450"}],"version-history":[{"count":0,"href":"https:\/\/www.europesays.com\/fr\/wp-json\/wp\/v2\/posts\/147450\/revisions"}],"wp:featuredmedia":[{"embeddable":true,"href":"https:\/\/www.europesays.com\/fr\/wp-json\/wp\/v2\/media\/147451"}],"wp:attachment":[{"href":"https:\/\/www.europesays.com\/fr\/wp-json\/wp\/v2\/media?parent=147450"}],"wp:term":[{"taxonomy":"category","embeddable":true,"href":"https:\/\/www.europesays.com\/fr\/wp-json\/wp\/v2\/categories?post=147450"},{"taxonomy":"post_tag","embeddable":true,"href":"https:\/\/www.europesays.com\/fr\/wp-json\/wp\/v2\/tags?post=147450"}],"curies":[{"name":"wp","href":"https:\/\/api.w.org\/{rel}","templated":true}]}}