{"id":147466,"date":"2025-06-02T22:41:13","date_gmt":"2025-06-02T22:41:13","guid":{"rendered":"https:\/\/www.europesays.com\/fr\/147466\/"},"modified":"2025-06-02T22:41:13","modified_gmt":"2025-06-02T22:41:13","slug":"comment-lukraine-a-reussi-loperation-du-siecle","status":"publish","type":"post","link":"https:\/\/www.europesays.com\/fr\/147466\/","title":{"rendered":"comment l\u2019Ukraine a r\u00e9ussi \u00abl\u2019op\u00e9ration du si\u00e8cle\u00bb"},"content":{"rendered":"<p><strong>D\u00c9CRYPTAGE &#8211;<\/strong> Le Kremlin accuse le coup. Le tr\u00e8s important sabotage de l\u2019aviation russe pr\u00e9par\u00e9 depuis plus d\u2019un an par les services ukrainiens dans cinq r\u00e9gions jamais frapp\u00e9es, s\u2019il ne change pas le cours de la guerre, restera dans les annales militaires.<\/p>\n<p class=\"fig-paragraph\">\u00ab\u00a0Jour le plus sombre de l\u2019histoire de l\u2019aviation russe\u00a0\u00bb, \u00ab\u00a0catastrophe strat\u00e9gique\u00a0\u00bb, voire \u00ab\u00a0Pearl Harbor russe\u00a0\u00bb\u2026 C\u2019est peu dire que l\u2019audacieuse\u00a0<a href=\"http:\/\/www.lefigaro.fr\/international\/toile-d-araignee-ce-que-l-on-sait-de-l-incroyable-operation-de-l-ukraine-contre-les-bombardiers-strategiques-russes-20250602\" data-fig-type=\"NewsFlash\" data-gtm-custom-categorie=\"navigation\" data-gtm-custom-action=\"crossclick\" data-gtm-custom-label=\"Contextuel\" data-gtm-event=\"customEventSPE\" data-fig-domain=\"LEFIGARO\" rel=\"nofollow noopener\" target=\"_blank\">op\u00e9ration ukrainienne Toile d\u2019araign\u00e9e<\/a>, rondement men\u00e9e dimanche, aura stup\u00e9fi\u00e9 en Russie et au-del\u00e0. Si le bilan r\u00e9el des pertes mat\u00e9rielles inflig\u00e9es \u00e0 l\u2019aviation strat\u00e9gique russe \u00e9tait encore sujet \u00e0 caution lundi, le coup, militaire et de communication, est ind\u00e9niablement magistral. Il s\u2019agit de l\u2019op\u00e9ration militaire r\u00e9alis\u00e9e le plus en profondeur en territoire ennemi depuis le d\u00e9but de la guerre, \u00e0 l\u2019aide de drones bon march\u00e9. C\u2019est aussi un s\u00e9rieux camouflet pour les services de renseignements russes et, plus important encore, un s\u00e9rieux coup port\u00e9 \u00e0 la capacit\u00e9 nucl\u00e9aire russe.<\/p>\n<p class=\"fig-paragraph\">Car parmi les bombardiers strat\u00e9giques et les avions de chasse perdus par la Russie &#8211; dont le total culmine pour l\u2019instant \u00e0 une douzaine\u00a0-, plusieurs \u00e9taient des mod\u00e8les capables de porter des ogives nucl\u00e9aires, et faisaient donc partie de la\u2026<\/p>\n<p class=\"fig-premium-paywall__infos\">\n        Cet article est r\u00e9serv\u00e9 aux abonn\u00e9s.        Il vous reste 88% \u00e0 d\u00e9couvrir.\n    <\/p>\n<p>                <img  data- alt=\"Le Figaro\" class=\"fig-img--complete fig-img\"\/><\/p>\n<p class=\"fig-premium-paywall__title\">Vente Flash<\/p>\n<p class=\"fig-premium-paywall__subtitle\">4,99\u20ac par mois pendant 12 mois. Sans engagement.<\/p>\n<p class=\"fig-premium-paywall__connect\">\n                D\u00e9j\u00e0 abonn\u00e9\u00a0?                <a class=\"fig-premium-paywall__connect-link\" href=\"https:\/\/connect.lefigaro.fr\/login?client=horizon_web&amp;type=main&amp;redirect_uri=https%3A%2F%2Fwww.lefigaro.fr%2Finternational%2Fl-aviation-russe-frappee-en-profondeur-comment-l-ukraine-a-reussi-l-operation-du-siecle-20250602\" data-js-gtm=\"{&quot;customCategorie&quot;: &quot;conversion&quot;, &quot;customAction&quot;: &quot;before_Landing_Connexion_paywall_auto&quot;, &quot;customLabel&quot;: &quot;bGVmaWdhcm8uZnJfXzFmMDNmZDA5LWNhNTEtNmNmNC05ZTFhLWY3NDZhM2E0Y2U0Yl9fQXJ0aWNsZQ==_L\u2019aviation russe frapp\u00e9e en profondeur: comment l\u2019Ukraine a r\u00e9ussi \u00abl\u2019op\u00e9ration du si\u00e8cle\u00bb_243&quot;, &quot;customIDSPE&quot;: &quot;bGVmaWdhcm8uZnJfXzFmMDNmZDA5LWNhNTEtNmNmNC05ZTFhLWY3NDZhM2E0Y2U0Yl9fQXJ0aWNsZQ==&quot;, &quot;event&quot;: &quot;customEventSPE&quot;}\" rel=\"nofollow noopener\" target=\"_blank\"><br \/>\n                    Connectez-vous<br \/>\n                <\/a>\n            <\/p>\n","protected":false},"excerpt":{"rendered":"D\u00c9CRYPTAGE &#8211; Le Kremlin accuse le coup. Le tr\u00e8s important sabotage de l\u2019aviation russe pr\u00e9par\u00e9 depuis plus d\u2019un&hellip;\n","protected":false},"author":2,"featured_media":147467,"comment_status":"","ping_status":"","sticky":false,"template":"","format":"standard","meta":{"footnotes":""},"categories":[1591],"tags":[259,11,260,7182,1887,131,14,261,12,262,1885,1886,132],"class_list":{"0":"post-147466","1":"post","2":"type-post","3":"status-publish","4":"format-standard","5":"has-post-thumbnail","7":"category-russie","8":"tag-actualite-internationale","9":"tag-actualites","10":"tag-affaires-etrangeres","11":"tag-aviation","12":"tag-federation-de-russie","13":"tag-guerre-en-ukraine","14":"tag-international","15":"tag-ministere-des-affaires-etrangeres","16":"tag-news","17":"tag-politique-etrangere","18":"tag-russia","19":"tag-russian-federation","20":"tag-russie"},"share_on_mastodon":{"url":"https:\/\/pubeurope.com\/@fr\/114616184542352863","error":""},"_links":{"self":[{"href":"https:\/\/www.europesays.com\/fr\/wp-json\/wp\/v2\/posts\/147466","targetHints":{"allow":["GET"]}}],"collection":[{"href":"https:\/\/www.europesays.com\/fr\/wp-json\/wp\/v2\/posts"}],"about":[{"href":"https:\/\/www.europesays.com\/fr\/wp-json\/wp\/v2\/types\/post"}],"author":[{"embeddable":true,"href":"https:\/\/www.europesays.com\/fr\/wp-json\/wp\/v2\/users\/2"}],"replies":[{"embeddable":true,"href":"https:\/\/www.europesays.com\/fr\/wp-json\/wp\/v2\/comments?post=147466"}],"version-history":[{"count":0,"href":"https:\/\/www.europesays.com\/fr\/wp-json\/wp\/v2\/posts\/147466\/revisions"}],"wp:featuredmedia":[{"embeddable":true,"href":"https:\/\/www.europesays.com\/fr\/wp-json\/wp\/v2\/media\/147467"}],"wp:attachment":[{"href":"https:\/\/www.europesays.com\/fr\/wp-json\/wp\/v2\/media?parent=147466"}],"wp:term":[{"taxonomy":"category","embeddable":true,"href":"https:\/\/www.europesays.com\/fr\/wp-json\/wp\/v2\/categories?post=147466"},{"taxonomy":"post_tag","embeddable":true,"href":"https:\/\/www.europesays.com\/fr\/wp-json\/wp\/v2\/tags?post=147466"}],"curies":[{"name":"wp","href":"https:\/\/api.w.org\/{rel}","templated":true}]}}