{"id":147503,"date":"2025-06-02T23:02:11","date_gmt":"2025-06-02T23:02:11","guid":{"rendered":"https:\/\/www.europesays.com\/fr\/147503\/"},"modified":"2025-06-02T23:02:11","modified_gmt":"2025-06-02T23:02:11","slug":"liliane-lardanchet-presente-son-troisieme-ouvrage","status":"publish","type":"post","link":"https:\/\/www.europesays.com\/fr\/147503\/","title":{"rendered":"Liliane Lardanchet pr\u00e9sente son troisi\u00e8me ouvrage"},"content":{"rendered":"<p>Titulaire d\u2019un dipl\u00f4me en mus\u00e9ologie, elle a exerc\u00e9 en tant que documentaliste dans plusieurs lyc\u00e9es et coll\u00e8ges d\u2019Alsace. Apr\u00e8s Peau Neuve, ab\u00e9c\u00e9daire drolatique, Liliane Lardanchet pr\u00e9sentait \u00e0 la m\u00e9diath\u00e8que de Montmorillon, samedi 24\u00a0mai 2025, son troisi\u00e8me roman Cancer sous les tropiques. Et si face \u00e0 la maladie, on choisissait l\u2019action plut\u00f4t que la r\u00e9signation\u00a0? \u00ab\u00a0Aujourd\u2019hui, je d\u00e9die ce livre \u00e0 toutes les personnes qui ont connu cette \u00e9preuve et en particulier au sein de la m\u00e9diath\u00e8que, lieu de culture majeure pour moi tr\u00e8s riche.\u00a0\u00bb<br \/>Dans ce r\u00e9cit \u00e0 deux voix, suivez l\u2019histoire d\u2019une femme qui veut transformer la mort en acte de vie et celle d\u2019un homme qui apprend peut-\u00eatre \u00e0 revivre. La trajectoire de ces personnages se croise dans un avion, puis se lie au fil d\u2019un voyage inattendu. Entre souvenirs douloureux, engagement humanitaire et questionnement sur la fin de vie.<\/p>\n<p>Livre disponible en librairie, version papier et num\u00e9rique.<\/p>\n","protected":false},"excerpt":{"rendered":"Titulaire d\u2019un dipl\u00f4me en mus\u00e9ologie, elle a exerc\u00e9 en tant que documentaliste dans plusieurs lyc\u00e9es et coll\u00e8ges d\u2019Alsace.&hellip;\n","protected":false},"author":2,"featured_media":147504,"comment_status":"","ping_status":"","sticky":false,"template":"","format":"standard","meta":{"footnotes":""},"categories":[1357],"tags":[1379,1674,58,59,1011,27,1380,27663],"class_list":{"0":"post-147503","1":"post","2":"type-post","3":"status-publish","4":"format-standard","5":"has-post-thumbnail","7":"category-livres","8":"tag-books","9":"tag-communes","10":"tag-divertissement","11":"tag-entertainment","12":"tag-fr","13":"tag-france","14":"tag-livres","15":"tag-montmorillon"},"share_on_mastodon":{"url":"https:\/\/pubeurope.com\/@fr\/114616267145408606","error":""},"_links":{"self":[{"href":"https:\/\/www.europesays.com\/fr\/wp-json\/wp\/v2\/posts\/147503","targetHints":{"allow":["GET"]}}],"collection":[{"href":"https:\/\/www.europesays.com\/fr\/wp-json\/wp\/v2\/posts"}],"about":[{"href":"https:\/\/www.europesays.com\/fr\/wp-json\/wp\/v2\/types\/post"}],"author":[{"embeddable":true,"href":"https:\/\/www.europesays.com\/fr\/wp-json\/wp\/v2\/users\/2"}],"replies":[{"embeddable":true,"href":"https:\/\/www.europesays.com\/fr\/wp-json\/wp\/v2\/comments?post=147503"}],"version-history":[{"count":0,"href":"https:\/\/www.europesays.com\/fr\/wp-json\/wp\/v2\/posts\/147503\/revisions"}],"wp:featuredmedia":[{"embeddable":true,"href":"https:\/\/www.europesays.com\/fr\/wp-json\/wp\/v2\/media\/147504"}],"wp:attachment":[{"href":"https:\/\/www.europesays.com\/fr\/wp-json\/wp\/v2\/media?parent=147503"}],"wp:term":[{"taxonomy":"category","embeddable":true,"href":"https:\/\/www.europesays.com\/fr\/wp-json\/wp\/v2\/categories?post=147503"},{"taxonomy":"post_tag","embeddable":true,"href":"https:\/\/www.europesays.com\/fr\/wp-json\/wp\/v2\/tags?post=147503"}],"curies":[{"name":"wp","href":"https:\/\/api.w.org\/{rel}","templated":true}]}}