{"id":147505,"date":"2025-06-02T23:03:16","date_gmt":"2025-06-02T23:03:16","guid":{"rendered":"https:\/\/www.europesays.com\/fr\/147505\/"},"modified":"2025-06-02T23:03:16","modified_gmt":"2025-06-02T23:03:16","slug":"apres-leur-rupture-marina-maries-au-premier-regard-2025-a-recontacte-david","status":"publish","type":"post","link":"https:\/\/www.europesays.com\/fr\/147505\/","title":{"rendered":"Apr\u00e8s leur rupture, Marina (Mari\u00e9s au premier regard 2025) a recontact\u00e9 David !"},"content":{"rendered":"<p>Dans Mari\u00e9s au premier regard, les candidats se d\u00e9couvrent apr\u00e8s s&rsquo;\u00eatre dit \u00ab\u00a0oui\u00a0\u00bb \u00e0 Gibraltar. Parfois, le courant ne passe pas lors du voyage de noces&#8230; et le divorce est envisag\u00e9. C&rsquo;est le cas de David et Marina, comme les t\u00e9l\u00e9spectateurs ont pu le voir dans l&rsquo;\u00e9pisode diffus\u00e9 ce lundi 2 juin sur M6. Mais il pourrait bien y avoir un retournement de situation !<\/p>\n<p>Dans <a href=\"https:\/\/www.programme-tv.net\/news\/tele-realite\/371158-maries-au-premier-regard-2025-date-de-diffusion-deux-expertes-nouveautes-les-premieres-infos-sur-la-saison-9\/\" data-api-deeplink=\"teleloisirs:\/\/news\/371158\" target=\"_blank\" rel=\"noopener\">Mari\u00e9s au premier regard<\/a>, David est rapidement tomb\u00e9 sous le charme de Marina. Mais cela a \u00e9t\u00e9 une autre paire de manches pour la m\u00e8re c\u00e9libataire. Et pour cause, elle avait bien sp\u00e9cifi\u00e9 aux expertes du programme qu&rsquo;elle avait certains crit\u00e8res physiques pour son futur partenaire et demand\u00e9 \u00e0 ce qu&rsquo;il ne soit pas chauve&#8230;<a href=\"https:\/\/www.programme-tv.net\/news\/tele-realite\/378030-marina-maries-au-premier-regard-2025-cash-sur-le-physique-de-david-dans-le-prochain-episode-deja-disponible-le-premier-truc-que-j-ai-vu-c-est-son-crane\/\" data-api-deeplink=\"teleloisirs:\/\/news\/378030\" target=\"_blank\" rel=\"noopener\"> ce qui n&rsquo;est pas le cas du g\u00e9rant de bar<\/a>. Faisant tout de m\u00eame confiance \u00e0 leur 77 % de compatibilit\u00e9, la jeune femme est pass\u00e9e outre et a dit \u00ab\u00a0oui\u00a0\u00bb pour le meilleur comme pour le pire.<\/p>\n<p>\u00ab\u00a0Je suis d\u00e9\u00e7ue\u00a0\u00bb : Marina frustr\u00e9e que David ne soit pas dans un jeu de s\u00e9duction dans Mari\u00e9s au premier regard 2025<\/p>\n<p>Si David se sent bien aupr\u00e8s de Marina, il a du mal \u00e0 se rapprocher physiquement d&rsquo;elle \u00e0 <a href=\"https:\/\/www.programme-tv.net\/news\/tele-realite\/378796-je-ne-sais-pas-quoi-dire-david-maries-au-premier-regard-2025-en-plein-doute-avec-marina-dans-le-prochain-episode-deja-disponible\/\" data-api-deeplink=\"teleloisirs:\/\/news\/378796\" target=\"_blank\" rel=\"noopener\">cause de sa timidit\u00e9<\/a>. Il s\u2019inqui\u00e8te de savoir ce qu&rsquo;elle pense r\u00e9ellement. \u00ab\u00a0Je suis content qu\u2019elle soit dans ma vie, on a d\u00e9j\u00e0 des habitudes de couple\u00a0\u00bb, confie-t-il. Malheureusement, ce qu&rsquo;il ressent n&rsquo;est pas r\u00e9ciproque. \u00ab\u00a0David n\u2019est pas dans un jeu de s\u00e9duction, je suis d\u00e9\u00e7ue, il n\u2019est pas r\u00e9ceptif (&#8230;) <b>M\u00eame si c\u2019est un bel homme, il ne m\u2019attire pas.<\/b><a href=\"https:\/\/www.programme-tv.net\/news\/tele-realite\/380172-je-mennuie-cest-plat-marina-maries-au-premier-regard-2025-envisage-la-rupture-avec-david-dans-le-prochain-episode-diffuse-ce-soir\/\" data-api-deeplink=\"teleloisirs:\/\/news\/380172\" target=\"_blank\" rel=\"noopener\"> Je m\u2019ennuie, c\u2019est plat<\/a>. Une fois qu\u2019on s\u2019est \u00e9chang\u00e9 deux-trois banalit\u00e9s, il ne se passe rien, on n\u2019est pas expansifs&#8230; On s\u2019endort quoi\u00a0\u00bb, explique l&#8217;employ\u00e9e de la fonction publique. Lors de leur dernier jour de lune de miel, elle d\u00e9cide de prendre les devants. Alors qu&rsquo;il s&rsquo;ouvre enfin r\u00e9ellement \u00e0 sa femme, David tombe des nues.<\/p>\n<p>                        \u00ab\u00a0Il manque peut-\u00eatre un petit truc\u00a0\u00bb : Marina quitte David qui ne s\u2019y attendait vraiment pas dans Mari\u00e9s au premier regard 2025<\/p>\n<p>Dans la piscine, apr\u00e8s la d\u00e9claration de David, Marina se jette \u00e0 l&rsquo;eau. \u00ab\u00a0On s\u2019entend super bien c\u2019est s\u00fbr, apr\u00e8s, il manque peut-\u00eatre un petit truc\u00a0\u00bb, livre-t-elle au candidat, qui tombe de haut. \u00ab\u00a0Je ne comprends pas en fait\u00a0\u00bb, l\u00e2che ce dernier. Lors de leur ultime moment ensemble en attendant l&rsquo;avion, <b>les deux \u00e9poux font un geste fort : ils enl\u00e8vent leurs alliances<\/b>. \u00ab\u00a0J\u2019aurais vraiment aim\u00e9 \u00eatre le petit plus dans sa vie\u00a0\u00bb d\u00e9clare le trentenaire en salle d&rsquo;interview. Seulement voil\u00e0, puisqu\u2019en amour rien n\u2019est jamais fini, quelques jours plus tard, nous retrouvons David qui explique que <b>Marina l&rsquo;a recontact\u00e9 et veut le revoir !<\/b> Une nouvelle qui a d\u00e9stabilis\u00e9 le p\u00e8re c\u00e9libataire : \u00ab\u00a0<b>Je suis perdu l\u00e0. <\/b>On va voir comment \u00e7a va se passer\u00a0\u00bb. Dans le prochain \u00e9pisode, diffus\u00e9 sur M6 le 9 juin prochain, nous assisterons donc aux retrouvailles entre David et Marina apr\u00e8s ce voyage de noces mouvement\u00e9&#8230; Alors, est-ce d\u00e9finitivement la fin de leur histoire ou le d\u00e9but d&rsquo;un nouveau chapitre ? Affaire \u00e0 suivre !<\/p>\n","protected":false},"excerpt":{"rendered":"Dans Mari\u00e9s au premier regard, les candidats se d\u00e9couvrent apr\u00e8s s&rsquo;\u00eatre dit \u00ab\u00a0oui\u00a0\u00bb \u00e0 Gibraltar. Parfois, le courant&hellip;\n","protected":false},"author":2,"featured_media":147506,"comment_status":"","ping_status":"","sticky":false,"template":"","format":"standard","meta":{"footnotes":""},"categories":[1356],"tags":[244,16730,58,59,1011,27,494,16729,5214,252,1364],"class_list":{"0":"post-147505","1":"post","2":"type-post","3":"status-publish","4":"format-standard","5":"has-post-thumbnail","7":"category-television","8":"tag-commentaire","9":"tag-david-mariu00e9s-au-premier-regard-9","10":"tag-divertissement","11":"tag-entertainment","12":"tag-fr","13":"tag-france","14":"tag-m6","15":"tag-marina-mariu00e9s-au-premier-regard-9","16":"tag-mariu00e9s-au-premier-regard","17":"tag-television","18":"tag-tv"},"share_on_mastodon":{"url":"https:\/\/pubeurope.com\/@fr\/114616271155720731","error":""},"_links":{"self":[{"href":"https:\/\/www.europesays.com\/fr\/wp-json\/wp\/v2\/posts\/147505","targetHints":{"allow":["GET"]}}],"collection":[{"href":"https:\/\/www.europesays.com\/fr\/wp-json\/wp\/v2\/posts"}],"about":[{"href":"https:\/\/www.europesays.com\/fr\/wp-json\/wp\/v2\/types\/post"}],"author":[{"embeddable":true,"href":"https:\/\/www.europesays.com\/fr\/wp-json\/wp\/v2\/users\/2"}],"replies":[{"embeddable":true,"href":"https:\/\/www.europesays.com\/fr\/wp-json\/wp\/v2\/comments?post=147505"}],"version-history":[{"count":0,"href":"https:\/\/www.europesays.com\/fr\/wp-json\/wp\/v2\/posts\/147505\/revisions"}],"wp:featuredmedia":[{"embeddable":true,"href":"https:\/\/www.europesays.com\/fr\/wp-json\/wp\/v2\/media\/147506"}],"wp:attachment":[{"href":"https:\/\/www.europesays.com\/fr\/wp-json\/wp\/v2\/media?parent=147505"}],"wp:term":[{"taxonomy":"category","embeddable":true,"href":"https:\/\/www.europesays.com\/fr\/wp-json\/wp\/v2\/categories?post=147505"},{"taxonomy":"post_tag","embeddable":true,"href":"https:\/\/www.europesays.com\/fr\/wp-json\/wp\/v2\/tags?post=147505"}],"curies":[{"name":"wp","href":"https:\/\/api.w.org\/{rel}","templated":true}]}}