{"id":147514,"date":"2025-06-02T23:08:11","date_gmt":"2025-06-02T23:08:11","guid":{"rendered":"https:\/\/www.europesays.com\/fr\/147514\/"},"modified":"2025-06-02T23:08:11","modified_gmt":"2025-06-02T23:08:11","slug":"brooklyn-beckham-sexprime-sur-les-rumeurs-de-conflits-dans-la-famille","status":"publish","type":"post","link":"https:\/\/www.europesays.com\/fr\/147514\/","title":{"rendered":"Brooklyn Beckham s\u2019exprime sur les rumeurs de conflits dans la famille"},"content":{"rendered":"<p>Dans une interview crois\u00e9e avec sa femme publi\u00e9e dans Glamour Germany ce 2 juin 2025, l\u2019a\u00een\u00e9 du clan Beckham a abord\u00e9 les rumeurs entourant son couple.<\/p>\n<p class=\"fig-paragraph\">Les rumeurs de tensions entre\u00a0<a href=\"https:\/\/madame.lefigaro.fr\/tag\/brooklyn-beckham\" target=\"_blank\" rel=\"noopener\" data-gtm-custom-categorie=\"navigation\" data-gtm-custom-action=\"crossclick\" data-gtm-custom-label=\"Contextuel\" data-gtm-event=\"customEventSPE\">Brooklyn Beckham<\/a>\u00a0et ses parents,\u00a0<a href=\"https:\/\/madame.lefigaro.fr\/tag\/david-beckham\" target=\"_blank\" rel=\"noopener\" data-gtm-custom-categorie=\"navigation\" data-gtm-custom-action=\"crossclick\" data-gtm-custom-label=\"Contextuel\" data-gtm-event=\"customEventSPE\">David\u00a0<\/a>et\u00a0<a href=\"https:\/\/madame.lefigaro.fr\/tag\/victoria-beckham\" target=\"_blank\" rel=\"noopener\" data-gtm-custom-categorie=\"navigation\" data-gtm-custom-action=\"crossclick\" data-gtm-custom-label=\"Contextuel\" data-gtm-event=\"customEventSPE\">Victoria<\/a>, sont presque aussi vieilles que son couple avec\u00a0<a href=\"http:\/\/madame.lefigaro.fr\/celebrites\/actu-people\/ils-sont-blesses-et-decus-pourquoi-brooklyn-beckham-et-nicola-peltz-etaient-absents-aux-50-ans-de-david-beckham-20250507\" data-fig-type=\"Article\" data-gtm-custom-categorie=\"navigation\" data-gtm-custom-action=\"crossclick\" data-gtm-custom-label=\"Contextuel\" data-gtm-event=\"customEventSPE\" data-fig-domain=\"MADAME\" target=\"_blank\" rel=\"noopener\">Nicola Peltz-Beckham<\/a>, qu\u2019il a \u00e9pous\u00e9e en 2022. D\u00e8s l\u2019annonce du\u00a0<a href=\"https:\/\/madame.lefigaro.fr\/tag\/mariage\" target=\"_blank\" rel=\"noopener\" data-gtm-custom-categorie=\"navigation\" data-gtm-custom-action=\"crossclick\" data-gtm-custom-label=\"Contextuel\" data-gtm-event=\"customEventSPE\">mariage\u00a0<\/a>des deux tourtereaux, les premiers \u00e9chos de m\u00e9sentente entre la matriarche et la belle-fille arrivent jusque dans les tablo\u00efds. Les pr\u00e9paratifs auraient \u00e9t\u00e9 terriblement tendus. Pire encore, des invit\u00e9s des noces Peltz-Beckham ont confi\u00e9 cette semaine que le jour J,\u00a0<a href=\"http:\/\/madame.lefigaro.fr\/celebrites\/actu-people\/elle-a-quitte-la-piece-en-pleurant-la-danse-de-victoria-beckham-qui-aurait-blesse-sa-belle-fille-nicola-peltz-le-jour-de-son-mariage-20250530\" data-fig-type=\"Article\" data-gtm-custom-categorie=\"navigation\" data-gtm-custom-action=\"crossclick\" data-gtm-custom-label=\"Contextuel\" data-gtm-event=\"customEventSPE\" data-fig-domain=\"MADAME\" target=\"_blank\" rel=\"noopener\">Nicola serait sortie de la salle de mariage en larmes<\/a>, \u00e0 cause de Victoria Beckham.<\/p>\n<p class=\"fig-body-link&#10;    \">\n            \u00c0 lire aussi<br \/>\n        <a class=\"fig-body-link__link\" href=\"http:\/\/madame.lefigaro.fr\/celebrites\/actu-people\/mais-que-se-passe-t-il-chez-les-beckham-20250527\" data-fig-type=\"Article\" data-gtm-custom-categorie=\"navigation\" data-gtm-custom-action=\"crossclick\" data-gtm-custom-label=\"Contextuel\" data-gtm-event=\"customEventSPE\" data-fig-domain=\"MADAME\" target=\"_blank\" rel=\"noopener\">Mais que se passe-t-il chez les Beckham\u00a0?<\/a>\n<\/p>\n<p>Le grand absent des photos de famille<\/p>\n<p class=\"fig-paragraph\">\u00c0 plusieurs reprises, les deux femmes ont tent\u00e9 de d\u00e9mentir ces rumeurs<a href=\"http:\/\/madame.lefigaro.fr\/celebrites\/actu-people\/je-t-aime-tellement-victoria-beckham-fete-les-30-ans-de-la-nouvelle-femme-de-leur-famille-20250110\" data-fig-type=\"Article\" data-gtm-custom-categorie=\"navigation\" data-gtm-custom-action=\"crossclick\" data-gtm-custom-label=\"Contextuel\" data-gtm-event=\"customEventSPE\" data-fig-domain=\"MADAME\" target=\"_blank\" rel=\"noopener\">\u00a0en postant des vid\u00e9os ou photos d\u2019elles complices<\/a>\u00a0sur leurs comptes Instagram respectifs. Mais certains signes ne trompent pas. Alors que le clan Beckham est connu pour \u00eatre tr\u00e8s soud\u00e9, les enfants ne rechignant jamais \u00e0 poser aux c\u00f4t\u00e9s de leurs parents lors d\u2019\u00e9v\u00e8nements en leur honneur, Brooklyn manque syst\u00e9matiquement \u00e0 l\u2019appel depuis plusieurs mois. La<a href=\"https:\/\/madame.lefigaro.fr\/tag\/fashion-week\" target=\"_blank\" rel=\"noopener\" data-gtm-custom-categorie=\"navigation\" data-gtm-custom-action=\"crossclick\" data-gtm-custom-label=\"Contextuel\" data-gtm-event=\"customEventSPE\">\u00a0fashion week<\/a>\u00a0de Paris o\u00f9 sa m\u00e8re a d\u00e9sormais ses habitudes\u00a0? Il est le seul absent. L\u2019anniversaire remarqu\u00e9 de sa m\u00e8re\u00a0? Idem. Le 2 mai dernier, il est le seul du clan \u00e0 ne pas f\u00eater publiquement\u00a0<a href=\"http:\/\/madame.lefigaro.fr\/celebrites\/famille-amis-miami-en-image-la-premiere-soiree-d-anniversaire-des-50-ans-de-david-beckham-20250401\" data-fig-type=\"Article\" data-gtm-custom-categorie=\"navigation\" data-gtm-custom-action=\"crossclick\" data-gtm-custom-label=\"Contextuel\" data-gtm-event=\"customEventSPE\" data-fig-domain=\"MADAME\" target=\"_blank\" rel=\"noopener\">un bon anniversaire \u00e0 son p\u00e8re<\/a>. Sur la toile, les rumeurs s\u2019enflamment.<\/p>\n<p>\u00abCe n\u2019est pas toujours facile\u00bb<\/p>\n<p class=\"fig-paragraph\">S\u2019ils n\u2019ont pas voulu parler ouvertement de ce suppos\u00e9 conflit avec David et Victoria Beckham, Brooklyn et Nicola se sont livr\u00e9s \u00e0 c\u0153ur ouvert \u00e0<a href=\"https:\/\/www.glamour.de\/artikel\/cover-star-nicola-brooklyn-peltz-beckham-im-interview\" target=\"_blank\" rel=\"nofollow noopener\" data-gtm-custom-categorie=\"navigation\" data-gtm-custom-action=\"crossclick\" data-gtm-custom-label=\"Contextuel\" data-gtm-event=\"customEventSPE\">\u00a0Glamour Germany<\/a> . Dans une interview fleuve, ils \u00e9voquent les d\u00e9buts de leur relation, les premiers \u00abje t\u2019aime\u00bb et les nombreuses rumeurs qui circulent \u00e0 leur sujet. Comment prot\u00e9ger sa vie priv\u00e9e dans ces conditions\u00a0? \u00abNe pas \u00e9couter toutes ces b\u00eatises. Faire profil bas, travaille dur, reste gentil. Il y aura toujours des gens pour parler. L\u2019important, c\u2019est qu\u2019on soit heureux ensemble\u00bb, \u00e9lude Brooklyn Beckham. \u00abCe n\u2019est pas toujours facile. Des histoires sur nous apparaissent constamment sur\u00a0<a href=\"https:\/\/madame.lefigaro.fr\/tag\/tiktok\" target=\"_blank\" rel=\"noopener\" data-gtm-custom-categorie=\"navigation\" data-gtm-custom-action=\"crossclick\" data-gtm-custom-label=\"Contextuel\" data-gtm-event=\"customEventSPE\">TikTok<\/a>. Quand je lis des fake news, j\u2019aimerais les d\u00e9mentir imm\u00e9diatement, mais \u00e7a n\u2019en vaut pas la peine. La seule chose que je peux faire, c\u2019est faire d\u00e9filer la page et passer \u00e0 autre chose\u00bb. S\u2019ils souhaitaient certainement calmer les rumeurs, l\u2019absence de r\u00e9ponse concr\u00e8te n\u2019a fait que les renforcer.<\/p>\n","protected":false},"excerpt":{"rendered":"Dans une interview crois\u00e9e avec sa femme publi\u00e9e dans Glamour Germany ce 2 juin 2025, l\u2019a\u00een\u00e9 du clan&hellip;\n","protected":false},"author":2,"featured_media":147515,"comment_status":"","ping_status":"","sticky":false,"template":"","format":"standard","meta":{"footnotes":""},"categories":[8],"tags":[976,18948,972,11193,58,2773,59,652,638,1011,27,977,973,975,974,6482],"class_list":{"0":"post-147514","1":"post","2":"type-post","3":"status-publish","4":"format-standard","5":"has-post-thumbnail","7":"category-divertissement","8":"tag-actu-people","9":"tag-brooklyn-beckham","10":"tag-celebrite","11":"tag-david-beckham","12":"tag-divertissement","13":"tag-enfants-de","14":"tag-entertainment","15":"tag-famille","16":"tag-figaro","17":"tag-fr","18":"tag-france","19":"tag-madame","20":"tag-people","21":"tag-potain-de-stars","22":"tag-star","23":"tag-victoria-beckham"},"share_on_mastodon":{"url":"https:\/\/pubeurope.com\/@fr\/114616290923110313","error":""},"_links":{"self":[{"href":"https:\/\/www.europesays.com\/fr\/wp-json\/wp\/v2\/posts\/147514","targetHints":{"allow":["GET"]}}],"collection":[{"href":"https:\/\/www.europesays.com\/fr\/wp-json\/wp\/v2\/posts"}],"about":[{"href":"https:\/\/www.europesays.com\/fr\/wp-json\/wp\/v2\/types\/post"}],"author":[{"embeddable":true,"href":"https:\/\/www.europesays.com\/fr\/wp-json\/wp\/v2\/users\/2"}],"replies":[{"embeddable":true,"href":"https:\/\/www.europesays.com\/fr\/wp-json\/wp\/v2\/comments?post=147514"}],"version-history":[{"count":0,"href":"https:\/\/www.europesays.com\/fr\/wp-json\/wp\/v2\/posts\/147514\/revisions"}],"wp:featuredmedia":[{"embeddable":true,"href":"https:\/\/www.europesays.com\/fr\/wp-json\/wp\/v2\/media\/147515"}],"wp:attachment":[{"href":"https:\/\/www.europesays.com\/fr\/wp-json\/wp\/v2\/media?parent=147514"}],"wp:term":[{"taxonomy":"category","embeddable":true,"href":"https:\/\/www.europesays.com\/fr\/wp-json\/wp\/v2\/categories?post=147514"},{"taxonomy":"post_tag","embeddable":true,"href":"https:\/\/www.europesays.com\/fr\/wp-json\/wp\/v2\/tags?post=147514"}],"curies":[{"name":"wp","href":"https:\/\/api.w.org\/{rel}","templated":true}]}}