{"id":147520,"date":"2025-06-02T23:11:10","date_gmt":"2025-06-02T23:11:10","guid":{"rendered":"https:\/\/www.europesays.com\/fr\/147520\/"},"modified":"2025-06-02T23:11:10","modified_gmt":"2025-06-02T23:11:10","slug":"trahie-par-ses-photos-de-running-une-anglaise-pas-si-malade-condamnee-pour-escroquerie-aux-allocs-2","status":"publish","type":"post","link":"https:\/\/www.europesays.com\/fr\/147520\/","title":{"rendered":"Trahie par ses photos de running, une Anglaise pas si malade condamn\u00e9e pour escroquerie aux allocs"},"content":{"rendered":"<p>Courir des dizaines de kilom\u00e8tres tout en d\u00e9clarant ne pas pouvoir se lever sans aide\u00a0: c\u2019est la double vie de Sara Morris, une anglaise \u00e2g\u00e9e de 50 ans. <a href=\"https:\/\/www.stokesentinel.co.uk\/news\/stoke-on-trent-news\/benefit-cheat-mum-must-repay-10223993\" target=\"_blank\" class=\"color-ultramarine c-link\" rel=\"noopener\">Selon un site d\u2019information local qui a r\u00e9v\u00e9l\u00e9 l\u2019affaire<\/a>, cette m\u00e8re de trois enfants aurait per\u00e7u plus de 20.000 \u00a3 (soit environ 23.00 euros) d\u2019allocations injustifi\u00e9es.<\/p>\n<p>Diagnostiqu\u00e9e de <a href=\"https:\/\/www.20minutes.fr\/dossier\/sclerose_en_plaques\" class=\"color-ultramarine c-link\" target=\"_blank\" rel=\"noopener\">scl\u00e9rose en plaques<\/a> en\u00a02005, elle avait obtenu une allocation pour handicap s\u00e9v\u00e8re (PIP) en exag\u00e9rant fortement son \u00e9tat de sant\u00e9. Elle affirmait ne pas pouvoir cuisiner debout, avoir des pertes d\u2019\u00e9quilibre, et \u00eatre prise d\u2019anxi\u00e9t\u00e9 \u00e0 la simple id\u00e9e de devoir sortir de chez elle.<\/p>\n<\/p>\n<p>Facebook et 73 courses plus tard<\/p>\n<p>Ce que cette anglaise r\u00e9sidente de Stoke-on-Trent (<a href=\"https:\/\/www.20minutes.fr\/monde\/royaume-uni\/\" class=\"color-ultramarine c-link\" target=\"_blank\" rel=\"noopener\">Royaume-Uni<\/a>) a omis de mentionner \u00e0 l\u2019administration, c\u2019est qu\u2019elle faisait partie du club Stone Master Marathoners et participait r\u00e9guli\u00e8rement \u00e0 des courses de 5 et 10 kilom\u00e8tres. En tout, elle a pris part \u00e0 pas moins de 73 comp\u00e9titions entre\u00a02019 et\u00a02022.<\/p>\n<p>Les enqu\u00eateurs ont retrouv\u00e9 des photos et publications de la cinquantenaire sur <a href=\"https:\/\/www.20minutes.fr\/high-tech\/facebook\/\" class=\"color-ultramarine c-link\" target=\"_blank\" rel=\"noopener\">Facebook<\/a>, des preuves de mobilit\u00e9 qui le montre en pleine course. Une surveillance physique a \u00e9t\u00e9 mise en place en\u00a02023\u00a0: Sara Morris a \u00e9t\u00e9 observ\u00e9e en train de courir sans aide et sans aucun signe de g\u00eane apparente.<\/p>\n<p><a href=\"https:\/\/www.20minutes.fr\/dossier\/angleterre\" class=\"c-link c-btn c-btn--primary\" target=\"_blank\" rel=\"noopener\">Nos articles sur l&rsquo;Angleterre<\/a>D\u00e9j\u00e0 condamn\u00e9e, elle doit maintenant rembourser<\/p>\n<p>Condamn\u00e9e \u00e0 8 mois de prison en juillet\u00a02024 pour fausse d\u00e9claration, Sara Morris est revenue devant le tribunal cette semaine. Le juge lui a ordonn\u00e9 de rembourser les quelque 22.386 \u00a3 dans les 28 jours \u00e0 venir, faute de quoi elle sera mise en d\u00e9tention pour neuf mois.<\/p>\n<p>Son avocat a plaid\u00e9 des circonstances personnelles difficiles, \u00e9voquant une s\u00e9paration, des difficult\u00e9s financi\u00e8res et un comportement non pr\u00e9m\u00e9dit\u00e9. Il a reconnu que l\u2019ensemble des d\u00e9clarations faites au moment de la demande d\u2019allocations \u00e9tait \u00ab\u00a0malhonn\u00eate\u00a0\u00bb et incomplet.<\/p>\n","protected":false},"excerpt":{"rendered":"Courir des dizaines de kilom\u00e8tres tout en d\u00e9clarant ne pas pouvoir se lever sans aide\u00a0: c\u2019est la double&hellip;\n","protected":false},"author":2,"featured_media":147521,"comment_status":"","ping_status":"","sticky":false,"template":"","format":"standard","meta":{"footnotes":""},"categories":[5],"tags":[47,11,4708,7712,4688,1011,27,14,74,12,806,473,27665,28],"class_list":{"0":"post-147520","1":"post","2":"type-post","3":"status-publish","4":"format-standard","5":"has-post-thumbnail","7":"category-international","8":"tag-actualite","9":"tag-actualites","10":"tag-angleterre","11":"tag-course-a-pied","12":"tag-facebook","13":"tag-fr","14":"tag-france","15":"tag-international","16":"tag-monde","17":"tag-news","18":"tag-prison","19":"tag-royaume-uni","20":"tag-sclerose-en-plaques","21":"tag-world"},"share_on_mastodon":{"url":"https:\/\/pubeurope.com\/@fr\/114616302510115019","error":""},"_links":{"self":[{"href":"https:\/\/www.europesays.com\/fr\/wp-json\/wp\/v2\/posts\/147520","targetHints":{"allow":["GET"]}}],"collection":[{"href":"https:\/\/www.europesays.com\/fr\/wp-json\/wp\/v2\/posts"}],"about":[{"href":"https:\/\/www.europesays.com\/fr\/wp-json\/wp\/v2\/types\/post"}],"author":[{"embeddable":true,"href":"https:\/\/www.europesays.com\/fr\/wp-json\/wp\/v2\/users\/2"}],"replies":[{"embeddable":true,"href":"https:\/\/www.europesays.com\/fr\/wp-json\/wp\/v2\/comments?post=147520"}],"version-history":[{"count":0,"href":"https:\/\/www.europesays.com\/fr\/wp-json\/wp\/v2\/posts\/147520\/revisions"}],"wp:featuredmedia":[{"embeddable":true,"href":"https:\/\/www.europesays.com\/fr\/wp-json\/wp\/v2\/media\/147521"}],"wp:attachment":[{"href":"https:\/\/www.europesays.com\/fr\/wp-json\/wp\/v2\/media?parent=147520"}],"wp:term":[{"taxonomy":"category","embeddable":true,"href":"https:\/\/www.europesays.com\/fr\/wp-json\/wp\/v2\/categories?post=147520"},{"taxonomy":"post_tag","embeddable":true,"href":"https:\/\/www.europesays.com\/fr\/wp-json\/wp\/v2\/tags?post=147520"}],"curies":[{"name":"wp","href":"https:\/\/api.w.org\/{rel}","templated":true}]}}