{"id":147522,"date":"2025-06-02T23:12:10","date_gmt":"2025-06-02T23:12:10","guid":{"rendered":"https:\/\/www.europesays.com\/fr\/147522\/"},"modified":"2025-06-02T23:12:10","modified_gmt":"2025-06-02T23:12:10","slug":"a-lassemblee-le-modem-boycotte-la-rehabilitaton-de-dreyfus-mediapart","status":"publish","type":"post","link":"https:\/\/www.europesays.com\/fr\/147522\/","title":{"rendered":"\u00c0 l\u2019Assembl\u00e9e, le MoDem boycotte la r\u00e9habilitaton de Dreyfus &#8211; Mediapart"},"content":{"rendered":"<ol>\n<li><a href=\"https:\/\/news.google.com\/rss\/articles\/CBMiqwFBVV95cUxPa2R3UVlkaWNRVmU0WkZVTnp3VDhsb2xja3lWczRrMDVZLUE1NS1nMW0xaGdDcE5JT3d6YmNsUmtoTTYzZ3cyOWNsMUoyaUJkT1EyU1VQRWkzaDB3cS0xNHd2S3psdzF5aThpaFpic1QwejN3NTNTVnZiQVVLbHNJUG1GZDBnLUIwV0pURjFsTlNRZUIyeEhQcVZJNUN0SF8zLUFSVzVlb09LYkU?oc=5\" target=\"_blank\" rel=\"nofollow noopener\">\u00c0 l\u2019Assembl\u00e9e, le MoDem boycotte la r\u00e9habilitaton de Dreyfus<\/a>&nbsp;&nbsp;Mediapart<\/li>\n<li><a href=\"https:\/\/news.google.com\/rss\/articles\/CBMiggJBVV95cUxQcjVSVDdSZ19HdGVoeU1BU0syOTFiUGdJOVV0MkVmYWlwWVA4WGdWbWN6cC1SS1pGdzllREgtTlNtbk1XWm9uTkVuRmNFZmMzUzA1NUN1MjRkbEczcVJ5eUdSUjRHSnhhYzRfMlFNdjNWbklpWVJ0YTFWUURSS3dlYkhGcTlfc2hrMktBWjdhcEkyRzdabXF5dEF6UHNIQTAyNUdWSVpuMjRwcE44U1NLTWRKZU8xYkhLM3hLeHFfOWZDdm9fejJobGxSblpGbHdKRU1oVGFiWmVyZXJYeklydVJWaE91Y2ZOVjYwYk1HU095VzFNazdFQjNQelVzcmYyc3c?oc=5\" target=\"_blank\" rel=\"nofollow noopener\">L\u2019Assembl\u00e9e nationale vote \u00e0 l\u2019unanimit\u00e9 l\u2019\u00e9l\u00e9vation d\u2019Alfred Dreyfus au grade de \u00ab g\u00e9n\u00e9ral de brigade \u00bb<\/a>&nbsp;&nbsp;Le Monde.fr<\/li>\n<li><a href=\"https:\/\/news.google.com\/rss\/articles\/CBMivgFBVV95cUxObVF0d3dLU1dHWDNsaWh0Z3RmRkJad2YtcjdpUFpqWmtlcnMwTVNEeFRpTE9SM25tMDZYTFB2NG56QTJWTUZ4UkNsRFJ1YlBSeUdkZ3hHNjRNWUxjdXFJa0xDOUdNWG9fdkdpbDZmMDhIMFQ0OXd1R0JMQWhQREtLWkdDNGFQV1RyUUlJRkRQWVg0b0FsVUZ6TFhReXYwOTlFTWFNMVF1YzF0clY4Tkt3VjFmRjB3Z016b0RVN3lB?oc=5\" target=\"_blank\" rel=\"nofollow noopener\">En l&rsquo;absence du MoDem, les d\u00e9put\u00e9s adoptent \u00e0 l&rsquo;unanimit\u00e9 la promotion posthume de Dreyfus<\/a>&nbsp;&nbsp;l&rsquo;Opinion<\/li>\n<li><a href=\"https:\/\/news.google.com\/rss\/articles\/CBMitAFBVV95cUxPdTJrd2wxX25yZU9Nem0zVmpOcW0zSGEwT2toUjNIMzdORW92WlZjbmxuVW56TVBjbzVpemtERFpUQk1mcndMZmI4SHVKNWN3VUFEMnNrU245dlRVVFJWUmJGSnhyNGgtUUFuNi12Zm4zM041dW9aWXNyUWVGUkFrV3A4aVV3ci1oVmJkSHVoT0l3XzRadHg4R1ZVMUNJQUFVNVJldnhoOGtXSWpYdllXT2gtX3A?oc=5\" target=\"_blank\" rel=\"nofollow noopener\">Dreyfus nomm\u00e9 g\u00e9n\u00e9ral \u00e0 titre posthume : Gabriel Attal fait (encore) du Macron<\/a>&nbsp;&nbsp;Marianne<\/li>\n<li><a href=\"https:\/\/news.google.com\/rss\/articles\/CBMirgFBVV95cUxOcENfZlBodGwyWDRmZUhSZkpaMG9YTlZ1d3Q0ZTFaNTFSOXNybmZWZEcybDMySkpzcUVxdFRvbHVDamZWSnBqU24zdzZ1ZklwblVQWjlkd1NGSWpLTTV0RlprZVhBWlQtY0h4NE4xdEd0cDI0WHUwNFd4ZzJLYUNqbTdBZUR0RXZ2M2RmYmlXSFNoX0ZvOUgtMDExN2JaZHdsZnNCX01SS3h3eEtvUVE?oc=5\" target=\"_blank\" rel=\"nofollow noopener\">Les d\u00e9put\u00e9s unanimes pour \u00e9lever Alfred Dreyfus au rang de g\u00e9n\u00e9ral de brigade<\/a>&nbsp;&nbsp;20 Minutes<\/li>\n<\/ol>\n","protected":false},"excerpt":{"rendered":"\u00c0 l\u2019Assembl\u00e9e, le MoDem boycotte la r\u00e9habilitaton de Dreyfus&nbsp;&nbsp;Mediapart L\u2019Assembl\u00e9e nationale vote \u00e0 l\u2019unanimit\u00e9 l\u2019\u00e9l\u00e9vation d\u2019Alfred Dreyfus au&hellip;\n","protected":false},"author":2,"featured_media":147523,"comment_status":"","ping_status":"","sticky":false,"template":"","format":"standard","meta":{"footnotes":""},"categories":[4],"tags":[11,27580,6155,416,1011,27,8776,2759,12,25],"class_list":{"0":"post-147522","1":"post","2":"type-post","3":"status-publish","4":"format-standard","5":"has-post-thumbnail","7":"category-france","8":"tag-actualites","9":"tag-alfred-dreyfus","10":"tag-antisemitisme","11":"tag-assemblee-nationale","12":"tag-fr","13":"tag-france","14":"tag-marc-fesneau","15":"tag-modem","16":"tag-news","17":"tag-republique-francaise"},"share_on_mastodon":{"url":"https:\/\/pubeurope.com\/@fr\/114616306487081260","error":""},"_links":{"self":[{"href":"https:\/\/www.europesays.com\/fr\/wp-json\/wp\/v2\/posts\/147522","targetHints":{"allow":["GET"]}}],"collection":[{"href":"https:\/\/www.europesays.com\/fr\/wp-json\/wp\/v2\/posts"}],"about":[{"href":"https:\/\/www.europesays.com\/fr\/wp-json\/wp\/v2\/types\/post"}],"author":[{"embeddable":true,"href":"https:\/\/www.europesays.com\/fr\/wp-json\/wp\/v2\/users\/2"}],"replies":[{"embeddable":true,"href":"https:\/\/www.europesays.com\/fr\/wp-json\/wp\/v2\/comments?post=147522"}],"version-history":[{"count":0,"href":"https:\/\/www.europesays.com\/fr\/wp-json\/wp\/v2\/posts\/147522\/revisions"}],"wp:featuredmedia":[{"embeddable":true,"href":"https:\/\/www.europesays.com\/fr\/wp-json\/wp\/v2\/media\/147523"}],"wp:attachment":[{"href":"https:\/\/www.europesays.com\/fr\/wp-json\/wp\/v2\/media?parent=147522"}],"wp:term":[{"taxonomy":"category","embeddable":true,"href":"https:\/\/www.europesays.com\/fr\/wp-json\/wp\/v2\/categories?post=147522"},{"taxonomy":"post_tag","embeddable":true,"href":"https:\/\/www.europesays.com\/fr\/wp-json\/wp\/v2\/tags?post=147522"}],"curies":[{"name":"wp","href":"https:\/\/api.w.org\/{rel}","templated":true}]}}