{"id":147536,"date":"2025-06-02T23:19:16","date_gmt":"2025-06-02T23:19:16","guid":{"rendered":"https:\/\/www.europesays.com\/fr\/147536\/"},"modified":"2025-06-02T23:19:16","modified_gmt":"2025-06-02T23:19:16","slug":"toulon-simpose-face-a-bordeaux-begles","status":"publish","type":"post","link":"https:\/\/www.europesays.com\/fr\/147536\/","title":{"rendered":"Toulon s&rsquo;impose face \u00e0 Bordeaux-B\u00e8gles"},"content":{"rendered":"<p>Toulon l&rsquo;a emport\u00e9 27-10 face \u00e0 Bordeaux-B\u00e8gles et peut encore r\u00eaver de chiper la deuxi\u00e8me place du Top 14 au tout r\u00e9cent champion d&rsquo;Europe alors que le leader Toulouse a renou\u00e9 avec la victoire contre Lyon dimanche lors de l&rsquo;avant-derni\u00e8re journ\u00e9e.<\/p>\n<p>Gr\u00e2ce \u00e0 leur premier succ\u00e8s depuis un mois et demi, les Varois reviennent \u00e0 un petit point de la deuxi\u00e8me place occup\u00e9e par les Bordelo-B\u00e9glais, qui se pr\u00e9sentaient \u00e0 Mayol avec une \u00e9quipe remani\u00e9e, une semaine apr\u00e8s leur sacre europ\u00e9en et de longues festivit\u00e9s.<\/p>\n<p>Wainiqolo s&rsquo;illustre<\/p>\n<p>Port\u00e9 par deux essais du Fidjien Jiuta Wainiqolo, dont une chevauch\u00e9e ph\u00e9nom\u00e9nale, le RCT aurait m\u00eame pu prendre la deuxi\u00e8me place directement qualificative en demi-finale en allant chercher le bonus offensif, mais l&rsquo;UBB a tenu bon en fin de partie.<\/p>\n<p>Ce contenu est bloqu\u00e9 car vous n&rsquo;avez pas accept\u00e9 les cookies et autres traceurs.<\/p>\n<p>En cliquant sur \u00ab J\u2019accepte \u00bb, les cookies et autres traceurs seront d\u00e9pos\u00e9s et vous pourrez visualiser les contenus  (<a href=\"\" class=\"consentModule_policy\" target=\"_blank\" title=\"Consulter la politique de protection des donn\u00e9es du fournisseur\">plus d&rsquo;informations<\/a>).<\/p>\n<p>En cliquant sur \u00ab J\u2019accepte tous les cookies \u00bb, vous autorisez des d\u00e9p\u00f4ts de cookies et autres traceurs pour le stockage de vos donn\u00e9es sur nos sites et applications \u00e0 des fins de personnalisation et de ciblage publicitaire.<\/p>\n<p class=\"consentModule_secondaryText\">Vous gardez la possibilit\u00e9 de retirer votre consentement \u00e0 tout moment en consultant notre <a href=\"https:\/\/www.vosgesmatin.fr\/protection-des-donnees\" target=\"_blank\" title=\"Consulter notre politique de protection des donn\u00e9es\" rel=\"nofollow noopener\">politique de protection des donn\u00e9es<\/a>. <br \/>&#13;<br \/>\n            <a href=\"https:\/\/www.vosgesmatin.fr\/sport\/2025\/06\/01\/javascript:Didomi.notice.show()\" class=\"consentModule_cmp\" rel=\"nofollow noopener\" target=\"_blank\">G\u00e9rer mes choix<\/a>&#13;\n        <\/p>\n<p>&#13;<br \/>\n                        J&rsquo;accepte&#13;<br \/>\n            J&rsquo;accepte tous les cookies&#13;\n        <\/p>\n<p>Les hommes de Yannick Bru ont leur destin en main et une victoire bonifi\u00e9e samedi prochain contre Vannes, tout proche de la rel\u00e9gation, leur garantirait un billet pour les demies alors que Toulon ira \u00e0 Bayonne, invaincu \u00e0 Jean-Dauger cette saison.<\/p>\n","protected":false},"excerpt":{"rendered":"Toulon l&rsquo;a emport\u00e9 27-10 face \u00e0 Bordeaux-B\u00e8gles et peut encore r\u00eaver de chiper la deuxi\u00e8me place du Top&hellip;\n","protected":false},"author":2,"featured_media":147537,"comment_status":"","ping_status":"","sticky":false,"template":"","format":"standard","meta":{"footnotes":""},"categories":[9619],"tags":[1111,11,1777,674,107,1011,27,12,882,25,479,517,1947,2310],"class_list":{"0":"post-147536","1":"post","2":"type-post","3":"status-publish","4":"format-standard","5":"has-post-thumbnail","7":"category-toulon","8":"tag-actu","9":"tag-actualites","10":"tag-eu","11":"tag-europe","12":"tag-fil-info","13":"tag-fr","14":"tag-france","15":"tag-news","16":"tag-provence-alpes-cote-dazur","17":"tag-republique-francaise","18":"tag-rugby","19":"tag-sport","20":"tag-sport-national","21":"tag-toulon"},"share_on_mastodon":{"url":"https:\/\/pubeurope.com\/@fr\/114616333999090133","error":""},"_links":{"self":[{"href":"https:\/\/www.europesays.com\/fr\/wp-json\/wp\/v2\/posts\/147536","targetHints":{"allow":["GET"]}}],"collection":[{"href":"https:\/\/www.europesays.com\/fr\/wp-json\/wp\/v2\/posts"}],"about":[{"href":"https:\/\/www.europesays.com\/fr\/wp-json\/wp\/v2\/types\/post"}],"author":[{"embeddable":true,"href":"https:\/\/www.europesays.com\/fr\/wp-json\/wp\/v2\/users\/2"}],"replies":[{"embeddable":true,"href":"https:\/\/www.europesays.com\/fr\/wp-json\/wp\/v2\/comments?post=147536"}],"version-history":[{"count":0,"href":"https:\/\/www.europesays.com\/fr\/wp-json\/wp\/v2\/posts\/147536\/revisions"}],"wp:featuredmedia":[{"embeddable":true,"href":"https:\/\/www.europesays.com\/fr\/wp-json\/wp\/v2\/media\/147537"}],"wp:attachment":[{"href":"https:\/\/www.europesays.com\/fr\/wp-json\/wp\/v2\/media?parent=147536"}],"wp:term":[{"taxonomy":"category","embeddable":true,"href":"https:\/\/www.europesays.com\/fr\/wp-json\/wp\/v2\/categories?post=147536"},{"taxonomy":"post_tag","embeddable":true,"href":"https:\/\/www.europesays.com\/fr\/wp-json\/wp\/v2\/tags?post=147536"}],"curies":[{"name":"wp","href":"https:\/\/api.w.org\/{rel}","templated":true}]}}