{"id":147538,"date":"2025-06-02T23:20:09","date_gmt":"2025-06-02T23:20:09","guid":{"rendered":"https:\/\/www.europesays.com\/fr\/147538\/"},"modified":"2025-06-02T23:20:09","modified_gmt":"2025-06-02T23:20:09","slug":"previsions-du-mardi-3-juin-2025","status":"publish","type":"post","link":"https:\/\/www.europesays.com\/fr\/147538\/","title":{"rendered":"pr\u00e9visions du mardi 3 juin 2025"},"content":{"rendered":"<p>Montpellier aura la chance de pouvoir profiter d&rsquo;une belle journ\u00e9e ensoleill\u00e9e. Les valeurs s&rsquo;\u00e9chelonneront entre 18\u00b0C et 24\u00b0C. Le matin, le thermom\u00e8tre affichera 22\u00b0C en moyenne. Un modeste vent de nord-est sera ressenti par les habitants. Les temp\u00e9ratures seront de 23\u00b0C au plus bas et de 24\u00b0C au plus haut l&rsquo;apr\u00e8s-midi. Les valeurs iront de 19 \u00e0 21\u00b0C sur l&rsquo;ensemble de la soir\u00e9e. Durant votre sommeil, dans la nuit de mardi \u00e0 mercredi, le ciel sera clair.<\/p>\n<p>Des averses sont pr\u00e9vues demain, et risquent de perturber les balades \u00e0 Montpellier. Une baisse du mercure est \u00e0 craindre. Il va faire en moyenne 20\u00b0C. Dans la matin\u00e9e, les temp\u00e9ratures avoisineront les 20\u00b0C. Une brise de sud-est soufflera doucement. Les temp\u00e9ratures seront comprises entre 21 et 22\u00b0C demain apr\u00e8s-midi. Il fera 21\u00b0C en moyenne demain soir. Un vent d&rsquo;ouest rafra\u00eechira quelque peu l&rsquo;atmosph\u00e8re.<\/p>\n<p>La m\u00e9t\u00e9o des journ\u00e9es qui suivent va s&rsquo;am\u00e9liorer. Comptez sur 22\u00b0C en moyenne qui accompagneront des journ\u00e9es ensoleill\u00e9es.<\/p>\n<p><\/p>\n","protected":false},"excerpt":{"rendered":"Montpellier aura la chance de pouvoir profiter d&rsquo;une belle journ\u00e9e ensoleill\u00e9e. Les valeurs s&rsquo;\u00e9chelonneront entre 18\u00b0C et 24\u00b0C.&hellip;\n","protected":false},"author":2,"featured_media":147539,"comment_status":"","ping_status":"","sticky":false,"template":"","format":"standard","meta":{"footnotes":""},"categories":[9599],"tags":[1111,11,1777,674,1011,27,2208,12,2680,2119,25],"class_list":{"0":"post-147538","1":"post","2":"type-post","3":"status-publish","4":"format-standard","5":"has-post-thumbnail","7":"category-montpellier","8":"tag-actu","9":"tag-actualites","10":"tag-eu","11":"tag-europe","12":"tag-fr","13":"tag-france","14":"tag-montpellier","15":"tag-news","16":"tag-occitanie","17":"tag-previsions-meteo","18":"tag-republique-francaise"},"share_on_mastodon":{"url":"https:\/\/pubeurope.com\/@fr\/114616337917474235","error":""},"_links":{"self":[{"href":"https:\/\/www.europesays.com\/fr\/wp-json\/wp\/v2\/posts\/147538","targetHints":{"allow":["GET"]}}],"collection":[{"href":"https:\/\/www.europesays.com\/fr\/wp-json\/wp\/v2\/posts"}],"about":[{"href":"https:\/\/www.europesays.com\/fr\/wp-json\/wp\/v2\/types\/post"}],"author":[{"embeddable":true,"href":"https:\/\/www.europesays.com\/fr\/wp-json\/wp\/v2\/users\/2"}],"replies":[{"embeddable":true,"href":"https:\/\/www.europesays.com\/fr\/wp-json\/wp\/v2\/comments?post=147538"}],"version-history":[{"count":0,"href":"https:\/\/www.europesays.com\/fr\/wp-json\/wp\/v2\/posts\/147538\/revisions"}],"wp:featuredmedia":[{"embeddable":true,"href":"https:\/\/www.europesays.com\/fr\/wp-json\/wp\/v2\/media\/147539"}],"wp:attachment":[{"href":"https:\/\/www.europesays.com\/fr\/wp-json\/wp\/v2\/media?parent=147538"}],"wp:term":[{"taxonomy":"category","embeddable":true,"href":"https:\/\/www.europesays.com\/fr\/wp-json\/wp\/v2\/categories?post=147538"},{"taxonomy":"post_tag","embeddable":true,"href":"https:\/\/www.europesays.com\/fr\/wp-json\/wp\/v2\/tags?post=147538"}],"curies":[{"name":"wp","href":"https:\/\/api.w.org\/{rel}","templated":true}]}}