{"id":147546,"date":"2025-06-02T23:26:41","date_gmt":"2025-06-02T23:26:41","guid":{"rendered":"https:\/\/www.europesays.com\/fr\/147546\/"},"modified":"2025-06-02T23:26:41","modified_gmt":"2025-06-02T23:26:41","slug":"1-224-cachets-decstasy-et-2-kg-de-cannabis-saisis-par-la-gendarmerie","status":"publish","type":"post","link":"https:\/\/www.europesays.com\/fr\/147546\/","title":{"rendered":"1 224 cachets d\u2019ecstasy et 2 kg de cannabis saisis par la gendarmerie"},"content":{"rendered":"<p>            Par<br \/>\n        <strong><br \/>\n            <a href=\"https:\/\/actu.fr\/auteur\/leo-gautret-actu-fr\" title=\"Consulter tous les articles de L\u00e9o Gautret\" rel=\"nofollow noopener\" target=\"_blank\">L\u00e9o Gautret<\/a><br \/>\n        <\/strong><\/p>\n<p>        Publi\u00e9 le<\/p>\n<p>            2 juin 2025 \u00e0 18h43        <\/p>\n<p>Une grande op\u00e9ration de contr\u00f4le <b>\u00ab\u2009anti-stup\u2009\u00bb <\/b>\u00e9tait men\u00e9e <b>mardi 27\u00a0mai <\/b>2025, sur les<b> principaux axes routiers du d\u00e9partement <\/b>d\u2019Ille-et-Vilaine et sur la ligne TGV.<\/p>\n<p class=\" wall-content\">Ces zones avaient \u00e9t\u00e9 identifi\u00e9es par la pr\u00e9fecture comme \u00ab\u2009voies d\u2019approvisionnement des stup\u00e9fiants\u2009\u00bb.<\/p>\n<p>400 v\u00e9hicules contr\u00f4l\u00e9s<\/p>\n<p class=\" wall-content\">70 gendarmes dont 45 militaires des compagnies de Vitr\u00e9 et Rennes \u00e9taient mobilis\u00e9s. Une \u00e9quipe cynophile de la compagnie de Plo\u00ebrmel, l\u2019escadron d\u00e9partemental de s\u00e9curit\u00e9 routi\u00e8re, 50 policiers, 40 douaniers et des agents de la DIR Ouest participaient \u00e9galement \u00e0 cette action coordonn\u00e9e.<\/p>\n<p class=\" wall-content\">La pr\u00e9fecture communique un bilan cons\u00e9quent apr\u00e8s le contr\u00f4le de pr\u00e8s de <b>400 v\u00e9hicules et 650\u00a0personnes.<\/b><\/p>\n<p>    <img   decoding=\"async\" loading=\"lazy\" class=\"size-large\" src=\"https:\/\/www.europesays.com\/fr\/wp-content\/uploads\/2025\/06\/542f1383dd386582f1383dd382c2f1v-960x640.jpg\" alt=\"Pr\u00e9fecture d'Ille-et-Vilaine drogue contr\u00f4le routier\" width=\"960\" height=\"640\"\/><br \/>\n    Une \u00e9quipe cynophile est intervenue. \u00a9Pr\u00e9fecture d\u2019Ille-et-VilaineVid\u00e9os : en ce moment sur ActuUn homme plac\u00e9 en garde \u00e0 vue<\/p>\n<p class=\" wall-content\">Un individu a \u00e9t\u00e9 plac\u00e9 en <b>garde \u00e0 vue<\/b> avec saisie de son v\u00e9hicule. <b>Plus 2\u00a0kg de cannabis, 115\u00a0g de coca\u00efne<\/b> et<b> 1\u2009224 cachets d\u2019ecstasy<\/b> ont \u00e9t\u00e9 saisis.<\/p>\n<p class=\" wall-content\">Les contr\u00f4les ont par ailleurs conduit \u00e0 <b>sept amendes forfaitaires d\u00e9lictuelles<\/b> et \u00e0 une proc\u00e9dure pour transport ill\u00e9gal de tabac.<\/p>\n<p class=\" wall-content\">Plusieurs <b>infractions routi\u00e8res<\/b> pour conduite sans permis, conduite sous alcool\u00e9mie ou encore d\u00e9faut d\u2019assurance ont \u00e9t\u00e9 relev\u00e9es.<\/p>\n<p class=\" wall-content\">\u00ab\u2009Ces op\u00e9rations seront reconduites r\u00e9guli\u00e8rement\u2009\u00bb, pr\u00e9vient la pr\u00e9fecture, qui inscrit cette op\u00e9ration dans son Plan d\u2019action d\u00e9partemental de restauration de la s\u00e9curit\u00e9 du quotidien (PADRSQ).<\/p>\n<p class=\" wall-content\">Suivez toute l\u2019actualit\u00e9 de vos villes et m\u00e9dias favoris en vous inscrivant \u00e0 <a href=\"https:\/\/moncompte.actu.fr\" title=\"D\u00e9couvez Mon Actu\" rel=\"nofollow noopener\" data-trk=\"{&quot;cta&quot;:{&quot;action&quot;:&quot;https:\\\/\\\/moncompte.actu.fr&quot;,&quot;category&quot;:&quot;mon compte&quot;,&quot;from&quot;:&quot;article footer&quot;,&quot;name&quot;:&quot;Mon actu&quot;,&quot;type&quot;:&quot;cta&quot;}}\" target=\"_blank\">Mon Actu<\/a>.<\/p>\n","protected":false},"excerpt":{"rendered":"Par L\u00e9o Gautret Publi\u00e9 le 2 juin 2025 \u00e0 18h43 Une grande op\u00e9ration de contr\u00f4le \u00ab\u2009anti-stup\u2009\u00bb \u00e9tait men\u00e9e&hellip;\n","protected":false},"author":2,"featured_media":147547,"comment_status":"","ping_status":"","sticky":false,"template":"","format":"standard","meta":{"footnotes":""},"categories":[2821],"tags":[1111,11,829,1052,1777,674,118,1011,27,3381,12,584,25],"class_list":{"0":"post-147546","1":"post","2":"type-post","3":"status-publish","4":"format-standard","5":"has-post-thumbnail","7":"category-rennes","8":"tag-actu","9":"tag-actualites","10":"tag-bretagne","11":"tag-drogue","12":"tag-eu","13":"tag-europe","14":"tag-faits-divers","15":"tag-fr","16":"tag-france","17":"tag-gendarmerie","18":"tag-news","19":"tag-rennes","20":"tag-republique-francaise"},"share_on_mastodon":{"url":"https:\/\/pubeurope.com\/@fr\/114616361532440478","error":""},"_links":{"self":[{"href":"https:\/\/www.europesays.com\/fr\/wp-json\/wp\/v2\/posts\/147546","targetHints":{"allow":["GET"]}}],"collection":[{"href":"https:\/\/www.europesays.com\/fr\/wp-json\/wp\/v2\/posts"}],"about":[{"href":"https:\/\/www.europesays.com\/fr\/wp-json\/wp\/v2\/types\/post"}],"author":[{"embeddable":true,"href":"https:\/\/www.europesays.com\/fr\/wp-json\/wp\/v2\/users\/2"}],"replies":[{"embeddable":true,"href":"https:\/\/www.europesays.com\/fr\/wp-json\/wp\/v2\/comments?post=147546"}],"version-history":[{"count":0,"href":"https:\/\/www.europesays.com\/fr\/wp-json\/wp\/v2\/posts\/147546\/revisions"}],"wp:featuredmedia":[{"embeddable":true,"href":"https:\/\/www.europesays.com\/fr\/wp-json\/wp\/v2\/media\/147547"}],"wp:attachment":[{"href":"https:\/\/www.europesays.com\/fr\/wp-json\/wp\/v2\/media?parent=147546"}],"wp:term":[{"taxonomy":"category","embeddable":true,"href":"https:\/\/www.europesays.com\/fr\/wp-json\/wp\/v2\/categories?post=147546"},{"taxonomy":"post_tag","embeddable":true,"href":"https:\/\/www.europesays.com\/fr\/wp-json\/wp\/v2\/tags?post=147546"}],"curies":[{"name":"wp","href":"https:\/\/api.w.org\/{rel}","templated":true}]}}