{"id":147550,"date":"2025-06-02T23:29:09","date_gmt":"2025-06-02T23:29:09","guid":{"rendered":"https:\/\/www.europesays.com\/fr\/147550\/"},"modified":"2025-06-02T23:29:09","modified_gmt":"2025-06-02T23:29:09","slug":"previsions-du-mardi-3-juin-2025-2","status":"publish","type":"post","link":"https:\/\/www.europesays.com\/fr\/147550\/","title":{"rendered":"pr\u00e9visions du mardi 3 juin 2025"},"content":{"rendered":"<p>Aujourd&rsquo;hui, le soleil sera dissimul\u00e9 derri\u00e8re des nuages \u00e0 Strasbourg, o\u00f9 le ciel sera voil\u00e9. Les maximales atteindront les 24\u00b0C et les minimales seront de 14\u00b0C. Le matin, on sera sous un ciel bien maussade, couvert de nuages. Il faudra s&rsquo;attendre \u00e0 des perturbations, les Strasbourgeois se retrouveront sous des pluies \u00e9parses. Une petite brise de sud sera ressentie par les habitants. Des averses sont annonc\u00e9es l&rsquo;apr\u00e8s-midi, et peuvent perturber les balades. Les temp\u00e9ratures afficheront entre 20 et 24\u00b0C. Mauvais temps : on annonce des pluies \u00e9parses pour le soir. Le thermom\u00e8tre affichera 18\u00b0C en moyenne. Durant la nuit de mardi \u00e0 mercredi, le ciel sera brumeux.<\/p>\n<p>Demain, on verra l&rsquo;arriv\u00e9e de nuages \u00e0 Strasbourg. Le mercure va baisser de quelques degr\u00e9s. On anticipe des valeurs d&rsquo;environ 17\u00b0C. Le matin, le temps sera marqu\u00e9 par des pluies \u00e9parses. Il va faire en moyenne 17\u00b0C. Un l\u00e9ger vent de sud soufflera. L&rsquo;apr\u00e8s-midi se passera sous un ciel mitig\u00e9, marqu\u00e9 par de l\u00e9g\u00e8res averses. Les temp\u00e9ratures seront comprises entre 16\u00b0C et 20\u00b0C. Il devrait y avoir un risque de brouillard dans la soir\u00e9e. Une brise de sud-ouest soufflera doucement.<\/p>\n<p>Les jours se suivent et ne changent pas. Pr\u00e9voyez 19\u00b0C en moyenne qui accompagneront des journ\u00e9es pluvieuses.<\/p>\n<p><\/p>\n","protected":false},"excerpt":{"rendered":"Aujourd&rsquo;hui, le soleil sera dissimul\u00e9 derri\u00e8re des nuages \u00e0 Strasbourg, o\u00f9 le ciel sera voil\u00e9. Les maximales atteindront&hellip;\n","protected":false},"author":2,"featured_media":147551,"comment_status":"","ping_status":"","sticky":false,"template":"","format":"standard","meta":{"footnotes":""},"categories":[2820],"tags":[1111,11,2389,2649,1777,674,1011,27,775,12,2119,25,640],"class_list":{"0":"post-147550","1":"post","2":"type-post","3":"status-publish","4":"format-standard","5":"has-post-thumbnail","7":"category-strasbourg","8":"tag-actu","9":"tag-actualites","10":"tag-alsace","11":"tag-bas-rhin","12":"tag-eu","13":"tag-europe","14":"tag-fr","15":"tag-france","16":"tag-grand-est","17":"tag-news","18":"tag-previsions-meteo","19":"tag-republique-francaise","20":"tag-strasbourg"},"share_on_mastodon":{"url":"https:\/\/pubeurope.com\/@fr\/114616373684134093","error":""},"_links":{"self":[{"href":"https:\/\/www.europesays.com\/fr\/wp-json\/wp\/v2\/posts\/147550","targetHints":{"allow":["GET"]}}],"collection":[{"href":"https:\/\/www.europesays.com\/fr\/wp-json\/wp\/v2\/posts"}],"about":[{"href":"https:\/\/www.europesays.com\/fr\/wp-json\/wp\/v2\/types\/post"}],"author":[{"embeddable":true,"href":"https:\/\/www.europesays.com\/fr\/wp-json\/wp\/v2\/users\/2"}],"replies":[{"embeddable":true,"href":"https:\/\/www.europesays.com\/fr\/wp-json\/wp\/v2\/comments?post=147550"}],"version-history":[{"count":0,"href":"https:\/\/www.europesays.com\/fr\/wp-json\/wp\/v2\/posts\/147550\/revisions"}],"wp:featuredmedia":[{"embeddable":true,"href":"https:\/\/www.europesays.com\/fr\/wp-json\/wp\/v2\/media\/147551"}],"wp:attachment":[{"href":"https:\/\/www.europesays.com\/fr\/wp-json\/wp\/v2\/media?parent=147550"}],"wp:term":[{"taxonomy":"category","embeddable":true,"href":"https:\/\/www.europesays.com\/fr\/wp-json\/wp\/v2\/categories?post=147550"},{"taxonomy":"post_tag","embeddable":true,"href":"https:\/\/www.europesays.com\/fr\/wp-json\/wp\/v2\/tags?post=147550"}],"curies":[{"name":"wp","href":"https:\/\/api.w.org\/{rel}","templated":true}]}}