{"id":147552,"date":"2025-06-02T23:30:43","date_gmt":"2025-06-02T23:30:43","guid":{"rendered":"https:\/\/www.europesays.com\/fr\/147552\/"},"modified":"2025-06-02T23:30:43","modified_gmt":"2025-06-02T23:30:43","slug":"au-coeur-de-strasbourg-le-restaurant-au-petit-tonnelier-fete-30-ans-de-convivialite","status":"publish","type":"post","link":"https:\/\/www.europesays.com\/fr\/147552\/","title":{"rendered":"Au coeur de Strasbourg, le restaurant Au Petit Tonnelier f\u00eate 30 ans de convivialit\u00e9"},"content":{"rendered":"<p><strong>Si les ouvertures et les fermetures de restaurants s\u2019encha\u00eenent \u00e0 une vitesse folle, d\u2019autres restos traversent fi\u00e8rement le temps. C\u2019est le cas d\u2019une adresse situ\u00e9e dans le vieux Strasbourg qui, cette semaine, f\u00eatera ses 30 ans. On vous ouvre les portes d\u2019un repaire d\u2019habitu\u00e9(e)s et d\u2019\u00e9picurien(ne)s appel\u00e9 Au Petit Tonnelier.<\/strong><\/p>\n<p>Au milieu de la tr\u00e8s fr\u00e9quent\u00e9e rue des Tonneliers, on aper\u00e7oit <strong>une discr\u00e8te fa\u00e7ade noire : c\u2019est le Petit Tonnelier. <\/strong>Derri\u00e8re la vitre de cette <strong>adresse discr\u00e8te de 50 couverts<\/strong>, on d\u00e9couvre <strong>un lieu sobre et \u00e9l\u00e9gamment d\u00e9cor\u00e9<\/strong> de bouteilles de vin et de tableaux abstraits.<\/p>\n<p>                <img width=\"375\" height=\"500\" src=\"https:\/\/www.europesays.com\/fr\/wp-content\/uploads\/2025\/06\/le-petit-tonnelier-30-ans-cordon-bleu-tartare-img-7548-6-375x500.jpeg\" class=\"attachment-gallery size-gallery\" alt=\"Le Petit Tonnelier 30 ans cordon bleu tartare IMG_7548 6\" data-full-url=\"https:\/\/pokaa.fr\/wp-content\/uploads\/2025\/05\/30\/le-petit-tonnelier-30-ans-cordon-bleu-tartare-img-7548-6.jpeg\" decoding=\"async\" loading=\"lazy\"  \/>            <\/p>\n<p>                <img width=\"375\" height=\"500\" src=\"https:\/\/www.europesays.com\/fr\/wp-content\/uploads\/2025\/06\/le-petit-tonnelier-30-ans-cordon-bleu-tartare-img-7575-375x500.jpeg\" class=\"attachment-gallery size-gallery\" alt=\"Le Petit Tonnelier 30 ans cordon bleu tartare IMG_7575\" data-full-url=\"https:\/\/pokaa.fr\/wp-content\/uploads\/2025\/05\/30\/le-petit-tonnelier-30-ans-cordon-bleu-tartare-img-7575.jpeg\" decoding=\"async\" loading=\"lazy\"  \/>            <\/p>\n<p>                <img width=\"375\" height=\"500\" src=\"https:\/\/www.europesays.com\/fr\/wp-content\/uploads\/2025\/06\/le-petit-tonnelier-30-ans-cordon-bleu-tartare-img-7514-375x500.jpeg\" class=\"attachment-gallery size-gallery\" alt=\"Le Petit Tonnelier 30 ans cordon bleu tartare IMG_7514\" data-full-url=\"https:\/\/pokaa.fr\/wp-content\/uploads\/2025\/05\/30\/le-petit-tonnelier-30-ans-cordon-bleu-tartare-img-7514.jpeg\" decoding=\"async\" loading=\"lazy\"  \/>            <\/p>\n<p>                <img width=\"375\" height=\"500\" src=\"https:\/\/www.europesays.com\/fr\/wp-content\/uploads\/2025\/06\/le-petit-tonnelier-30-ans-cordon-bleu-tartare-img-7563-375x500.jpeg\" class=\"attachment-gallery size-gallery\" alt=\"Le Petit Tonnelier 30 ans cordon bleu tartare IMG_7563\" data-full-url=\"https:\/\/pokaa.fr\/wp-content\/uploads\/2025\/05\/30\/le-petit-tonnelier-30-ans-cordon-bleu-tartare-img-7563.jpeg\" decoding=\"async\" loading=\"lazy\"  \/>            <\/p>\n<p>                <img width=\"375\" height=\"500\" src=\"https:\/\/www.europesays.com\/fr\/wp-content\/uploads\/2025\/06\/le-petit-tonnelier-30-ans-cordon-bleu-tartare-img-7566-375x500.jpeg\" class=\"attachment-gallery size-gallery\" alt=\"Le Petit Tonnelier 30 ans cordon bleu tartare IMG_7566\" data-full-url=\"https:\/\/pokaa.fr\/wp-content\/uploads\/2025\/05\/30\/le-petit-tonnelier-30-ans-cordon-bleu-tartare-img-7566.jpeg\" decoding=\"async\" loading=\"lazy\"  \/>            <\/p>\n<p>                    \u00a9 Bastien Pietronave \/ Pokaa<\/p>\n<p>Ce restaurant, il vous dit s\u00fbrement quelque chose, <strong>\u00e0 vous, mais aussi \u00e0 vos parents<\/strong>. Ouvert en 1995, il a su <strong>\u00e9voluer avec son temps<\/strong>, il s\u2019est transform\u00e9, et au fil des ann\u00e9es, son embl\u00e9matique patron a su <strong>convaincre une client\u00e8le fid\u00e8le.<\/strong><\/p>\n<p><strong>Vincent Jungmann<\/strong>, c\u2019est son nom, n\u2019est pas peu fier de nous raconter son histoire, et celle de ses coll\u00e8gues et ami(e)s, <strong>d\u00e9but\u00e9e le 5 juin 1995.<\/strong><\/p>\n<p>                <img width=\"393\" height=\"500\" src=\"https:\/\/www.europesays.com\/fr\/wp-content\/uploads\/2025\/06\/le-petit-tonnelier-30-ans-cordon-bleu-tartare-img-7511-393x500.jpeg\" class=\"attachment-gallery size-gallery\" alt=\"Le Petit Tonnelier 30 ans cordon bleu tartare IMG_7511\" data-full-url=\"https:\/\/pokaa.fr\/wp-content\/uploads\/2025\/05\/30\/le-petit-tonnelier-30-ans-cordon-bleu-tartare-img-7511.jpeg\" decoding=\"async\" loading=\"lazy\"  \/>            <\/p>\n<p>                <img width=\"375\" height=\"500\" src=\"https:\/\/www.europesays.com\/fr\/wp-content\/uploads\/2025\/06\/le-petit-tonnelier-30-ans-cordon-bleu-tartare-img-7534-375x500.jpeg\" class=\"attachment-gallery size-gallery\" alt=\"Le Petit Tonnelier 30 ans cordon bleu tartare IMG_7534\" data-full-url=\"https:\/\/pokaa.fr\/wp-content\/uploads\/2025\/05\/30\/le-petit-tonnelier-30-ans-cordon-bleu-tartare-img-7534.jpeg\" decoding=\"async\" loading=\"lazy\"  \/>            <\/p>\n<p>                <img width=\"375\" height=\"500\" src=\"https:\/\/www.europesays.com\/fr\/wp-content\/uploads\/2025\/06\/le-petit-tonnelier-30-ans-cordon-bleu-tartare-img-7680-2-375x500.jpeg\" class=\"attachment-gallery size-gallery\" alt=\"Le Petit Tonnelier 30 ans cordon bleu tartare IMG_7680 2\" data-full-url=\"https:\/\/pokaa.fr\/wp-content\/uploads\/2025\/05\/30\/le-petit-tonnelier-30-ans-cordon-bleu-tartare-img-7680-2.jpeg\" decoding=\"async\" loading=\"lazy\"  \/>            <\/p>\n<p>                <img width=\"667\" height=\"500\" src=\"https:\/\/www.europesays.com\/fr\/wp-content\/uploads\/2025\/06\/le-petit-tonnelier-30-ans-cordon-bleu-tartare-img-7567-667x500.jpeg\" class=\"attachment-gallery size-gallery\" alt=\"Le Petit Tonnelier 30 ans cordon bleu tartare IMG_7567\" data-full-url=\"https:\/\/pokaa.fr\/wp-content\/uploads\/2025\/05\/30\/le-petit-tonnelier-30-ans-cordon-bleu-tartare-img-7567.jpeg\" decoding=\"async\" loading=\"lazy\"  \/>            <\/p>\n<p>                    \u00a9 Bastien Pietronave \/ Pokaa<\/p>\n<p>Un restaurant \u00e0 la fran\u00e7aise, une adresse comme un repaire <\/p>\n<p>En 1995, ann\u00e9e de l\u2019arriv\u00e9e \u00e0 l\u2019\u00c9lys\u00e9e d\u2019un certain Jacques Chirac (c\u2019est pour vous situer dans le temps), <strong>le Petit Tonnelier ouvrait ses portes \u00e0 Strasbourg.<\/strong><\/p>\n<p>\u00c0 cette date-l\u00e0, deux associ\u00e9(e)s dirigeaient l\u2019affaire, <strong>Christiane Funaro et Vincent Jungmann.<\/strong> Tr\u00e8s vite, le duo a f\u00e9d\u00e9r\u00e9 autour de lui <strong>une client\u00e8le<\/strong> qui \u00e9tait compos\u00e9e certains soirs <strong>\u00e0 80% d\u2019habitu\u00e9(e)s<\/strong>, et le restaurant est tr\u00e8s vite devenu<strong> un lieu de f\u00eate et de gourmandise tr\u00e8s pris\u00e9.<\/strong><\/p>\n<p>                <img width=\"375\" height=\"500\" src=\"https:\/\/www.europesays.com\/fr\/wp-content\/uploads\/2025\/06\/le-petit-tonnelier-30-ans-cordon-bleu-tartare-img-7656-375x500.jpeg\" class=\"attachment-gallery size-gallery\" alt=\"Le Petit Tonnelier 30 ans cordon bleu tartare IMG_7656\" data-full-url=\"https:\/\/pokaa.fr\/wp-content\/uploads\/2025\/05\/30\/le-petit-tonnelier-30-ans-cordon-bleu-tartare-img-7656.jpeg\" decoding=\"async\" loading=\"lazy\"  \/>            <\/p>\n<p>                <img width=\"374\" height=\"500\" src=\"https:\/\/www.europesays.com\/fr\/wp-content\/uploads\/2025\/06\/le-petit-tonnelier-30-ans-cordon-bleu-tartare-img-7539-374x500.jpeg\" class=\"attachment-gallery size-gallery\" alt=\"Le Petit Tonnelier 30 ans cordon bleu tartare IMG_7539\" data-full-url=\"https:\/\/pokaa.fr\/wp-content\/uploads\/2025\/05\/30\/le-petit-tonnelier-30-ans-cordon-bleu-tartare-img-7539.jpeg\" decoding=\"async\" loading=\"lazy\"  \/>            <\/p>\n<p>                <img width=\"375\" height=\"500\" src=\"https:\/\/www.europesays.com\/fr\/wp-content\/uploads\/2025\/06\/le-petit-tonnelier-30-ans-cordon-bleu-tartare-img-7579-375x500.jpeg\" class=\"attachment-gallery size-gallery\" alt=\"Le Petit Tonnelier 30 ans cordon bleu tartare IMG_7579\" data-full-url=\"https:\/\/pokaa.fr\/wp-content\/uploads\/2025\/05\/30\/le-petit-tonnelier-30-ans-cordon-bleu-tartare-img-7579.jpeg\" decoding=\"async\" loading=\"lazy\"  \/>            <\/p>\n<p>                <img width=\"640\" height=\"500\" src=\"https:\/\/www.europesays.com\/fr\/wp-content\/uploads\/2025\/06\/le-petit-tonnelier-30-ans-cordon-bleu-tartare-img-7585-2-640x500.jpeg\" class=\"attachment-gallery size-gallery\" alt=\"Le Petit Tonnelier 30 ans cordon bleu tartare IMG_7585 2\" data-full-url=\"https:\/\/pokaa.fr\/wp-content\/uploads\/2025\/05\/30\/le-petit-tonnelier-30-ans-cordon-bleu-tartare-img-7585-2.jpeg\" decoding=\"async\" loading=\"lazy\"  \/>            <\/p>\n<p>                    \u00a9 Bastien Pietronave \/ Pokaa<\/p>\n<p>Cette client\u00e8le, venue de Strasbourg ou des villages voisins, venait d\u00e9guster <strong>une cuisine traditionnelle alsacienne de type winstub<\/strong>, mais elle venait aussi<strong> pour l\u2019accueil qui lui \u00e9tait fait.<\/strong><\/p>\n<p>En effet, Vincent Jungmann, <strong>devenu le visage du lieu apr\u00e8s le d\u00e9part de Christiane Funaro<\/strong> (aujourd\u2019hui d\u00e9c\u00e9d\u00e9e), a su trouver la recette pour fid\u00e9liser sa client\u00e8le, et <strong>nombreux\/ses sont celles et ceux qui sont devenu(e)s des ami(e)s au fil du temps.<\/strong><\/p>\n<p>                <img width=\"375\" height=\"500\" src=\"https:\/\/www.europesays.com\/fr\/wp-content\/uploads\/2025\/06\/le-petit-tonnelier-30-ans-cordon-bleu-tartare-img-7686-2-375x500.jpeg\" class=\"attachment-gallery size-gallery\" alt=\"Le Petit Tonnelier 30 ans cordon bleu tartare IMG_7686 2\" data-full-url=\"https:\/\/pokaa.fr\/wp-content\/uploads\/2025\/05\/30\/le-petit-tonnelier-30-ans-cordon-bleu-tartare-img-7686-2.jpeg\" decoding=\"async\" loading=\"lazy\"  \/>            <\/p>\n<p>                <img width=\"375\" height=\"500\" src=\"https:\/\/www.europesays.com\/fr\/wp-content\/uploads\/2025\/06\/le-petit-tonnelier-30-ans-cordon-bleu-tartare-img-7519-2-375x500.jpeg\" class=\"attachment-gallery size-gallery\" alt=\"Le Petit Tonnelier 30 ans cordon bleu tartare IMG_7519 2\" data-full-url=\"https:\/\/pokaa.fr\/wp-content\/uploads\/2025\/05\/30\/le-petit-tonnelier-30-ans-cordon-bleu-tartare-img-7519-2.jpeg\" decoding=\"async\" loading=\"lazy\"  \/>            <\/p>\n<p>                <img width=\"375\" height=\"500\" src=\"https:\/\/www.europesays.com\/fr\/wp-content\/uploads\/2025\/06\/le-petit-tonnelier-30-ans-cordon-bleu-tartare-img-7521-375x500.jpeg\" class=\"attachment-gallery size-gallery\" alt=\"Le Petit Tonnelier 30 ans cordon bleu tartare IMG_7521\" data-full-url=\"https:\/\/pokaa.fr\/wp-content\/uploads\/2025\/05\/30\/le-petit-tonnelier-30-ans-cordon-bleu-tartare-img-7521.jpeg\" decoding=\"async\" loading=\"lazy\"  \/>            <\/p>\n<p>                    \u00a9 Bastien Pietronave \/ Pokaa<\/p>\n<p>Le restaurant s\u2019est peu \u00e0 peu transform\u00e9<strong> \u00e0 la mani\u00e8re d\u2019une galerie d\u2019exposition<\/strong>, la carte a \u00e9volu\u00e9, et petit \u00e0 petit <strong>une nouvelle identit\u00e9 s\u2019est dessin\u00e9e autour de Vincent<\/strong>, un patron \u00e0 la personnalit\u00e9 forte. Rencontr\u00e9 avant le coup de chaud en cuisine, <strong>il se rappelle des ann\u00e9es qui ont pr\u00e9c\u00e9d\u00e9 le Covid.<\/strong><\/p>\n<p>\u00ab\u00a0On est <strong>l\u2019un des plus vieux restos ind\u00e9pendants de la ville<\/strong>, et on est encore l\u00e0 parce qu\u2019on a toujours tout fait pour nos clients. J\u2019ai toujours fait en sorte <strong>que les clients mangent bien, et qu\u2019ils se sentent bien,<\/strong> et certains sont devenus des proches. On organisait des soir\u00e9es concerts, des soir\u00e9es d\u00e9di\u00e9es \u00e0 la magie ou \u00e0 l\u2019hypnose autour du piano, et on ne faisait m\u00eame pas payer, <strong>on offrait ces moments-l\u00e0 \u00e0 la fin du repas comme un cadeau<\/strong>. \u00c9motionnellement et humainement, tu es dans autre chose, <strong>dans un vrai \u00e9change humain<\/strong>, ce sont vraiment de bons souvenirs \u00bb, nous raconte-t-il avec un brin de nostalgie dans la voix.<\/p>\n<p>                <img width=\"375\" height=\"500\" src=\"https:\/\/www.europesays.com\/fr\/wp-content\/uploads\/2025\/06\/le-petit-tonnelier-30-ans-cordon-bleu-tartare-img-7530-375x500.jpeg\" class=\"attachment-gallery size-gallery\" alt=\"Le Petit Tonnelier 30 ans cordon bleu tartare IMG_7530\" data-full-url=\"https:\/\/pokaa.fr\/wp-content\/uploads\/2025\/05\/30\/le-petit-tonnelier-30-ans-cordon-bleu-tartare-img-7530.jpeg\" decoding=\"async\" loading=\"lazy\"  \/>            <\/p>\n<p>                <img width=\"375\" height=\"500\" src=\"https:\/\/www.europesays.com\/fr\/wp-content\/uploads\/2025\/06\/le-petit-tonnelier-30-ans-cordon-bleu-tartare-img-7556-5-375x500.jpeg\" class=\"attachment-gallery size-gallery\" alt=\"Le Petit Tonnelier 30 ans cordon bleu tartare IMG_7556 5\" data-full-url=\"https:\/\/pokaa.fr\/wp-content\/uploads\/2025\/05\/30\/le-petit-tonnelier-30-ans-cordon-bleu-tartare-img-7556-5.jpeg\" decoding=\"async\" loading=\"lazy\"  \/>            <\/p>\n<p>                <img width=\"375\" height=\"500\" src=\"https:\/\/www.europesays.com\/fr\/wp-content\/uploads\/2025\/06\/le-petit-tonnelier-30-ans-cordon-bleu-tartare-img-7513-375x500.jpeg\" class=\"attachment-gallery size-gallery\" alt=\"Le Petit Tonnelier 30 ans cordon bleu tartare IMG_7513\" data-full-url=\"https:\/\/pokaa.fr\/wp-content\/uploads\/2025\/05\/30\/le-petit-tonnelier-30-ans-cordon-bleu-tartare-img-7513.jpeg\" decoding=\"async\" loading=\"lazy\"  \/>            <\/p>\n<p>                    \u00a9 Bastien Pietronave \/ Pokaa<\/p>\n<p>Pass\u00e9 en cuisine depuis plusieurs ann\u00e9es maintenant, <strong>un nouveau terrain de jeu dans lequel il s\u2019\u00e9clate<\/strong>, Vincent Jungmann travaille midi et soir avec ses acolytes, notamment Pascal, pour<strong> proposer des bons petits plats \u00e0 ses ami(e)s et client(e)s<\/strong>, et ce n\u2019est pas pr\u00eat de s\u2019arr\u00eater.<\/p>\n<p>Une cuisine fran\u00e7aise qui met l\u2019Alsace \u00e0 l\u2019honneur <\/p>\n<p>Tranquillement install\u00e9(e) <strong>en terrasse,<\/strong> dans la salle principale ou la salle du bas, <strong>on vient (aussi) ici pour bien manger. <\/strong>On d\u00e9couvre ici <strong>une cuisine typiquement fran\u00e7aise<\/strong>, avec de belles sauces et de la g\u00e9n\u00e9rosit\u00e9, et <strong>certains plats purement alsaciens<\/strong>, dont certains n\u2019ont pas boug\u00e9 depuis l\u2019ouverture du resto, sont <strong>\u00e9videmment \u00e0 l\u2019honneur.<\/strong><\/p>\n<p>\u00c0 la fois <strong>authentique et gourmande<\/strong>, mais aussi bourgeoise juste comme il faut, <strong>cette cuisine est pr\u00e9par\u00e9e avec des produits locaux et de saison<\/strong>, et mis bout \u00e0 bout, ces d\u00e9tails font du Petit Tonnelier <strong>une table r\u00e9put\u00e9e.<\/strong><\/p>\n<p>                <img width=\"375\" height=\"500\" src=\"https:\/\/www.europesays.com\/fr\/wp-content\/uploads\/2025\/06\/le-petit-tonnelier-30-ans-cordon-bleu-tartare-img-7589-5-375x500.jpeg\" class=\"attachment-gallery size-gallery\" alt=\"Le Petit Tonnelier 30 ans cordon bleu tartare IMG_7589 5\" data-full-url=\"https:\/\/pokaa.fr\/wp-content\/uploads\/2025\/05\/30\/le-petit-tonnelier-30-ans-cordon-bleu-tartare-img-7589-5.jpeg\" decoding=\"async\" loading=\"lazy\"  \/>            <\/p>\n<p>                <img width=\"375\" height=\"500\" src=\"https:\/\/www.europesays.com\/fr\/wp-content\/uploads\/2025\/06\/le-petit-tonnelier-30-ans-cordon-bleu-tartare-img-7605-375x500.jpeg\" class=\"attachment-gallery size-gallery\" alt=\"Le Petit Tonnelier 30 ans cordon bleu tartare IMG_7605\" data-full-url=\"https:\/\/pokaa.fr\/wp-content\/uploads\/2025\/05\/30\/le-petit-tonnelier-30-ans-cordon-bleu-tartare-img-7605.jpeg\" decoding=\"async\" loading=\"lazy\"  \/>            <\/p>\n<p>                <img width=\"375\" height=\"500\" src=\"https:\/\/www.europesays.com\/fr\/wp-content\/uploads\/2025\/06\/le-petit-tonnelier-30-ans-cordon-bleu-tartare-img-7616-375x500.jpeg\" class=\"attachment-gallery size-gallery\" alt=\"Le Petit Tonnelier 30 ans cordon bleu tartare IMG_7616\" data-full-url=\"https:\/\/pokaa.fr\/wp-content\/uploads\/2025\/05\/30\/le-petit-tonnelier-30-ans-cordon-bleu-tartare-img-7616.jpeg\" decoding=\"async\" loading=\"lazy\"  \/>            <\/p>\n<p>                <img width=\"375\" height=\"500\" src=\"https:\/\/www.europesays.com\/fr\/wp-content\/uploads\/2025\/06\/le-petit-tonnelier-30-ans-cordon-bleu-tartare-img-7643-375x500.jpeg\" class=\"attachment-gallery size-gallery\" alt=\"Le Petit Tonnelier 30 ans cordon bleu tartare IMG_7643\" data-full-url=\"https:\/\/pokaa.fr\/wp-content\/uploads\/2025\/05\/30\/le-petit-tonnelier-30-ans-cordon-bleu-tartare-img-7643.jpeg\" decoding=\"async\" loading=\"lazy\"  \/>            <\/p>\n<p>                <img width=\"375\" height=\"500\" src=\"https:\/\/www.europesays.com\/fr\/wp-content\/uploads\/2025\/06\/le-petit-tonnelier-30-ans-cordon-bleu-tartare-img-7629-375x500.jpeg\" class=\"attachment-gallery size-gallery\" alt=\"Le Petit Tonnelier 30 ans cordon bleu tartare IMG_7629\" data-full-url=\"https:\/\/pokaa.fr\/wp-content\/uploads\/2025\/05\/30\/le-petit-tonnelier-30-ans-cordon-bleu-tartare-img-7629.jpeg\" decoding=\"async\" loading=\"lazy\"  \/>            <\/p>\n<p>                    \u00a9 Bastien Pietronave \/ Pokaa<\/p>\n<p>Gaspacho andalou, sorbet de tomates et basilic ; \u0153uf mollet au foie gras de canard et jus de viande cuit cocote ; tartare de b\u0153uf, <strong>cordon bleu bien dor\u00e9<\/strong> ou magret de canard r\u00f4ti avec sa sauce aux griottines et ses pommes de terre grenaille bien dor\u00e9es, <strong>tout \u00e7a donne vraiment envie.<\/strong><\/p>\n<p>De la gourmandise, <strong>de la g\u00e9n\u00e9rosit\u00e9 et de la fra\u00eecheur<\/strong>, de bons produits, <strong>de belles sauces et des recettes parfois originales :<\/strong>\u00a0le restaurant a trouv\u00e9 le bon compromis<strong> entre une cuisine fran\u00e7aise classique et une cuisine alsacienne plus authentique<\/strong>, et \u00e7a vaut le d\u00e9tour.<\/p>\n<p>                <img width=\"375\" height=\"500\" src=\"https:\/\/www.europesays.com\/fr\/wp-content\/uploads\/2025\/06\/le-petit-tonnelier-30-ans-cordon-bleu-tartare-img-7637-375x500.jpeg\" class=\"attachment-gallery size-gallery\" alt=\"Le Petit Tonnelier 30 ans cordon bleu tartare IMG_7637\" data-full-url=\"https:\/\/pokaa.fr\/wp-content\/uploads\/2025\/05\/30\/le-petit-tonnelier-30-ans-cordon-bleu-tartare-img-7637.jpeg\" decoding=\"async\" loading=\"lazy\"  \/>            <\/p>\n<p>                <img width=\"375\" height=\"500\" src=\"https:\/\/www.europesays.com\/fr\/wp-content\/uploads\/2025\/06\/le-petit-tonnelier-30-ans-cordon-bleu-tartare-img-7655-5-375x500.jpeg\" class=\"attachment-gallery size-gallery\" alt=\"Le Petit Tonnelier 30 ans cordon bleu tartare IMG_7655 5\" data-full-url=\"https:\/\/pokaa.fr\/wp-content\/uploads\/2025\/05\/30\/le-petit-tonnelier-30-ans-cordon-bleu-tartare-img-7655-5.jpeg\" decoding=\"async\" loading=\"lazy\"  \/>            <\/p>\n<p>                <img width=\"375\" height=\"500\" src=\"https:\/\/www.europesays.com\/fr\/wp-content\/uploads\/2025\/06\/le-petit-tonnelier-30-ans-cordon-bleu-tartare-img-7691-2-375x500.jpeg\" class=\"attachment-gallery size-gallery\" alt=\"Le Petit Tonnelier 30 ans cordon bleu tartare IMG_7691 2\" data-full-url=\"https:\/\/pokaa.fr\/wp-content\/uploads\/2025\/05\/30\/le-petit-tonnelier-30-ans-cordon-bleu-tartare-img-7691-2.jpeg\" decoding=\"async\" loading=\"lazy\"  \/>            <\/p>\n<p>                    \u00a9 Bastien Pietronave \/ Pokaa<\/p>\n<p>De belles assiettes<strong> pr\u00e9par\u00e9es avec de l\u2019envie et de la passion<\/strong>, un lieu convivial o\u00f9 l\u2019on rencontre des gens et o\u00f9 <strong>les discussions avec ses voisin(e)s vont bon train,<\/strong> le Petit Tonnelier est d\u00e9finitivement <strong>un lieu \u00e0 part.<\/strong> On esp\u00e8re qu\u2019il continuera encore longtemps \u00e0 mettre son petit grain de sel dans la ville.<\/p>\n<p><strong>Et surtout, bon anniversaire au Petit Tonnelier !<\/strong><\/p>\n<p>                <img width=\"375\" height=\"500\" src=\"https:\/\/www.europesays.com\/fr\/wp-content\/uploads\/2025\/06\/le-petit-tonnelier-30-ans-cordon-bleu-tartare-img-7681-5-375x500.jpeg\" class=\"attachment-gallery size-gallery\" alt=\"Le Petit Tonnelier 30 ans cordon bleu tartare IMG_7681 5\" data-full-url=\"https:\/\/pokaa.fr\/wp-content\/uploads\/2025\/05\/30\/le-petit-tonnelier-30-ans-cordon-bleu-tartare-img-7681-5.jpeg\" decoding=\"async\" loading=\"lazy\"  \/>            <\/p>\n<p>                <img width=\"667\" height=\"500\" src=\"https:\/\/www.europesays.com\/fr\/wp-content\/uploads\/2025\/06\/le-petit-tonnelier-30-ans-cordon-bleu-tartare-img-7640-667x500.jpeg\" class=\"attachment-gallery size-gallery\" alt=\"Le Petit Tonnelier 30 ans cordon bleu tartare IMG_7640\" data-full-url=\"https:\/\/pokaa.fr\/wp-content\/uploads\/2025\/05\/30\/le-petit-tonnelier-30-ans-cordon-bleu-tartare-img-7640.jpeg\" decoding=\"async\" loading=\"lazy\"  \/>            <\/p>\n<p>                    \u00a9 Bastien Pietronave \/ Pokaa<\/p>\n<p>Les petits et les gros + <\/p>\n<ul>\n<li><strong>On aime cette ambiance de restaurant de quartier, qui fait penser aux adresses de village o\u00f9 tout le monde se connait.<\/strong><\/li>\n<li>Trois plats du jour sont propos\u00e9s chaque midi pour 14,90 \u20ac.<\/li>\n<li><strong>C\u2019est l\u2019un des plus anciens restaurants ind\u00e9pendants du centre-ville, et en plus le patron est le chef de cuisine, c\u2019est assez rare pour le souligner.<\/strong><\/li>\n<li>La terrasse est vraiment agr\u00e9able.<\/li>\n<li><strong>Les plats et les sauces sont maison et \u00e7a se sent.<\/strong><\/li>\n<li>On a vraiment tr\u00e8s bien mang\u00e9 le jour de notre passage, et les cordons-bleus valent vraiment le d\u00e9tour.<\/li>\n<\/ul>\n<p>            Au Petit Tonnelier <\/p>\n<p>            Quoi ?<br \/>\n            Restaurant fran\u00e7ais \u00e0 l&rsquo;accent alsacien         <\/p>\n<p>            o\u00f9 ?<br \/>\n            16 rue des Tonneliers, \u00e0 Strasbourg &#13;<\/p>\n<p>                Plus d&rsquo;infos ?<\/p>\n<p><strong><a href=\"https:\/\/www.google.com\/url?sa=t&amp;source=web&amp;rct=j&amp;opi=89978449&amp;url=https:\/\/aupetittonnelier.com\/&amp;ved=2ahUKEwitsbuJy9KNAxV5QaQEHZEoLO8QFnoECEEQAQ&amp;usg=AOvVaw0tqX_r4QQ8MJzunpiE3Fxi\" target=\"_blank\" rel=\"noopener nofollow\">Le site web<\/a><br \/><\/strong><strong><a href=\"https:\/\/www.google.com\/url?sa=t&amp;source=web&amp;rct=j&amp;opi=89978449&amp;url=https:\/\/www.facebook.com\/p\/Au-Petit-Tonnelier-100063674994752\/%3Flocale%3Dfr_FR&amp;ved=2ahUKEwitsbuJy9KNAxV5QaQEHZEoLO8QFnoECEgQAQ&amp;usg=AOvVaw2XOcxjCKxhTXN6bCfQYCqo\" target=\"_blank\" rel=\"noopener nofollow\">La page Facebook<\/a><br \/><\/strong><strong><a href=\"https:\/\/www.google.com\/url?sa=t&amp;source=web&amp;rct=j&amp;opi=89978449&amp;url=https:\/\/www.instagram.com\/explore\/locations\/49839461\/au-petit-tonnelier\/&amp;ved=2ahUKEwin2va2y9KNAxUJTaQEHWS1FSAQFnoECBUQAQ&amp;usg=AOvVaw3RM7wgBaX3nobFwaUE_6y6\" target=\"_blank\" rel=\"noopener nofollow\">La page Instagram<\/a><\/strong><\/p>\n<p>T\u00e9l : 03 88 \u00a032 53 54<\/p>\n<p><script async src=\"\/\/www.instagram.com\/embed.js\"><\/script><\/p>\n","protected":false},"excerpt":{"rendered":"Si les ouvertures et les fermetures de restaurants s\u2019encha\u00eenent \u00e0 une vitesse folle, d\u2019autres restos traversent fi\u00e8rement le&hellip;\n","protected":false},"author":2,"featured_media":147553,"comment_status":"","ping_status":"","sticky":false,"template":"","format":"standard","meta":{"footnotes":""},"categories":[2820],"tags":[1111,11,27666,1777,674,1011,27,775,12,25,1340,640,27667],"class_list":{"0":"post-147552","1":"post","2":"type-post","3":"status-publish","4":"format-standard","5":"has-post-thumbnail","7":"category-strasbourg","8":"tag-actu","9":"tag-actualites","10":"tag-cordon-bleu","11":"tag-eu","12":"tag-europe","13":"tag-fr","14":"tag-france","15":"tag-grand-est","16":"tag-news","17":"tag-republique-francaise","18":"tag-restaurant","19":"tag-strasbourg","20":"tag-tartare"},"share_on_mastodon":{"url":"https:\/\/pubeurope.com\/@fr\/114616377997194993","error":""},"_links":{"self":[{"href":"https:\/\/www.europesays.com\/fr\/wp-json\/wp\/v2\/posts\/147552","targetHints":{"allow":["GET"]}}],"collection":[{"href":"https:\/\/www.europesays.com\/fr\/wp-json\/wp\/v2\/posts"}],"about":[{"href":"https:\/\/www.europesays.com\/fr\/wp-json\/wp\/v2\/types\/post"}],"author":[{"embeddable":true,"href":"https:\/\/www.europesays.com\/fr\/wp-json\/wp\/v2\/users\/2"}],"replies":[{"embeddable":true,"href":"https:\/\/www.europesays.com\/fr\/wp-json\/wp\/v2\/comments?post=147552"}],"version-history":[{"count":0,"href":"https:\/\/www.europesays.com\/fr\/wp-json\/wp\/v2\/posts\/147552\/revisions"}],"wp:featuredmedia":[{"embeddable":true,"href":"https:\/\/www.europesays.com\/fr\/wp-json\/wp\/v2\/media\/147553"}],"wp:attachment":[{"href":"https:\/\/www.europesays.com\/fr\/wp-json\/wp\/v2\/media?parent=147552"}],"wp:term":[{"taxonomy":"category","embeddable":true,"href":"https:\/\/www.europesays.com\/fr\/wp-json\/wp\/v2\/categories?post=147552"},{"taxonomy":"post_tag","embeddable":true,"href":"https:\/\/www.europesays.com\/fr\/wp-json\/wp\/v2\/tags?post=147552"}],"curies":[{"name":"wp","href":"https:\/\/api.w.org\/{rel}","templated":true}]}}