{"id":147554,"date":"2025-06-02T23:31:09","date_gmt":"2025-06-02T23:31:09","guid":{"rendered":"https:\/\/www.europesays.com\/fr\/147554\/"},"modified":"2025-06-02T23:31:09","modified_gmt":"2025-06-02T23:31:09","slug":"previsions-du-mardi-3-juin-2025-3","status":"publish","type":"post","link":"https:\/\/www.europesays.com\/fr\/147554\/","title":{"rendered":"pr\u00e9visions du mardi 3 juin 2025"},"content":{"rendered":"<p>Nice va \u00eatre baign\u00e9e de soleil durant cette journ\u00e9e. Les temp\u00e9ratures seront comprises entre 18 et 23\u00b0C. Un vent de sud-est soufflera l\u00e9g\u00e8rement. Les valeurs afficheront entre 20 et 23\u00b0C pendant la matin\u00e9e. Les temp\u00e9ratures seront de 22\u00b0C au plus bas et de 23\u00b0C au maximum l&rsquo;apr\u00e8s-midi. Les valeurs s&rsquo;\u00e9chelonneront entre 20\u00b0C et 21\u00b0C dans la soir\u00e9e. Pendant que vous dormirez, dans la nuit de mardi \u00e0 mercredi, le ciel sera clair.<\/p>\n<p>Demain, le soleil sera dissimul\u00e9 derri\u00e8re des nuages \u00e0 Nice, o\u00f9 le temps sera maussade. Du mauvais temps est \u00e0 pr\u00e9voir. Des pluies \u00e9parses vont tomber. Il fera 21\u00b0C en moyenne. Les nuages en pr\u00e9vision le matin, et un ciel encore gris. Le mercure affichera 21\u00b0C en moyenne. Un vent d&rsquo;est soufflera un peu, avec 12 km\/h. Le soleil peinera \u00e0 percer au milieu des nuages qui perdureront dans l&rsquo;apr\u00e8s-midi. Les temp\u00e9ratures s&rsquo;\u00e9chelonneront de 20 \u00e0 22\u00b0C. La soir\u00e9e va rester couverte \u00e0 cause de nuages qui persistent dans le ciel. Des pluies \u00e9parses sont pr\u00e9vues. Il va faire environ 19\u00b0C. Une petite brise de sud-est sera ressentie par les habitants.<\/p>\n<p>Le temps des journ\u00e9es suivantes va s&rsquo;am\u00e9liorer. On anticipe des journ\u00e9es ensoleill\u00e9es, accompagn\u00e9es par des temp\u00e9ratures dans les 21\u00b0C en moyenne.<\/p>\n<p><\/p>\n","protected":false},"excerpt":{"rendered":"Nice va \u00eatre baign\u00e9e de soleil durant cette journ\u00e9e. Les temp\u00e9ratures seront comprises entre 18 et 23\u00b0C. Un&hellip;\n","protected":false},"author":2,"featured_media":147555,"comment_status":"","ping_status":"","sticky":false,"template":"","format":"standard","meta":{"footnotes":""},"categories":[2819],"tags":[1111,11,2898,1777,674,1011,27,12,2401,883,2119,882,25],"class_list":{"0":"post-147554","1":"post","2":"type-post","3":"status-publish","4":"format-standard","5":"has-post-thumbnail","7":"category-nice","8":"tag-actu","9":"tag-actualites","10":"tag-alpes-maritimes","11":"tag-eu","12":"tag-europe","13":"tag-fr","14":"tag-france","15":"tag-news","16":"tag-nice","17":"tag-paca","18":"tag-previsions-meteo","19":"tag-provence-alpes-cote-dazur","20":"tag-republique-francaise"},"share_on_mastodon":{"url":"https:\/\/pubeurope.com\/@fr\/114616381330592161","error":""},"_links":{"self":[{"href":"https:\/\/www.europesays.com\/fr\/wp-json\/wp\/v2\/posts\/147554","targetHints":{"allow":["GET"]}}],"collection":[{"href":"https:\/\/www.europesays.com\/fr\/wp-json\/wp\/v2\/posts"}],"about":[{"href":"https:\/\/www.europesays.com\/fr\/wp-json\/wp\/v2\/types\/post"}],"author":[{"embeddable":true,"href":"https:\/\/www.europesays.com\/fr\/wp-json\/wp\/v2\/users\/2"}],"replies":[{"embeddable":true,"href":"https:\/\/www.europesays.com\/fr\/wp-json\/wp\/v2\/comments?post=147554"}],"version-history":[{"count":0,"href":"https:\/\/www.europesays.com\/fr\/wp-json\/wp\/v2\/posts\/147554\/revisions"}],"wp:featuredmedia":[{"embeddable":true,"href":"https:\/\/www.europesays.com\/fr\/wp-json\/wp\/v2\/media\/147555"}],"wp:attachment":[{"href":"https:\/\/www.europesays.com\/fr\/wp-json\/wp\/v2\/media?parent=147554"}],"wp:term":[{"taxonomy":"category","embeddable":true,"href":"https:\/\/www.europesays.com\/fr\/wp-json\/wp\/v2\/categories?post=147554"},{"taxonomy":"post_tag","embeddable":true,"href":"https:\/\/www.europesays.com\/fr\/wp-json\/wp\/v2\/tags?post=147554"}],"curies":[{"name":"wp","href":"https:\/\/api.w.org\/{rel}","templated":true}]}}