{"id":147556,"date":"2025-06-02T23:32:10","date_gmt":"2025-06-02T23:32:10","guid":{"rendered":"https:\/\/www.europesays.com\/fr\/147556\/"},"modified":"2025-06-02T23:32:10","modified_gmt":"2025-06-02T23:32:10","slug":"unoc-larctic-sunrise-de-greenpeace-prive-de-parade-inaugurale-a-nice","status":"publish","type":"post","link":"https:\/\/www.europesays.com\/fr\/147556\/","title":{"rendered":"UNOC\u00a0: l\u2019Arctic Sunrise de Greenpeace priv\u00e9 de parade inaugurale \u00e0 Nice"},"content":{"rendered":"<p>\n      L\u2019organisateur de la Grande Parade pour l&rsquo;Oc\u00e9an, qui aura lieu le 8 juin, reproche \u00e0 l\u2019ONG de d\u00e9fense de l\u2019environnement sa derni\u00e8re op\u00e9ration coup de poing dans le golfe du Lion.\n    <\/p>\n<p>La branche fran\u00e7aise de l&rsquo;ONG Greenpeace multiplie les coups d\u2019\u00e9clat \u00e0 la veille de la Conf\u00e9rence des Nations unies sur l\u2019oc\u00e9an \u00e0 Nice, afin de mettre la pression sur le gouvernement fran\u00e7ais, s\u2019agissant notamment de sa position sur l\u2019interdiction du chalutage de fond dans les aires marines prot\u00e9g\u00e9es. <a href=\"https:\/\/www.meretmarine.com\/fr\/science-et-environnement\/aires-marines-protegees-nouveau-coup-de-force-de-greenpeace\" target=\"_blank\" rel=\"noopener\">Le 21 mai dernier, l\u2019ONG de d\u00e9fense de l\u2019environnement avait largu\u00e9 une quinzaine de blocs de rochers calcaires dans les fonds du parc marin du golfe du Lion, afin d\u2019y \u00ab\u00a0emp\u00eacher le chalutage de fond\u00a0\u00bb<\/a>.<\/p>\n<p>L\u2019action a depuis donn\u00e9 lieu \u00e0 l\u2019ouverture d\u2019une enqu\u00eate par le parquet de Perpignan, pour \u00ab\u00a0immersion en mer de d\u00e9chets ou autres mati\u00e8res \u00bb depuis un navire, en l\u2019esp\u00e8ce l\u2019Arctic Sunrise, qui sera \u00e9galement priv\u00e9 de Grande Parade pour l&rsquo;Oc\u00e9an. Ainsi en a d\u00e9cid\u00e9 l\u2019organisateur de cette parade nautique pr\u00e9vue le 8 juin dans la baie des Anges, \u00e0 la veille de l\u2019ouverture de la Conf\u00e9rence des Nations unies sur l\u2019oc\u00e9an, a d\u00e9plor\u00e9 Greenpeace dans un communiqu\u00e9. Cette d\u00e9cision de l\u2019organisateur a \u00e9t\u00e9 confirm\u00e9e \u00e0 Mer et Marine par la pr\u00e9fecture maritime de la M\u00e9diterran\u00e9e.<\/p>\n<p>Dans le courrier d\u00e9taillant les motifs de cette d\u00e9cision, dont Mer et Marine a eu connaissance, l\u2019organisateur fait explicitement r\u00e9f\u00e9rence \u00e0 l\u2019action du 21 mai et dit ne pouvoir \u00ab\u00a0prendre le moindre risque en accueillant un \u00e9quipage dont [il] ne conna\u00eet absolument rien des intentions, ni m\u00eame s&rsquo;il est pacifique ou contestataire\u00a0\u00bb. Parlant d\u2019\u00ab\u00a0aberration\u00a0\u00bb et de \u00ab\u00a0grave erreur\u00a0\u00bb, Greenpeace a pris acte de cette d\u00e9cision, et consid\u00e8re qu\u2019en l\u2019absence d\u2019information officielle, \u00ab\u00a0l\u2019escale au port de Nice de l\u2019Arctic Sunrise pr\u00e9vue les 4 et 5 juin est maintenue\u00a0\u00bb.<\/p>\n<p>Les eaux de la baie des Anges seront quoi qu\u2019il en soit sous haute s\u00e9curit\u00e9, et la navigation sera soumises \u00e0 des r\u00e8glementations sp\u00e9cifiques, \u00e0 partir du 3 juin et jusqu\u2019\u00e0 la cl\u00f4ture de la Conf\u00e9rence des Nations unies sur l\u2019oc\u00e9an le 13 au soir. L\u2019arr\u00eat\u00e9 de la pr\u00e9fecture maritime de la M\u00e9diterran\u00e9e r\u00e8glementant\u00a0\u00ab\u00a0la navigation, le mouillage, la baignade et la plong\u00e9e sous-marine au droit du littoral des communes de Cagnes-sur-Mer, Saint-Laurent-du-Var, Nice, Villefranche-sur-Mer et Saint-Jean-Cap-Ferrat\u00a0\u00bb est <a href=\"https:\/\/www.premar-mediterranee.gouv.fr\/uploads\/mediterranee\/arretes\/303cf3590cc9de2d1316bf1259732165.pdf\" target=\"_blank\" rel=\"noopener\">accessible en ligne<\/a>.<\/p>\n<p><strong>\u00a9 Un article de la r\u00e9daction de Mer et Marine. Reproduction interdite sans consentement du ou des auteurs.<\/strong><\/p>\n<p>\u00a0<\/p>\n","protected":false},"excerpt":{"rendered":"L\u2019organisateur de la Grande Parade pour l&rsquo;Oc\u00e9an, qui aura lieu le 8 juin, reproche \u00e0 l\u2019ONG de d\u00e9fense&hellip;\n","protected":false},"author":2,"featured_media":147557,"comment_status":"","ping_status":"","sticky":false,"template":"","format":"standard","meta":{"footnotes":""},"categories":[2819],"tags":[1111,11,6130,6141,6131,6138,2380,6135,554,1777,6136,674,1011,27,6139,6134,3135,6128,567,6129,6127,12,2401,6132,4838,882,6133,25,6140,6137],"class_list":{"0":"post-147556","1":"post","2":"type-post","3":"status-publish","4":"format-standard","5":"has-post-thumbnail","7":"category-nice","8":"tag-actu","9":"tag-actualites","10":"tag-chantiers","11":"tag-commando","12":"tag-construction-navale","13":"tag-costa","14":"tag-croisiere","15":"tag-dcns","16":"tag-defense","17":"tag-eu","18":"tag-euronaval","19":"tag-europe","20":"tag-fr","21":"tag-france","22":"tag-fremm","23":"tag-interviews","24":"tag-littoral","25":"tag-marine","26":"tag-marine-nationale","27":"tag-maritime","28":"tag-mer","29":"tag-news","30":"tag-nice","31":"tag-offshore","32":"tag-peche","33":"tag-provence-alpes-cote-dazur","34":"tag-reportages","35":"tag-republique-francaise","36":"tag-sncm","37":"tag-stx"},"share_on_mastodon":{"url":"https:\/\/pubeurope.com\/@fr\/114616385085317796","error":""},"_links":{"self":[{"href":"https:\/\/www.europesays.com\/fr\/wp-json\/wp\/v2\/posts\/147556","targetHints":{"allow":["GET"]}}],"collection":[{"href":"https:\/\/www.europesays.com\/fr\/wp-json\/wp\/v2\/posts"}],"about":[{"href":"https:\/\/www.europesays.com\/fr\/wp-json\/wp\/v2\/types\/post"}],"author":[{"embeddable":true,"href":"https:\/\/www.europesays.com\/fr\/wp-json\/wp\/v2\/users\/2"}],"replies":[{"embeddable":true,"href":"https:\/\/www.europesays.com\/fr\/wp-json\/wp\/v2\/comments?post=147556"}],"version-history":[{"count":0,"href":"https:\/\/www.europesays.com\/fr\/wp-json\/wp\/v2\/posts\/147556\/revisions"}],"wp:featuredmedia":[{"embeddable":true,"href":"https:\/\/www.europesays.com\/fr\/wp-json\/wp\/v2\/media\/147557"}],"wp:attachment":[{"href":"https:\/\/www.europesays.com\/fr\/wp-json\/wp\/v2\/media?parent=147556"}],"wp:term":[{"taxonomy":"category","embeddable":true,"href":"https:\/\/www.europesays.com\/fr\/wp-json\/wp\/v2\/categories?post=147556"},{"taxonomy":"post_tag","embeddable":true,"href":"https:\/\/www.europesays.com\/fr\/wp-json\/wp\/v2\/tags?post=147556"}],"curies":[{"name":"wp","href":"https:\/\/api.w.org\/{rel}","templated":true}]}}