{"id":147558,"date":"2025-06-02T23:33:09","date_gmt":"2025-06-02T23:33:09","guid":{"rendered":"https:\/\/www.europesays.com\/fr\/147558\/"},"modified":"2025-06-02T23:33:09","modified_gmt":"2025-06-02T23:33:09","slug":"previsions-du-mardi-3-juin-2025-4","status":"publish","type":"post","link":"https:\/\/www.europesays.com\/fr\/147558\/","title":{"rendered":"pr\u00e9visions du mardi 3 juin 2025"},"content":{"rendered":"<p>C&rsquo;est une magnifique journ\u00e9e dont va b\u00e9n\u00e9ficier Nantes, o\u00f9 le soleil va briller intens\u00e9ment. Les valeurs seront de 15\u00b0C. Un vent de sud-ouest rafra\u00eechira sensiblement l&rsquo;atmosph\u00e8re. Les temp\u00e9ratures seront comprises entre 18 et 21\u00b0C l&rsquo;apr\u00e8s-midi. Le temps devrait s&rsquo;am\u00e9liorer pendant la soir\u00e9e. On pr\u00e9voit une nuit claire entre mardi et mercredi.<\/p>\n<p>Demain, \u00e0 Nantes, des nuages ne voudront pas c\u00e9der leur place au soleil. Une m\u00e9t\u00e9o plus chaude est pr\u00e9vue \u00e9tant donn\u00e9 que le mercure va conna\u00eetre une augmentation. Il fera 16\u00b0C en moyenne. Un l\u00e9ger vent de sud-ouest sera ressenti par les habitants. Le matin, on verra l&rsquo;apparition de nuages. Des pluies \u00e9parses sont pr\u00e9vues. La grisaille ne se disperse toujours pas, il y aura encore de l\u00e9gers nuages demain apr\u00e8s-midi. Les maximales iront jusqu&rsquo;\u00e0 19\u00b0C et les minimales seront de 17\u00b0C. La soir\u00e9e va rester maussade \u00e0 cause de nuages qui persistent dans le ciel. Mauvais temps : on annonce des pluies \u00e9parses. On pr\u00e9voit des valeurs d&rsquo;environ 16\u00b0C.<\/p>\n<p>Les conditions m\u00e9t\u00e9orologiques des journ\u00e9es suivantes vont changer peu \u00e0 peu. Les conditions m\u00e9t\u00e9orologiques perdureront jeudi mais une am\u00e9lioration s&rsquo;ensuivra vendredi.<\/p>\n<p><\/p>\n","protected":false},"excerpt":{"rendered":"C&rsquo;est une magnifique journ\u00e9e dont va b\u00e9n\u00e9ficier Nantes, o\u00f9 le soleil va briller intens\u00e9ment. Les valeurs seront de&hellip;\n","protected":false},"author":2,"featured_media":147559,"comment_status":"","ping_status":"","sticky":false,"template":"","format":"standard","meta":{"footnotes":""},"categories":[2818],"tags":[1111,11,1777,674,1011,27,3047,766,12,2636,2119,25],"class_list":{"0":"post-147558","1":"post","2":"type-post","3":"status-publish","4":"format-standard","5":"has-post-thumbnail","7":"category-nantes","8":"tag-actu","9":"tag-actualites","10":"tag-eu","11":"tag-europe","12":"tag-fr","13":"tag-france","14":"tag-loire-atlantique","15":"tag-nantes","16":"tag-news","17":"tag-pays-de-la-loire","18":"tag-previsions-meteo","19":"tag-republique-francaise"},"share_on_mastodon":{"url":"https:\/\/pubeurope.com\/@fr\/114616389029026339","error":""},"_links":{"self":[{"href":"https:\/\/www.europesays.com\/fr\/wp-json\/wp\/v2\/posts\/147558","targetHints":{"allow":["GET"]}}],"collection":[{"href":"https:\/\/www.europesays.com\/fr\/wp-json\/wp\/v2\/posts"}],"about":[{"href":"https:\/\/www.europesays.com\/fr\/wp-json\/wp\/v2\/types\/post"}],"author":[{"embeddable":true,"href":"https:\/\/www.europesays.com\/fr\/wp-json\/wp\/v2\/users\/2"}],"replies":[{"embeddable":true,"href":"https:\/\/www.europesays.com\/fr\/wp-json\/wp\/v2\/comments?post=147558"}],"version-history":[{"count":0,"href":"https:\/\/www.europesays.com\/fr\/wp-json\/wp\/v2\/posts\/147558\/revisions"}],"wp:featuredmedia":[{"embeddable":true,"href":"https:\/\/www.europesays.com\/fr\/wp-json\/wp\/v2\/media\/147559"}],"wp:attachment":[{"href":"https:\/\/www.europesays.com\/fr\/wp-json\/wp\/v2\/media?parent=147558"}],"wp:term":[{"taxonomy":"category","embeddable":true,"href":"https:\/\/www.europesays.com\/fr\/wp-json\/wp\/v2\/categories?post=147558"},{"taxonomy":"post_tag","embeddable":true,"href":"https:\/\/www.europesays.com\/fr\/wp-json\/wp\/v2\/tags?post=147558"}],"curies":[{"name":"wp","href":"https:\/\/api.w.org\/{rel}","templated":true}]}}