{"id":147562,"date":"2025-06-02T23:35:09","date_gmt":"2025-06-02T23:35:09","guid":{"rendered":"https:\/\/www.europesays.com\/fr\/147562\/"},"modified":"2025-06-02T23:35:09","modified_gmt":"2025-06-02T23:35:09","slug":"previsions-du-mardi-3-juin-2025-5","status":"publish","type":"post","link":"https:\/\/www.europesays.com\/fr\/147562\/","title":{"rendered":"pr\u00e9visions du mardi 3 juin 2025"},"content":{"rendered":"<p>C&rsquo;est sous un ciel gris que va se d\u00e9rouler la journ\u00e9e. De l\u00e9gers nuages se maintiennent sur Bordeaux. Les temp\u00e9ratures avoisineront les 19\u00b0C. Une l\u00e9g\u00e8re brise de nord-ouest soufflera. On observera la pr\u00e9sence persistante de petits nuages le matin. La grisaille ne se disperse toujours pas, il va y avoir encore des nuages l&rsquo;apr\u00e8s-midi. Il faudra pr\u00e9voir son parapluie pour se prot\u00e9ger des pluies \u00e9parses. D&rsquo;un autre c\u00f4t\u00e9, l&rsquo;air ambiant va se r\u00e9chauffer avec une hausse de quelques degr\u00e9s. Les valeurs seront comprises entre 21 et 23\u00b0C. La ville aura quelques \u00e9claircies le soir. On anticipe des temp\u00e9ratures d&rsquo;environ 18\u00b0C. Le passage de mardi \u00e0 mercredi s&rsquo;effectuera sous un ciel pluvieux.<\/p>\n<p>Demain, Bordeaux devra encore attendre avant que les l\u00e9gers nuages ne se dissipent. Le thermom\u00e8tre affichera 19\u00b0C en moyenne. Un modeste vent de sud-ouest sera ressenti par les habitants. Le matin, on sera sous un ciel bien gris, couvert de l\u00e9gers nuages. Il va faire 18\u00b0C en moyenne. Demain apr\u00e8s-midi, le soleil sera cach\u00e9 derri\u00e8re des nuages. Le temps sera ponctu\u00e9 par des pluies \u00e9parses. Les maximales pourront atteindre 23\u00b0C alors que les minimales seront de 20\u00b0C. Demain soir, encore de petits nuages dans le ciel qui emp\u00eachent le soleil d&rsquo;appara\u00eetre.<\/p>\n<p>Le temps va s&rsquo;am\u00e9liorer dans les journ\u00e9es suivantes. Le temps sera ensoleill\u00e9 avec des temp\u00e9ratures avoisinant 21\u00b0C.<\/p>\n<p><\/p>\n","protected":false},"excerpt":{"rendered":"C&rsquo;est sous un ciel gris que va se d\u00e9rouler la journ\u00e9e. De l\u00e9gers nuages se maintiennent sur Bordeaux.&hellip;\n","protected":false},"author":2,"featured_media":147563,"comment_status":"","ping_status":"","sticky":false,"template":"","format":"standard","meta":{"footnotes":""},"categories":[2817],"tags":[1111,11,1997,1777,674,1011,27,12,2219,2119,25],"class_list":{"0":"post-147562","1":"post","2":"type-post","3":"status-publish","4":"format-standard","5":"has-post-thumbnail","7":"category-bordeaux","8":"tag-actu","9":"tag-actualites","10":"tag-bordeaux","11":"tag-eu","12":"tag-europe","13":"tag-fr","14":"tag-france","15":"tag-news","16":"tag-nouvelle-aquitaine","17":"tag-previsions-meteo","18":"tag-republique-francaise"},"share_on_mastodon":{"url":"https:\/\/pubeurope.com\/@fr\/114616396894615439","error":""},"_links":{"self":[{"href":"https:\/\/www.europesays.com\/fr\/wp-json\/wp\/v2\/posts\/147562","targetHints":{"allow":["GET"]}}],"collection":[{"href":"https:\/\/www.europesays.com\/fr\/wp-json\/wp\/v2\/posts"}],"about":[{"href":"https:\/\/www.europesays.com\/fr\/wp-json\/wp\/v2\/types\/post"}],"author":[{"embeddable":true,"href":"https:\/\/www.europesays.com\/fr\/wp-json\/wp\/v2\/users\/2"}],"replies":[{"embeddable":true,"href":"https:\/\/www.europesays.com\/fr\/wp-json\/wp\/v2\/comments?post=147562"}],"version-history":[{"count":0,"href":"https:\/\/www.europesays.com\/fr\/wp-json\/wp\/v2\/posts\/147562\/revisions"}],"wp:featuredmedia":[{"embeddable":true,"href":"https:\/\/www.europesays.com\/fr\/wp-json\/wp\/v2\/media\/147563"}],"wp:attachment":[{"href":"https:\/\/www.europesays.com\/fr\/wp-json\/wp\/v2\/media?parent=147562"}],"wp:term":[{"taxonomy":"category","embeddable":true,"href":"https:\/\/www.europesays.com\/fr\/wp-json\/wp\/v2\/categories?post=147562"},{"taxonomy":"post_tag","embeddable":true,"href":"https:\/\/www.europesays.com\/fr\/wp-json\/wp\/v2\/tags?post=147562"}],"curies":[{"name":"wp","href":"https:\/\/api.w.org\/{rel}","templated":true}]}}