{"id":147568,"date":"2025-06-02T23:38:09","date_gmt":"2025-06-02T23:38:09","guid":{"rendered":"https:\/\/www.europesays.com\/fr\/147568\/"},"modified":"2025-06-02T23:38:09","modified_gmt":"2025-06-02T23:38:09","slug":"previsions-du-mardi-3-juin-2025-6","status":"publish","type":"post","link":"https:\/\/www.europesays.com\/fr\/147568\/","title":{"rendered":"pr\u00e9visions du mardi 3 juin 2025"},"content":{"rendered":"<p>La grisaille ne se dissipe toujours pas, il y aura encore des nuages aujourd&rsquo;hui. Du mauvais temps est \u00e0 pr\u00e9voir \u00e0 Toulouse. Des pluies \u00e9parses vont tomber. On anticipe des valeurs avoisinant 20\u00b0C. Le matin, un vent de nord-est rafra\u00eechira quelque peu l&rsquo;atmosph\u00e8re. Le soleil aura du mal \u00e0 percer au milieu des nuages qui perdureront dans l&rsquo;apr\u00e8s-midi. D&rsquo;un autre c\u00f4t\u00e9, le temps va se r\u00e9chauffer avec une augmentation de quelques degr\u00e9s. Les temp\u00e9ratures seront comprises entre 22 et 24\u00b0C. Le soir, il est possible que de petites averses aient lieu. Les valeurs tourneront autour des 21\u00b0C. Durant la nuit de mardi \u00e0 mercredi, le ciel sera pluvieux.<\/p>\n<p>Toulouse, o\u00f9 des nuages persisteront demain, continuera d&rsquo;attendre le soleil. Les temp\u00e9ratures vont baisser de quelques degr\u00e9s. Les valeurs s&rsquo;\u00e9chelonneront entre 14 et 20\u00b0C. Une modeste brise de nord-ouest sera ressentie par les habitants. Il n&rsquo;est pas impossible qu&rsquo;il y ait de l\u00e9g\u00e8res averses le matin. L&rsquo;apr\u00e8s-midi va rester gris \u00e0 cause de nuages qui se maintiennent dans le ciel. Il faudra emporter son parapluie pour \u00e9viter les pluies \u00e9parses. En revanche, les temp\u00e9ratures vont enregistrer une hausse de plusieurs degr\u00e9s. Les valeurs afficheront entre 19 et 20\u00b0C. Le ciel va l\u00e9g\u00e8rement se d\u00e9gager dans la soir\u00e9e avec des \u00e9claircies.<\/p>\n<p>La m\u00e9t\u00e9o va s&rsquo;am\u00e9liorer dans les journ\u00e9es suivantes. Une m\u00e9t\u00e9o ensoleill\u00e9e, pour des temp\u00e9ratures de 22\u00b0C en moyenne, est \u00e0 pr\u00e9voir.<\/p>\n<p><\/p>\n","protected":false},"excerpt":{"rendered":"La grisaille ne se dissipe toujours pas, il y aura encore des nuages aujourd&rsquo;hui. Du mauvais temps est&hellip;\n","protected":false},"author":2,"featured_media":147569,"comment_status":"","ping_status":"","sticky":false,"template":"","format":"standard","meta":{"footnotes":""},"categories":[2816],"tags":[1111,11,1777,674,1011,27,2722,2721,12,2680,2119,25,2312],"class_list":{"0":"post-147568","1":"post","2":"type-post","3":"status-publish","4":"format-standard","5":"has-post-thumbnail","7":"category-toulouse","8":"tag-actu","9":"tag-actualites","10":"tag-eu","11":"tag-europe","12":"tag-fr","13":"tag-france","14":"tag-haute-garonne","15":"tag-midi-pyrenees","16":"tag-news","17":"tag-occitanie","18":"tag-previsions-meteo","19":"tag-republique-francaise","20":"tag-toulouse"},"share_on_mastodon":{"url":"https:\/\/pubeurope.com\/@fr\/114616408658442792","error":""},"_links":{"self":[{"href":"https:\/\/www.europesays.com\/fr\/wp-json\/wp\/v2\/posts\/147568","targetHints":{"allow":["GET"]}}],"collection":[{"href":"https:\/\/www.europesays.com\/fr\/wp-json\/wp\/v2\/posts"}],"about":[{"href":"https:\/\/www.europesays.com\/fr\/wp-json\/wp\/v2\/types\/post"}],"author":[{"embeddable":true,"href":"https:\/\/www.europesays.com\/fr\/wp-json\/wp\/v2\/users\/2"}],"replies":[{"embeddable":true,"href":"https:\/\/www.europesays.com\/fr\/wp-json\/wp\/v2\/comments?post=147568"}],"version-history":[{"count":0,"href":"https:\/\/www.europesays.com\/fr\/wp-json\/wp\/v2\/posts\/147568\/revisions"}],"wp:featuredmedia":[{"embeddable":true,"href":"https:\/\/www.europesays.com\/fr\/wp-json\/wp\/v2\/media\/147569"}],"wp:attachment":[{"href":"https:\/\/www.europesays.com\/fr\/wp-json\/wp\/v2\/media?parent=147568"}],"wp:term":[{"taxonomy":"category","embeddable":true,"href":"https:\/\/www.europesays.com\/fr\/wp-json\/wp\/v2\/categories?post=147568"},{"taxonomy":"post_tag","embeddable":true,"href":"https:\/\/www.europesays.com\/fr\/wp-json\/wp\/v2\/tags?post=147568"}],"curies":[{"name":"wp","href":"https:\/\/api.w.org\/{rel}","templated":true}]}}