{"id":147574,"date":"2025-06-02T23:45:10","date_gmt":"2025-06-02T23:45:10","guid":{"rendered":"https:\/\/www.europesays.com\/fr\/147574\/"},"modified":"2025-06-02T23:45:10","modified_gmt":"2025-06-02T23:45:10","slug":"previsions-du-mardi-3-juin-2025-7","status":"publish","type":"post","link":"https:\/\/www.europesays.com\/fr\/147574\/","title":{"rendered":"pr\u00e9visions du mardi 3 juin 2025"},"content":{"rendered":"<p>Le soleil sera au rendez-vous \u00e0 Marseille : une belle journ\u00e9e se profile ! On pr\u00e9voit des valeurs avoisinant 23\u00b0C. Un vent de sud-est soufflera l\u00e9g\u00e8rement, avec 17 km\/h. Les maximales atteindront les 24\u00b0C dans la matin\u00e9e et les minimales seront de 21\u00b0C. Les temp\u00e9ratures s&rsquo;\u00e9chelonneront de 24 \u00e0 25\u00b0C sur l&rsquo;ensemble de l&rsquo;apr\u00e8s-midi. Dans la soir\u00e9e, les temp\u00e9ratures avoisineront les 23\u00b0C. Durant la nuit de mardi \u00e0 mercredi, le ciel sera clair.<\/p>\n<p>Marseille, o\u00f9 des nuages subsisteront demain, continuera de guetter le soleil. La m\u00e9t\u00e9o sera marqu\u00e9e par des pluies \u00e9parses. Une chute des temp\u00e9ratures est attendue. Les valeurs s&rsquo;\u00e9chelonneront entre 19 et 23\u00b0C. Un vent de sud-est est pr\u00e9vu : il soufflera \u00e0 23 km\/h. C&rsquo;est \u00e0 un ciel tapiss\u00e9 de nuages qu&rsquo;il faudra s&rsquo;attendre le matin. Il va faire environ 22\u00b0C. Demain apr\u00e8s-midi, des nuages ne voudront pas laisser leur place au soleil. Les temp\u00e9ratures afficheront entre 20 et 23\u00b0C. On observera la pr\u00e9sence persistante de nuages demain soir. Des pluies \u00e9parses vont tomber. Le thermom\u00e8tre affichera 20\u00b0C en moyenne.<\/p>\n<p>Les conditions m\u00e9t\u00e9orologiques des jours suivants vont s&rsquo;am\u00e9liorer. On anticipe des journ\u00e9es ensoleill\u00e9es, avec des temp\u00e9ratures dans les 22\u00b0C en moyenne.<\/p>\n<p><\/p>\n","protected":false},"excerpt":{"rendered":"Le soleil sera au rendez-vous \u00e0 Marseille : une belle journ\u00e9e se profile ! On pr\u00e9voit des valeurs&hellip;\n","protected":false},"author":2,"featured_media":147575,"comment_status":"","ping_status":"","sticky":false,"template":"","format":"standard","meta":{"footnotes":""},"categories":[2814],"tags":[1111,11,885,1777,674,1011,27,884,12,883,2119,882,25],"class_list":{"0":"post-147574","1":"post","2":"type-post","3":"status-publish","4":"format-standard","5":"has-post-thumbnail","7":"category-marseille","8":"tag-actu","9":"tag-actualites","10":"tag-bouches-du-rhone","11":"tag-eu","12":"tag-europe","13":"tag-fr","14":"tag-france","15":"tag-marseille","16":"tag-news","17":"tag-paca","18":"tag-previsions-meteo","19":"tag-provence-alpes-cote-dazur","20":"tag-republique-francaise"},"share_on_mastodon":{"url":"https:\/\/pubeurope.com\/@fr\/114616436289700312","error":""},"_links":{"self":[{"href":"https:\/\/www.europesays.com\/fr\/wp-json\/wp\/v2\/posts\/147574","targetHints":{"allow":["GET"]}}],"collection":[{"href":"https:\/\/www.europesays.com\/fr\/wp-json\/wp\/v2\/posts"}],"about":[{"href":"https:\/\/www.europesays.com\/fr\/wp-json\/wp\/v2\/types\/post"}],"author":[{"embeddable":true,"href":"https:\/\/www.europesays.com\/fr\/wp-json\/wp\/v2\/users\/2"}],"replies":[{"embeddable":true,"href":"https:\/\/www.europesays.com\/fr\/wp-json\/wp\/v2\/comments?post=147574"}],"version-history":[{"count":0,"href":"https:\/\/www.europesays.com\/fr\/wp-json\/wp\/v2\/posts\/147574\/revisions"}],"wp:featuredmedia":[{"embeddable":true,"href":"https:\/\/www.europesays.com\/fr\/wp-json\/wp\/v2\/media\/147575"}],"wp:attachment":[{"href":"https:\/\/www.europesays.com\/fr\/wp-json\/wp\/v2\/media?parent=147574"}],"wp:term":[{"taxonomy":"category","embeddable":true,"href":"https:\/\/www.europesays.com\/fr\/wp-json\/wp\/v2\/categories?post=147574"},{"taxonomy":"post_tag","embeddable":true,"href":"https:\/\/www.europesays.com\/fr\/wp-json\/wp\/v2\/tags?post=147574"}],"curies":[{"name":"wp","href":"https:\/\/api.w.org\/{rel}","templated":true}]}}