{"id":147576,"date":"2025-06-02T23:46:13","date_gmt":"2025-06-02T23:46:13","guid":{"rendered":"https:\/\/www.europesays.com\/fr\/147576\/"},"modified":"2025-06-02T23:46:13","modified_gmt":"2025-06-02T23:46:13","slug":"euromed-trente-ans-de-transformation-urbaine-a-marseille","status":"publish","type":"post","link":"https:\/\/www.europesays.com\/fr\/147576\/","title":{"rendered":"Euromed, trente ans de transformation urbaine \u00e0 Marseille"},"content":{"rendered":"<p>1995. <a href=\"https:\/\/www.laprovence.com\/bouches-du-rhone\/marseille-13055\" target=\"_blank\" rel=\"noopener\">Marseille<\/a> perd des habitants, ses soci\u00e9t\u00e9s ferment, le ch\u00f4mage explose jusqu\u2019\u00e0 atteindre les 22 %. Il fallait relancer une dynamique \u00e9conomique, transformer le territoire pour attirer les entreprises. Pour ce faire, l\u2019\u00c9tat s\u2019associe avec la municipalit\u00e9, alors <a href=\"https:\/\/www.laprovence.com\/article\/papier\/4532559\/robert-vigouroux-la-mort-dun-maire-qui-a-change-marseille.html\" target=\"_blank\" rel=\"noopener\">administr\u00e9e par Robert Vigouroux<\/a> (PS), au sein d\u2019un \u00e9tablissement public d\u2019am\u00e9nagement charg\u00e9 de conduire une op\u00e9ration de r\u00e9novation urbaine d\u2019int\u00e9r\u00eat national dans le nord de la ville. Un quartier d\u2019affaires va voir le jour, le troisi\u00e8me derri\u00e8re la D\u00e9fense \u00e0 Paris et la Part-Dieu \u00e0 Lyon\u00a0: <a href=\"https:\/\/www.laprovence.com\/article\/region\/3176090933074714\/marseille-a-30-ans-euromed-veut-continuer-de-voir-grand\" target=\"_blank\" rel=\"noopener\">Eurom\u00e9diterran\u00e9e<\/a>.<\/p>\n<p>De la rue de la R\u00e9publique\u00a0(2e) \u00e0 la <a href=\"https:\/\/www.laprovence.com\/article\/region\/1221391619515315\/quartiers-de-marseille-la-belle-de-mai-par-celles-et-ceux-qui-la-font-vivre\" target=\"_blank\" rel=\"noopener\">Belle-de-Mai\u00a0(3e)<\/a> en passant par la Joliette\u00a0(2e) et la gare Saint-Charles\u00a0(1er), un premier p\u00e9rim\u00e8tre recouvre 310 hectares. Des immeubles de bureaux et de logements sont \u00e9rig\u00e9s, redessinant le paysage urbain de l\u2019arri\u00e8re-port. La passerelle autorouti\u00e8re de la Joliette est d\u00e9pos\u00e9e, le J4 rendu accessible, les Docks r\u00e9habilit\u00e9s et les abords de la cath\u00e9drale de la Major \u00e9vacu\u00e9s de leur flot continu de v\u00e9hicules. Un balcon s\u2019ouvre sur la mer, la <a href=\"https:\/\/www.laprovence.com\/article\/economie\/32676993575404\/skyline-de-marseille-constructa-pose-la-premiere-pierre-de-sa-tour-marseillaise-m99\" target=\"_blank\" rel=\"noopener\">skyline <\/a>se redessine, les tours CMA CGM et La Marseillaise, sign\u00e9es Zaha Hadid et Jean Nouvel, sortent de terre.<\/p>\n","protected":false},"excerpt":{"rendered":"1995. Marseille perd des habitants, ses soci\u00e9t\u00e9s ferment, le ch\u00f4mage explose jusqu\u2019\u00e0 atteindre les 22 %. Il fallait&hellip;\n","protected":false},"author":2,"featured_media":147577,"comment_status":"","ping_status":"","sticky":false,"template":"","format":"standard","meta":{"footnotes":""},"categories":[2814],"tags":[17,1111,11,1764,1007,27668,1777,27669,674,3293,1011,27,884,12,882,16,25,27670,6456],"class_list":{"0":"post-147576","1":"post","2":"type-post","3":"status-publish","4":"format-standard","5":"has-post-thumbnail","7":"category-marseille","8":"tag-17","9":"tag-actu","10":"tag-actualites","11":"tag-ans","12":"tag-aux","13":"tag-docks","14":"tag-eu","15":"tag-euromed","16":"tag-europe","17":"tag-exposition","18":"tag-fr","19":"tag-france","20":"tag-marseille","21":"tag-news","22":"tag-provence-alpes-cote-dazur","23":"tag-region","24":"tag-republique-francaise","25":"tag-trente","26":"tag-village"},"share_on_mastodon":{"url":"https:\/\/pubeurope.com\/@fr\/114616440224523094","error":""},"_links":{"self":[{"href":"https:\/\/www.europesays.com\/fr\/wp-json\/wp\/v2\/posts\/147576","targetHints":{"allow":["GET"]}}],"collection":[{"href":"https:\/\/www.europesays.com\/fr\/wp-json\/wp\/v2\/posts"}],"about":[{"href":"https:\/\/www.europesays.com\/fr\/wp-json\/wp\/v2\/types\/post"}],"author":[{"embeddable":true,"href":"https:\/\/www.europesays.com\/fr\/wp-json\/wp\/v2\/users\/2"}],"replies":[{"embeddable":true,"href":"https:\/\/www.europesays.com\/fr\/wp-json\/wp\/v2\/comments?post=147576"}],"version-history":[{"count":0,"href":"https:\/\/www.europesays.com\/fr\/wp-json\/wp\/v2\/posts\/147576\/revisions"}],"wp:featuredmedia":[{"embeddable":true,"href":"https:\/\/www.europesays.com\/fr\/wp-json\/wp\/v2\/media\/147577"}],"wp:attachment":[{"href":"https:\/\/www.europesays.com\/fr\/wp-json\/wp\/v2\/media?parent=147576"}],"wp:term":[{"taxonomy":"category","embeddable":true,"href":"https:\/\/www.europesays.com\/fr\/wp-json\/wp\/v2\/categories?post=147576"},{"taxonomy":"post_tag","embeddable":true,"href":"https:\/\/www.europesays.com\/fr\/wp-json\/wp\/v2\/tags?post=147576"}],"curies":[{"name":"wp","href":"https:\/\/api.w.org\/{rel}","templated":true}]}}