{"id":147579,"date":"2025-06-02T23:48:14","date_gmt":"2025-06-02T23:48:14","guid":{"rendered":"https:\/\/www.europesays.com\/fr\/147579\/"},"modified":"2025-06-02T23:48:14","modified_gmt":"2025-06-02T23:48:14","slug":"lyon-fabrice-rosay-nouveau-secretaire-general-de-la-prefecture","status":"publish","type":"post","link":"https:\/\/www.europesays.com\/fr\/147579\/","title":{"rendered":"Lyon. Fabrice Rosay nouveau secr\u00e9taire g\u00e9n\u00e9ral de la pr\u00e9fecture"},"content":{"rendered":"<p>Venu du Pays basque, Fabrice Rosay a pris, ce lundi 2\u00a0juin, ses fonctions de pr\u00e9fet secr\u00e9taire g\u00e9n\u00e9ral de la pr\u00e9fecture du Rh\u00f4ne, pr\u00e9fet d\u00e9l\u00e9gu\u00e9 pour l\u2019\u00e9galit\u00e9 des chances aupr\u00e8s de la pr\u00e9f\u00e8te de r\u00e9gion et du Rh\u00f4ne <a href=\"https:\/\/www.leprogres.fr\/p\/fabienne-buccio\" target=\"_blank\" rel=\"nofollow noopener\">Fabienne Buccio<\/a>.\u00a0Il succ\u00e8de \u00e0 <a href=\"https:\/\/www.leprogres.fr\/p\/vanina-nicoli\" target=\"_blank\" rel=\"nofollow noopener\">Vanina Nicoli<\/a>, qui\u00a0occupait ce poste <a href=\"https:\/\/www.leprogres.fr\/politique\/2025\/03\/26\/la-prefete-secretaire-generale-du-rhone-vanina-nicoli-promue-prefete-de-savoie\" target=\"_blank\" rel=\"nofollow noopener\">depuis avril\u00a02022<\/a>. Cette derni\u00e8re avait \u00e9t\u00e9 nomm\u00e9e pr\u00e9f\u00e8te de la Savoie, lors du conseil des ministres du 26\u00a0mars.<\/p>\n<p>Dipl\u00f4m\u00e9 de Paris II Assas, Fabrice Rosay a commenc\u00e9 sa carri\u00e8re professionnelle en \u00e9tant magistrat aupr\u00e8s des tribunaux administratifs de Lille, Nantes puis Caen.<\/p>\n<p>C\u2019est en 2008 qu\u2019il rejoint le corps pr\u00e9fectoral, comme sous-pr\u00e9fet de Ch\u00e2teau-Gontier (Mayenne). Il a successivement occup\u00e9 les postes de sous-pr\u00e9fet, directeur de cabinet du pr\u00e9fet des Pyr\u00e9n\u00e9es-Orientales (2013), de secr\u00e9taire g\u00e9n\u00e9ral de la pr\u00e9fecture du Cher (2015), puis de la pr\u00e9fecture de La Manche (2017).<\/p>\n<p>En 2019, il est nomm\u00e9 secr\u00e9taire g\u00e9n\u00e9ral pour les affaires r\u00e9gionales de Normandie aupr\u00e8s du pr\u00e9fet de la r\u00e9gion Normandie. Puis il rejoint le Pays basque en d\u00e9but d\u2019ann\u00e9e 2023, en devenant sous-pr\u00e9fet de l\u2019arrondissement de Bayonne.<\/p>\n<p>\u00a0<\/p>\n<p>\u00ab\u00a0Le pr\u00e9fet, secr\u00e9taire g\u00e9n\u00e9ral, assiste la pr\u00e9f\u00e8te du Rh\u00f4ne dans l\u2019accompagnement des collectivit\u00e9s territoriales et dans la mise en \u0153uvre et la coordination \u00e0 l\u2019\u00e9chelon local des politiques du gouvernement en mati\u00e8re d\u2019emploi, de coh\u00e9sion sociale, d\u2019am\u00e9nagement du territoire, de d\u00e9veloppement \u00e9conomique, d\u2019environnement, de migrations et d\u2019int\u00e9gration\u00a0\u00bb, pr\u00e9cise la pr\u00e9fecture. En tant que secr\u00e9taire g\u00e9n\u00e9ral, il s\u2019occupe aussi des ressources humaines et des moyens affect\u00e9s aux services pr\u00e9fectoraux.<\/p>\n","protected":false},"excerpt":{"rendered":"Venu du Pays basque, Fabrice Rosay a pris, ce lundi 2\u00a0juin, ses fonctions de pr\u00e9fet secr\u00e9taire g\u00e9n\u00e9ral de&hellip;\n","protected":false},"author":2,"featured_media":147580,"comment_status":"","ping_status":"","sticky":false,"template":"","format":"standard","meta":{"footnotes":""},"categories":[1889],"tags":[1111,11,2430,2757,1777,674,1011,27,2428,2756,12,316,25,2429,104],"class_list":{"0":"post-147579","1":"post","2":"type-post","3":"status-publish","4":"format-standard","5":"has-post-thumbnail","7":"category-lyon","8":"tag-actu","9":"tag-actualites","10":"tag-auvergne-rhone-alpes","11":"tag-edition-lyon-villeurbanne","12":"tag-eu","13":"tag-europe","14":"tag-fr","15":"tag-france","16":"tag-lyon","17":"tag-lyon-bassin","18":"tag-news","19":"tag-politique","20":"tag-republique-francaise","21":"tag-rhone","22":"tag-societe"},"share_on_mastodon":{"url":"https:\/\/pubeurope.com\/@fr\/114616448865512807","error":""},"_links":{"self":[{"href":"https:\/\/www.europesays.com\/fr\/wp-json\/wp\/v2\/posts\/147579","targetHints":{"allow":["GET"]}}],"collection":[{"href":"https:\/\/www.europesays.com\/fr\/wp-json\/wp\/v2\/posts"}],"about":[{"href":"https:\/\/www.europesays.com\/fr\/wp-json\/wp\/v2\/types\/post"}],"author":[{"embeddable":true,"href":"https:\/\/www.europesays.com\/fr\/wp-json\/wp\/v2\/users\/2"}],"replies":[{"embeddable":true,"href":"https:\/\/www.europesays.com\/fr\/wp-json\/wp\/v2\/comments?post=147579"}],"version-history":[{"count":0,"href":"https:\/\/www.europesays.com\/fr\/wp-json\/wp\/v2\/posts\/147579\/revisions"}],"wp:featuredmedia":[{"embeddable":true,"href":"https:\/\/www.europesays.com\/fr\/wp-json\/wp\/v2\/media\/147580"}],"wp:attachment":[{"href":"https:\/\/www.europesays.com\/fr\/wp-json\/wp\/v2\/media?parent=147579"}],"wp:term":[{"taxonomy":"category","embeddable":true,"href":"https:\/\/www.europesays.com\/fr\/wp-json\/wp\/v2\/categories?post=147579"},{"taxonomy":"post_tag","embeddable":true,"href":"https:\/\/www.europesays.com\/fr\/wp-json\/wp\/v2\/tags?post=147579"}],"curies":[{"name":"wp","href":"https:\/\/api.w.org\/{rel}","templated":true}]}}