{"id":147595,"date":"2025-06-02T23:56:15","date_gmt":"2025-06-02T23:56:15","guid":{"rendered":"https:\/\/www.europesays.com\/fr\/147595\/"},"modified":"2025-06-02T23:56:15","modified_gmt":"2025-06-02T23:56:15","slug":"trump-pret-a-rencontrer-zelensky-et-poutine-en-turquie","status":"publish","type":"post","link":"https:\/\/www.europesays.com\/fr\/147595\/","title":{"rendered":"Trump \u00abpr\u00eat\u00bb \u00e0 rencontrer Zelensky et Poutine en Turquie"},"content":{"rendered":"<p>\n        00:00\n            <\/p>\n<p class=\"fig-live-post__title\" role=\"heading\" aria-level=\"3\">Ce direct est maintenant termin\u00e9 !<\/p>\n<p class=\"fig-paragraph\">Ce live est maintenant termin\u00e9, merci de nous avoir suivis.<\/p>\n<p>                        Hier<\/p>\n<p>\n        21:50\n            <\/p>\n<p class=\"fig-live-post__title\" role=\"heading\" aria-level=\"3\">Le chef de la diplomatie turque salue une \u00abatmosph\u00e8re constructive\u00bb<\/p>\n<p class=\"fig-paragraph\">Le ministre des affaires \u00e9trang\u00e8res turc Hakan Fidan a salu\u00e9 sur X une \u00abatmosph\u00e8re constructive\u00bb pendant\u00a0<a href=\"https:\/\/www.lefigaro.fr\/international\/pourparlers-a-istanbul-pas-de-treve-en-vue-mais-un-nouvel-echange-de-prisonniers-entre-kiev-et-moscou-20250602?msockid=1f5ab7783a426ee5250da2873b336f6a\" target=\"_blank\" data-fig-type=\"Article\" rel=\"noopener nofollow\" data-gtm-custom-categorie=\"navigation\" data-gtm-custom-action=\"crossclick\" data-gtm-custom-label=\"Contextuel\" data-gtm-event=\"customEventSPE\" data-fig-domain=\"LEFIGARO\">la r\u00e9union d\u2019Istanbul<\/a>. Il a annonc\u00e9 que les parties avaient \u00ab\u00e9chang\u00e9 des m\u00e9morandums refl\u00e9tant leurs points de vue sur le cessez-le-feu et la paix. Elles ont jug\u00e9 opportun de commencer \u00e0 travailler au niveau technique sur ces textes dans les prochains jours\u00bb.<\/p>\n<p class=\"fig-paragraph\">\u00abJe tiens \u00e0 remercier une fois encore les deux pays pour la confiance qu\u2019ils ont accord\u00e9e \u00e0 la Turquie tout au long de ce processus historique.\u00bb, a-t-il conclu au terme de cette journ\u00e9e de n\u00e9gociation.<\/p>\n<p class=\"fig-paragraph\"><a href=\"https:\/\/x.com\/HakanFidan\/status\/1929592396146147382\" target=\"_blank\" rel=\"nofollow noopener\" data-gtm-custom-categorie=\"navigation\" data-gtm-custom-action=\"crossclick\" data-gtm-custom-label=\"Contextuel\" data-gtm-event=\"customEventSPE\">(2) Hakan Fidan sur\u00a0X\u00a0: \u00ab\u00a0Rusya ile Ukrayna aras\u0131ndaki m\u00fczakerelerin ikinci turuna ev sahipli\u011fi yapt\u0131k. Yap\u0131c\u0131 bir atmosferde cereyan eden g\u00f6r\u00fc\u015fmelerde taraflar, ilk toplant\u0131da \u00fczerinde mutab\u0131k kald\u0131klar\u0131 hususlar\u0131 bir ad\u0131m ileriye ta\u015f\u0131d\u0131lar. \u0130nsani takas ba\u015fl\u0131\u011f\u0131nda, yeni kategorilerde ve daha y\u00fcksek https:\/\/t.co\/RkvPiF9DMB\u00a0\u00bb \/ X<\/a><\/p>\n<p>\n        19:38\n            <\/p>\n<p class=\"fig-live-post__title\" role=\"heading\" aria-level=\"3\">Donald Trump serait \u00abpr\u00eat\u00bb \u00e0 rencontrer Zelensky et Poutine en Turquie, selon la Maison-Blanche<\/p>\n<p class=\"fig-paragraph\">Donald Trump reste \u00abpr\u00eat\u00bb \u00e0 se rendre en Turquie pour une rencontre avec l\u2019Ukrainien Volodymyr Zelensky et<a href=\"https:\/\/www.lefigaro.fr\/international\/guerre-en-ukraine-trump-affirme-que-poutine-est-devenu-completement-fou-20250526?msockid=1f5ab7783a426ee5250da2873b336f6a\" target=\"_blank\" data-fig-type=\"NewsFlash\" rel=\"noopener nofollow\" data-gtm-custom-categorie=\"navigation\" data-gtm-custom-action=\"crossclick\" data-gtm-custom-label=\"Contextuel\" data-gtm-event=\"customEventSPE\" data-fig-domain=\"LEFIGARO\">\u00a0le Russe Vladimir Poutine<\/a>, a dit lundi sa porte-parole Karoline Leavitt.<\/p>\n<p class=\"fig-paragraph\">Le pr\u00e9sident am\u00e9ricain \u00aba d\u00e9j\u00e0 dit qu\u2019il y \u00e9tait pr\u00eat si l\u2019on en arrive l\u00e0, mais il veut que ces deux dirigeants et les deux parties viennent ensemble autour de la table des n\u00e9gociations\u00bb, a-t-elle dit \u00e0 la presse, apr\u00e8s que le chef d\u2019\u00c9tat turc Recep Tayyip Erdogan a de nouveau propos\u00e9 un sommet de cette nature \u00e0 l\u2019issue d\u2019une r\u00e9union entre d\u00e9l\u00e9gations russe et ukrainienne lundi \u00e0 Istanbul.<\/p>\n<p>    Donald Trump dans le Bureau ovale de la Maison Blanche \u00e0 Washington, D.C., \u00c9tats-Unis, le 21 mai 2025.<br \/>\n                Kevin Lamarque \/ REUTERS<\/p>\n<p>\n        19:24\n            <\/p>\n<p class=\"fig-live-post__title\" role=\"heading\" aria-level=\"3\">Volodymyr Zelensky en appelle \u00e0 Donald Trump pour \u00abcontraindre\u00bb la Russie \u00e0 un cessez-le-feu<\/p>\n<p class=\"fig-paragraph\">Le pr\u00e9sident ukrainien Volodymyr Zelensky a appel\u00e9 lundi son homologue\u00a0<a href=\"https:\/\/www.lefigaro.fr\/international\/defiant-trump-la-russie-accentue-la-pression-militaire-sur-l-ukraine-20250528?msockid=1f5ab7783a426ee5250da2873b336f6a\" target=\"_blank\" data-fig-type=\"Article\" rel=\"noopener nofollow\" data-gtm-custom-categorie=\"navigation\" data-gtm-custom-action=\"crossclick\" data-gtm-custom-label=\"Contextuel\" data-gtm-event=\"customEventSPE\" data-fig-domain=\"LEFIGARO\">am\u00e9ricain Donald Trump<\/a>\u00a0\u00e0 adopter des sanctions contre la Russie pour la \u00abcontraindre\u00bb \u00e0 un cessez-le-feu, accusant Moscou de ne chercher qu\u2019une \u00abcourte pause\u00bb dans les affrontements et non une tr\u00eave globale.<\/p>\n<p class=\"fig-paragraph\">\u00abNous attendons vraiment de Trump qu\u2019il prenne des mesures \u00e9nergiques. Nous attendons qu\u2019il soutienne les sanctions afin de contraindre la Russie \u00e0 mettre fin \u00e0 la guerre, ou du moins \u00e0 passer \u00e0 la premi\u00e8re \u00e9tape, \u00e0 savoir un cessez-le-feu\u00bb, a d\u00e9clar\u00e9 Volodymyr Zelensky lors d\u2019une conf\u00e9rence de presse.<\/p>\n<p>\n        18:55\n            <\/p>\n<p class=\"fig-live-post__title\" role=\"heading\" aria-level=\"3\">La Russie demande un recul des troupes ukrainiennes avant tout cessez-le-feu global<\/p>\n<p class=\"fig-paragraph\">La Russie a demand\u00e9 \u00e0 l\u2019Ukraine qu\u2019elle\u00a0<a href=\"http:\/\/www.lefigaro.fr\/international\/l-ukraine-accuse-la-russie-d-attaques-aux-bombes-guidees-en-depit-de-la-treve-annoncee-par-poutine-20250508\" data-fig-type=\"NewsFlash\" data-gtm-custom-categorie=\"navigation\" data-gtm-custom-action=\"crossclick\" data-gtm-custom-label=\"Contextuel\" data-gtm-event=\"customEventSPE\" data-fig-domain=\"LEFIGARO\" rel=\"nofollow noopener\" target=\"_blank\">retire ses troupes<\/a>\u00a0des quatre r\u00e9gions du pays dont Moscou revendique l\u2019annexion avant tout cessez-le-feu global, selon le m\u00e9morandum russe transmis \u00e0 Kiev lundi et publi\u00e9 par les agences de presse russes.<\/p>\n<p class=\"fig-paragraph\">Selon ce document, fourni \u00e0 l\u2019Ukraine lors des pourparlers \u00e0 Istanbul lundi, Moscou veut un \u00abretrait complet\u00bb de l\u2019arm\u00e9e ukrainienne des r\u00e9gions partiellement occup\u00e9es de Donetsk et Lougansk (est) et de celles de Zaporijjia et Kherson (sud) avant \u00abla mise en place d\u2019un cessez-le-feu de 30 jours\u00bb.<\/p>\n<p>\n        17:57\n            <\/p>\n<p class=\"fig-live-post__title\" role=\"heading\" aria-level=\"3\">Il y a \u00aburgence\u00bb \u00e0 soutenir les communaut\u00e9s rurales en Ukraine, alerte la FAO<\/p>\n<p class=\"fig-paragraph\">Acc\u00e8s aux champs, aux semences ou aux engrais\u00a0: les communaut\u00e9s rurales en Ukraine ont besoin d\u2019une \u00abaide imm\u00e9diate\u00bb pour pouvoir semer et assurer leur autosubsistance dans le contexte actuel de guerre, a alert\u00e9 ce lundi l\u2019agence de l\u2019ONU pour l\u2019agriculture et l\u2019alimentation (FAO). La FAO pr\u00e9vient dans un communiqu\u00e9 que \u00absans un soutien urgent et durable, des milliers de m\u00e9nages ruraux pourraient ne pas \u00eatre en mesure de semer ou de r\u00e9colter \u00e0 temps leurs productions, ce qui mettrait en p\u00e9ril la s\u00e9curit\u00e9 alimentaire nationale\u00bb.<\/p>\n<p class=\"fig-paragraph\">L\u2019agence onusienne appelle \u00e0 un \u00abeffort important (&#8230;) pour soutenir les syst\u00e8mes agroalimentaires\u00bb locaux. Elle enjoint notamment les donateurs \u00ab\u00e0 redoubler leur soutien aux familles d\u2019agriculteurs ukrainiens\u00bb dont \u00able r\u00f4le dans la s\u00e9curit\u00e9 alimentaire nationale, les \u00e9conomies locales et le rel\u00e8vement \u00e0 long terme est indispensable\u00bb. \u00abLe manque de fonds continue \u00e0 limiter la mise en \u0153uvre compl\u00e8te du Plan d\u2019intervention d\u2019urgence et de rel\u00e8vement rapide pour 2025-26\u00bb lanc\u00e9 en avril par la FAO.<\/p>\n<p class=\"fig-paragraph\">Ce plan, dot\u00e9 de 150 millions d\u2019euros, est destin\u00e9 \u00e0 \u00abaider plus d\u2019un demi-million de personnes vuln\u00e9rables \u00e0 r\u00e9tablir la production agricole\u00bb dans un pays qui \u00e9tait devenu avant la guerre un g\u00e9ant mondial du bl\u00e9 et du tournesol. Si le pays parvient toujours \u00e0 exporter des millions de tonnes de c\u00e9r\u00e9ales et de graines de tournesol, la situation dans les campagnes est tr\u00e8s difficile.<\/p>\n<p class=\"fig-paragraph\">Apr\u00e8s plus de trois ans d\u2019une guerre d\u00e9clench\u00e9e par l\u2019invasion russe du 24 f\u00e9vrier 2022, de nombreux agriculteurs et familles rurales ukrainiens ont \u00abun acc\u00e8s limit\u00e9 \u00e0 leurs terres \u00e0 cause des mines\u00bb et n\u2019ont pas les moyens d\u2019acheter des intrants agricoles (semences, engrais, pesticides). En outre, plusieurs territoires de l\u2019est et du sud du pays, notamment des r\u00e9gions de production de bl\u00e9, millet ou colza, sont occup\u00e9es par la Russie.<\/p>\n<p>\n        16:59\n            <\/p>\n<p class=\"fig-live-post__title\" role=\"heading\" aria-level=\"3\">Erdogan propose un nouveau sommet tripartite en Turquie<\/p>\n<p class=\"fig-paragraph\">Le pr\u00e9sident turc\u00a0<a href=\"https:\/\/www.lefigaro.fr\/international\/municipales-turques-recep-tayyip-erdogan-subit-une-defaite-historique-20240401\" target=\"_blank\" data-fig-type=\"Article\" rel=\"noopener nofollow\" data-gtm-custom-categorie=\"navigation\" data-gtm-custom-action=\"crossclick\" data-gtm-custom-label=\"Contextuel\" data-gtm-event=\"customEventSPE\" data-fig-domain=\"LEFIGARO\">Recep Tayyip Erdogan<\/a>\u00a0a de nouveau propos\u00e9 ce lundi de r\u00e9unir en sommet les pr\u00e9sidents russe, ukrainien et am\u00e9ricain \u00ab\u00e0 Istanbul ou Ankara\u00bb.<\/p>\n<p class=\"fig-paragraph\">\u00abMon plus grand souhait (&#8230;) est de r\u00e9unir\u00a0<a href=\"http:\/\/www.lefigaro.fr\/international\/en-exigeant-une-reddition-de-l-ukraine-vladimir-poutine-campe-sur-sa-position-maximaliste-20250518\" target=\"_blank\" data-fig-type=\"Article\" rel=\"noopener nofollow\" data-gtm-custom-categorie=\"navigation\" data-gtm-custom-action=\"crossclick\" data-gtm-custom-label=\"Contextuel\" data-gtm-event=\"customEventSPE\" data-fig-domain=\"LEFIGARO\">Vladimir Poutine<\/a>\u00a0et Volodymyr Zelensky \u00e0 Istanbul ou \u00e0 Ankara et d\u2019amener Donald Trump \u00e0 leurs c\u00f4t\u00e9s. S\u2019ils l\u2019acceptent je me joindrai \u00e0 eux, afin de faire d\u2019Istanbul un centre de paix\u00bb, a-t-il d\u00e9clar\u00e9 \u00e0 l\u2019issue d\u2019une deuxi\u00e8me r\u00e9union entre d\u00e9l\u00e9gations russe et ukrainienne lundi \u00e0 Istanbul.<\/p>\n<p class=\"fig-paragraph\">Le chef de l\u2019\u00c9tat a jug\u00e9 qu\u2019avoir tenu \u00abla r\u00e9union est un succ\u00e8s en soi, apr\u00e8s les \u00e9v\u00e9nements d\u2019hier\u00bb, \u00e9voquant notamment l\u2019attaque de drones audacieuse lanc\u00e9e dimanche par Kiev contre des a\u00e9rodromes militaires profond\u00e9ment en territoire russe. Cette op\u00e9ration, in\u00e9dite depuis le d\u00e9but du conflit, a vis\u00e9 quatre a\u00e9rodromes militaires russes et touch\u00e9 plusieurs dizaines d\u2019avions, dont des bombardiers strat\u00e9giques, jusqu\u2019en Sib\u00e9rie tr\u00e8s loin du front, selon les services de s\u00e9curit\u00e9 ukrainiens (SBU).<\/p>\n<p>    Le pr\u00e9sident turc Recep Tayyip Erdogan.<br \/>\n                Kaan Soyturk \/ REUTERS<\/p>\n<p>\n        16:32\n            <\/p>\n<p class=\"fig-live-post__title\" role=\"heading\" aria-level=\"3\">La Russie et l\u2019Ukraine \u00e9changeront tous leurs prisonniers jeunes ou bless\u00e9s<\/p>\n<p class=\"fig-paragraph\">La Russie et l\u2019Ukraine ont convenu lundi lors de nouveaux pourparlers \u00e0 Istanbul d\u2019\u00e9changer tous leurs<a href=\"http:\/\/www.lefigaro.fr\/international\/echange-de-prisonniers-treve-navale-donald-trump-et-vladimir-poutine-s-entendent-sur-un-cessez-le-feu-tres-partiel-en-ukraine-20250318\" target=\"_blank\" data-fig-type=\"Article\" rel=\"noopener nofollow\" data-gtm-custom-categorie=\"navigation\" data-gtm-custom-action=\"crossclick\" data-gtm-custom-label=\"Contextuel\" data-gtm-event=\"customEventSPE\" data-fig-domain=\"LEFIGARO\">\u00a0prisonniers de guerre<\/a>\u00a0gri\u00e8vement bless\u00e9s ou \u00e2g\u00e9s de moins de 25 ans, ainsi que 6.000 corps de soldats tu\u00e9s de chaque camp, a indiqu\u00e9 le n\u00e9gociateur en chef ukrainien.<\/p>\n<p class=\"fig-paragraph\">\u00abNous avons convenu d\u2019\u00e9changer tous les prisonniers de guerre gri\u00e8vement bless\u00e9s et gravement malades. La deuxi\u00e8me cat\u00e9gorie comprend les jeunes soldats \u00e2g\u00e9s de 18 \u00e0 25 ans, sur le format tous contre tous\u00bb, a indiqu\u00e9 le ministre ukrainien de la D\u00e9fense,\u00a0<a href=\"http:\/\/www.lefigaro.fr\/international\/guerre-en-ukraine-roustem-oumerov-un-tatar-de-crimee-annonce-comme-futur-ministre-de-la-defense-20230904\" target=\"_blank\" data-fig-type=\"Article\" rel=\"noopener nofollow\" data-gtm-custom-categorie=\"navigation\" data-gtm-custom-action=\"crossclick\" data-gtm-custom-label=\"Contextuel\" data-gtm-event=\"customEventSPE\" data-fig-domain=\"LEFIGARO\">Roustem Oumerov<\/a>. \u00abNous avons \u00e9galement convenu de restituer 6.000 contre 6.000 corps de soldats tomb\u00e9s au combat\u00bb, a-t-il ajout\u00e9.<\/p>\n<p>\n        16:20\n            <\/p>\n<p class=\"fig-live-post__title\" role=\"heading\" aria-level=\"3\">L\u2019Ukraine a propos\u00e9 une nouvelle rencontre \u00e0 la Russie pour la fin du mois de juin<\/p>\n<p class=\"fig-paragraph\">L\u2019Ukraine a propos\u00e9 \u00e0 la Russie une nouvelle rencontre \u00abentre le 20 et le 30 juin\u00bb, a annonc\u00e9 lundi le principal n\u00e9gociateur ukrainien, \u00e0 l\u2019issue de la deuxi\u00e8me session de\u00a0<a href=\"https:\/\/www.lefigaro.fr\/international\/ukraine-russie-guerre-poutine-zelensky-trump-istanbul-turquie-pourparlers-paix-20250516\" target=\"_blank\" data-fig-type=\"Live\" rel=\"noopener nofollow\" data-gtm-custom-categorie=\"navigation\" data-gtm-custom-action=\"crossclick\" data-gtm-custom-label=\"Contextuel\" data-gtm-event=\"customEventSPE\" data-fig-domain=\"LEFIGARO\">pourparlers de paix<\/a>\u00a0directs entre Ukrainiens et Russes \u00e0 Istanbul.<\/p>\n<p class=\"fig-paragraph\">\u00abNous proposons \u00e0 la partie russe d\u2019organiser une r\u00e9union d\u2019ici la fin du mois, entre le 20 et le 30 juin\u00bb, a d\u00e9clar\u00e9 \u00e0 la presse le ministre ukrainien de la D\u00e9fense,\u00a0<a href=\"http:\/\/www.lefigaro.fr\/international\/guerre-en-ukraine-roustem-oumerov-un-tatar-de-crimee-annonce-comme-futur-ministre-de-la-defense-20230904\" target=\"_blank\" data-fig-type=\"Article\" rel=\"noopener nofollow\" data-gtm-custom-categorie=\"navigation\" data-gtm-custom-action=\"crossclick\" data-gtm-custom-label=\"Contextuel\" data-gtm-event=\"customEventSPE\" data-fig-domain=\"LEFIGARO\">Roustem Oumerov.<\/a>\u00a0\u00abCela est essentiel pour faire avancer le processus de n\u00e9gociation\u00bb, a-t-il ajout\u00e9.<\/p>\n<p>    Le ministre de la D\u00e9fense ukrainien Roustem Oumerov.<br \/>\n                NICOLAS TUCAT \/ AFP<\/p>\n<p>\n        16:06\n            <\/p>\n<p class=\"fig-live-post__title\" role=\"heading\" aria-level=\"3\">L\u2019Ukraine affirme que la Russie a refus\u00e9 son offre de cessez-le-feu inconditionnel<\/p>\n<p class=\"fig-paragraph\">Le premier vice-ministre ukrainien des Affaires \u00e9trang\u00e8res, Sergue\u00ef Kyslytsia, a affirm\u00e9 lundi que la Russie avait rejet\u00e9 l\u2019offre de Kiev de \u00ab<a href=\"http:\/\/www.lefigaro.fr\/international\/guerre-en-ukraine-poutine-s-engage-devant-trump-a-discuter-d-un-cessez-le-feu-20250519\" target=\"_blank\" data-fig-type=\"Article\" rel=\"noopener nofollow\" data-gtm-custom-categorie=\"navigation\" data-gtm-custom-action=\"crossclick\" data-gtm-custom-label=\"Contextuel\" data-gtm-event=\"customEventSPE\" data-fig-domain=\"LEFIGARO\">cessez-le-feu\u00a0<\/a>inconditionnel\u00bb lors de leur nouvelle session de pourparlers directs \u00e0 Istanbul.<\/p>\n<p class=\"fig-paragraph\">\u00abLa partie russe a continu\u00e9 de rejeter la proposition de cessez-le-feu inconditionnel\u00bb, a d\u00e9clar\u00e9 M. Kyslytsia lors d\u2019une prise de parole devant la presse \u00e0 l\u2019issue de cette r\u00e9union avec les Russes, organis\u00e9e sous m\u00e9diation turque.<\/p>\n<p class=\"fig-paragraph\">La<a href=\"http:\/\/www.lefigaro.fr\/international\/pas-question-de-s-arreter-la-en-russie-les-cercles-patriotiques-opposes-a-tout-compromis-en-ukraine-20250602\" target=\"_blank\" data-fig-type=\"Article\" rel=\"noopener nofollow\" data-gtm-custom-categorie=\"navigation\" data-gtm-custom-action=\"crossclick\" data-gtm-custom-label=\"Contextuel\" data-gtm-event=\"customEventSPE\" data-fig-domain=\"LEFIGARO\">\u00a0Russie<\/a>\u00a0a de son c\u00f4t\u00e9 propos\u00e9 un cessez-le-feu partiel de \u00ab2-3 jours\u00bb sur certains secteurs du front. \u00abNous avons fait une proposition assez g\u00e9n\u00e9rale. Un cessez-le-feu concret pendant deux ou trois jours dans certaines zones du front\u00bb, a d\u00e9clar\u00e9 Vladimir Medinski lors d\u2019une conf\u00e9rence de presse \u00e0 l\u2019issue des discussions.<\/p>\n<p class=\"fig-body-link\">\n            \u00c0 lire aussi<br \/>\n        <a class=\"fig-body-link__link fig-premium-mark\" href=\"http:\/\/www.lefigaro.fr\/international\/guerre-en-ukraine-les-occidentaux-unis-pour-contraindre-la-russie-au-cessez-le-feu-20250511\" data-fig-type=\"Article\" data-gtm-custom-categorie=\"navigation\" data-gtm-custom-action=\"crossclick\" data-gtm-custom-label=\"Contextuel\" data-gtm-event=\"customEventSPE\" data-fig-domain=\"LEFIGARO\" rel=\"nofollow noopener\" target=\"_blank\">Guerre en Ukraine\u00a0: les Occidentaux unis pour contraindre la Russie au cessez-le-feu<br \/>\n    <\/a>\n<\/p>\n<p>\n        15:30\n            <\/p>\n<p class=\"fig-live-post__title\" role=\"heading\" aria-level=\"3\">Zelensky a annonc\u00e9 \u00abla pr\u00e9paration\u00bb d\u2019un nouvel \u00e9change de prisonniers avec la Russie<\/p>\n<p class=\"fig-paragraph\">Le pr\u00e9sident ukrainien<a href=\"http:\/\/www.lefigaro.fr\/international\/combattants-chinois-en-ukraine-volodymyr-zelensky-appelle-a-une-reponse-de-l-occident-20250409\" target=\"_blank\" data-fig-type=\"Article\" rel=\"noopener nofollow\" data-gtm-custom-categorie=\"navigation\" data-gtm-custom-action=\"crossclick\" data-gtm-custom-label=\"Contextuel\" data-gtm-event=\"customEventSPE\" data-fig-domain=\"LEFIGARO\">\u00a0Volodymyr Zelensky<\/a>\u00a0a annonc\u00e9 ce lundi \u00abla pr\u00e9paration\u00bb d\u2019un nouvel \u00e9change de prisonniers avec la Russie, \u00e0 l\u2019issue d\u2019une deuxi\u00e8me session de pourparlers russo-ukrainiens \u00e0 Istanbul en Turquie.<\/p>\n<p class=\"fig-paragraph\">\u00abDes documents ont \u00e9t\u00e9 \u00e9chang\u00e9s par l\u2019interm\u00e9diaire de la partie turque, et nous pr\u00e9parons une nouvelle lib\u00e9ration de prisonniers de guerre\u00bb, a pr\u00e9cis\u00e9 le chef d\u2019\u00c9tat ukrainien lors d\u2019une conf\u00e9rence de presse \u00e0 Vilnius, en Lituanie. Le 16 mai, les premi\u00e8res discussions directes depuis trois ans entre Russes et Ukrainiens avaient d\u00e9j\u00e0 abouti \u00e0 un\u00a0<a href=\"http:\/\/www.lefigaro.fr\/international\/papa-rentre-a-la-maison-quand-des-anciens-soldats-ukrainiens-profitent-d-un-echange-de-prisonniers-avec-la-russie-20250525\" target=\"_blank\" data-fig-type=\"Article\" rel=\"noopener nofollow\" data-gtm-custom-categorie=\"navigation\" data-gtm-custom-action=\"crossclick\" data-gtm-custom-label=\"Contextuel\" data-gtm-event=\"customEventSPE\" data-fig-domain=\"LEFIGARO\">\u00e9change de prisonniers\u00a0<\/a>de 1.000 personnes dans chaque camp.<\/p>\n<p>    Le pr\u00e9sident ukrainien Volodymyr Zelensky, le 10 mai 2025.<br \/>\n                LUDOVIC MARIN \/ REUTERS<\/p>\n<p>\n        15:23\n            <\/p>\n<p class=\"fig-live-post__title\" role=\"heading\" aria-level=\"3\">L\u2019Ukraine a remis \u00e0 la Russie une liste de \u00abcentaines d\u2019enfants\u00bb ukrainiens d\u00e9port\u00e9s par Moscou<\/p>\n<p class=\"fig-paragraph\">La d\u00e9l\u00e9gation ukrainienne a remis aux n\u00e9gociateurs russes une liste d\u2019enfants ukrainiens d\u00e9plac\u00e9s en Russie pendant la guerre, et exige leur retour, d\u2019apr\u00e8s des d\u00e9clarations d\u2019Andriy Yermak, chef du cabinet du pr\u00e9sident\u00a0<a href=\"http:\/\/www.lefigaro.fr\/international\/minerais-zelensky-salue-l-accord-veritablement-equitable-signe-avec-washington-20250501\" target=\"_blank\" data-fig-type=\"NewsFlash\" rel=\"noopener nofollow\" data-gtm-custom-categorie=\"navigation\" data-gtm-custom-action=\"crossclick\" data-gtm-custom-label=\"Contextuel\" data-gtm-event=\"customEventSPE\" data-fig-domain=\"LEFIGARO\">Volodymyr Zelensky<\/a>.<\/p>\n<p class=\"fig-paragraph\">\u00abIl s\u2019agit de centaines d\u2019enfants que la Russie a d\u00e9port\u00e9s ill\u00e9galement, d\u00e9plac\u00e9 par la force ou qu\u2019elle retient dans les territoires ukrainiens temporairement occup\u00e9s\u00bb par Moscou, a affirm\u00e9 Andri\u00ef Iermak sur son compte Telegram.<\/p>\n<p class=\"fig-paragraph\">Moscou affirme que les enfants ont \u00e9t\u00e9 d\u00e9plac\u00e9s pour les prot\u00e9ger des combats.<\/p>\n<p class=\"fig-body-link\">\n            \u00c0 lire aussi<br \/>\n        <a class=\"fig-body-link__link fig-premium-mark\" href=\"http:\/\/www.lefigaro.fr\/international\/les-hommes-sont-partis-beaucoup-sont-morts-en-ukraine-l-industrie-mobilise-les-femmes-20250410\" data-fig-type=\"Article\" data-gtm-custom-categorie=\"navigation\" data-gtm-custom-action=\"crossclick\" data-gtm-custom-label=\"Contextuel\" data-gtm-event=\"customEventSPE\" data-fig-domain=\"LEFIGARO\" rel=\"nofollow noopener\" target=\"_blank\">\u00ab Les hommes sont partis, beaucoup sont morts\u00a0\u00bb\u00a0: en Ukraine, l\u2019industrie mobilise les femmes<br \/>\n    <\/a>\n<\/p>\n<p>\n        15:17\n            <\/p>\n<p class=\"fig-live-post__title\" role=\"heading\" aria-level=\"3\">Zelensky rencontre le pr\u00e9sident polonais sortant<\/p>\n<p class=\"fig-paragraph\">Alors que les dirigeants des pays membres de l\u2019OTAN sont \u00e0 Vilnius, capitale de la Lituanie, le pr\u00e9sident ukrainien\u00a0<a href=\"http:\/\/www.lefigaro.fr\/international\/minerais-zelensky-salue-l-accord-veritablement-equitable-signe-avec-washington-20250501\" target=\"_blank\" data-fig-type=\"NewsFlash\" rel=\"noopener nofollow\" data-gtm-custom-categorie=\"navigation\" data-gtm-custom-action=\"crossclick\" data-gtm-custom-label=\"Contextuel\" data-gtm-event=\"customEventSPE\" data-fig-domain=\"LEFIGARO\">Volodymyr Zelensky\u00a0<\/a>a rencontr\u00e9 ce lundi Andrzej Duda, le pr\u00e9sident sortant de la Pologne.<\/p>\n<p class=\"fig-paragraph\">Sur son compte X, le chef d\u2019\u00c9tat ukrainien a \u00e9voqu\u00e9 les \u00abprojets \u00e9conomiques mutuellement b\u00e9n\u00e9fiques\u00bb et affirm\u00e9 avoir \u00abh\u00e2te de les voir mis en \u0153uvre avec succ\u00e8s\u00bb. Au lendemain de la victoire du candidat nationaliste conservateur<a href=\"http:\/\/www.lefigaro.fr\/international\/pro-trump-critique-de-l-ue-qui-est-karol-nawrocki-vainqueur-de-l-election-presidentielle-en-pologne-20250602\" target=\"_blank\" data-fig-type=\"NewsFlash\" rel=\"noopener nofollow\" data-gtm-custom-categorie=\"navigation\" data-gtm-custom-action=\"crossclick\" data-gtm-custom-label=\"Contextuel\" data-gtm-event=\"customEventSPE\" data-fig-domain=\"LEFIGARO\">\u00a0Karol Nawrocki<\/a>, Volodymyr Zelensky a rappel\u00e9 les liens qui unissent les deux pays. \u00abNous appr\u00e9cions le soutien du peuple polonais et d\u2019Andrzej personnellement depuis le tout d\u00e9but de l\u2019invasion \u00e0 grande \u00e9chelle. L\u2019aide de la Pologne est tr\u00e8s importante\u00bb, a-t-il poursuivi.<\/p>\n<p>\n        15:10\n            <\/p>\n<p class=\"fig-live-post__title\" role=\"heading\" aria-level=\"3\">Fin des pourparlers entre l\u2019Ukraine et la Russie<\/p>\n<p class=\"fig-paragraph\">Le dialogue entre\u00a0<a href=\"http:\/\/www.lefigaro.fr\/international\/guerre-en-ukraine-que-demandent-kiev-et-moscou-avant-les-pourparlers-a-istanbul-20250602\" target=\"_blank\" data-fig-type=\"NewsFlash\" rel=\"noopener nofollow\" data-gtm-custom-categorie=\"navigation\" data-gtm-custom-action=\"crossclick\" data-gtm-custom-label=\"Contextuel\" data-gtm-event=\"customEventSPE\" data-fig-domain=\"LEFIGARO\">Moscou<\/a>\u00a0et Kiev, qui s\u2019est tenu ce lundi \u00e0 Istanbul, vient de s\u2019achever, apr\u00e8s un peu plus d\u2019une heure de discussions, a indiqu\u00e9 le minist\u00e8re turc des Affaires \u00e9trang\u00e8res.<\/p>\n<p class=\"fig-paragraph\">\u00abLa rencontre est termin\u00e9e, sans r\u00e9sultat n\u00e9gatif\u00bb, a annonc\u00e9 \u00d6nc\u00fc Ke\u00e7eli, le porte-parole du minist\u00e8re turc, pr\u00e9cisant que \u00ables deux parties feront des d\u00e9clarations\u00bb \u00e0 la presse ult\u00e9rieurement.<\/p>\n<p>    le conseiller pr\u00e9sidentiel, Vladimir Medinsky (\u00e0 gauche), chef de la d\u00e9l\u00e9gation russe \u00e0 Istanbul lors des pourparlers avec l\u2019Ukraine ce lundi.<br \/>\n                Murad Sezer \/ REUTERS<\/p>\n<p>\n        14:10\n            <\/p>\n<p class=\"fig-live-post__title\" role=\"heading\" aria-level=\"3\">Ankara juge le soutien am\u00e9ricain \u00abextr\u00eamement important\u00bb<\/p>\n<p class=\"fig-paragraph\">La Turquie a jug\u00e9 lundi \u00abextr\u00eamement important\u00bb le soutien des \u00c9tats-Unis au dialogue entre l\u2019Ukraine et la Russie, \u00e0 l\u2019ouverture de pourparlers sous m\u00e9diation turque \u00e0 Istanbul entre Kiev et Moscou.<\/p>\n<p class=\"fig-paragraph\">\u00abNous consid\u00e9rons la foi et le soutien des \u00c9tats-Unis dans ces discussions comme extr\u00eamement importants. La d\u00e9termination de Monsieur (Donald) Trump \u00e0 \u00e9tablir la paix a ouvert une nouvelle fen\u00eatre d\u2019opportunit\u00e9\u00bb, a d\u00e9clar\u00e9 le ministre turc des Affaires \u00e9trang\u00e8res Hakan Fidan.<\/p>\n<p>\n        13:46\n            <\/p>\n<p class=\"fig-live-post__title\" role=\"heading\" aria-level=\"3\">Les nouveaux pourparlers russo-ukrainiens d\u00e9butent<\/p>\n<p class=\"fig-paragraph\">La nouvelle session de pourparlers entre Russes et Ukrainiens sur le\u00a0<a href=\"http:\/\/www.lefigaro.fr\/international\/dossier\/tensions-entre-la-russie-et-l-ukraine-tout-comprendre-a-la-menace-d-une-invasion-russe\" target=\"_blank\" data-fig-type=\"Topic\" rel=\"noopener nofollow\" data-gtm-custom-categorie=\"navigation\" data-gtm-custom-action=\"crossclick\" data-gtm-custom-label=\"Contextuel\" data-gtm-event=\"customEventSPE\" data-fig-domain=\"LEFIGARO\">r\u00e8glement du conflit arm\u00e9 les opposant<\/a>\u00a0a d\u00e9but\u00e9 \u00e0 Istanbul, sous m\u00e9diation turque, a annonc\u00e9 le minist\u00e8re ukrainien des Affaires \u00e9trang\u00e8res.<\/p>\n<p class=\"fig-paragraph\">\u00abLa r\u00e9union entre les d\u00e9l\u00e9gations ukrainienne et russe a commenc\u00e9 \u00e0 Istanbul en pr\u00e9sence de la partie turque\u00bb, a indiqu\u00e9 la diplomatie ukrainienne sur Telegram.<\/p>\n<p>\n        13:02\n            <\/p>\n<p class=\"fig-live-post__title\" role=\"heading\" aria-level=\"3\">Ursula Von der Leyen a \u00e9chang\u00e9 avec un s\u00e9nateur am\u00e9ricain favorable \u00e0 des sanctions dures contre Moscou<\/p>\n<p class=\"fig-paragraph\">La\u00a0<a href=\"http:\/\/www.lefigaro.fr\/international\/defense-europeenne-le-plan-a-800-milliards-en-trompe-l-oeil-d-ursula-von-der-leyen-20250304\" target=\"_blank\" data-fig-type=\"Article\" rel=\"noopener nofollow\" data-gtm-custom-categorie=\"navigation\" data-gtm-custom-action=\"crossclick\" data-gtm-custom-label=\"Contextuel\" data-gtm-event=\"customEventSPE\" data-fig-domain=\"LEFIGARO\">pr\u00e9sidente de la Commission europ\u00e9enne<\/a>\u00a0a eu lundi un entretien avec le s\u00e9nateur r\u00e9publicain Lindsey Graham, favorable \u00e0 des sanctions drastiques contre la Russie, a indiqu\u00e9 la porte-parole de la Commission, Paula Pinho.<\/p>\n<p class=\"fig-paragraph\">\u00abNous devrions \u00eatre en mesure de vous informer tr\u00e8s prochainement des r\u00e9sultats de cette r\u00e9union\u00bb et \u00abde ce qui a \u00e9t\u00e9 convenu en mati\u00e8re de sanctions et de coop\u00e9ration avec les \u00c9tats-Unis sur ce sujet\u00bb, a-t-elle pr\u00e9cis\u00e9 devant la presse \u00e0 Bruxelles.<\/p>\n<p>    La pr\u00e9sidente de la Commission europ\u00e9enne, Ursula von\u00a0der\u00a0Leyen \u00e0 Aix-la-Chapelle, en Allemagne, le 29 mai 2025.<br \/>\n                Thilo Schmuelgen \/ REUTERS<\/p>\n<p>\n        12:40\n            <\/p>\n<p class=\"fig-live-post__title\" role=\"heading\" aria-level=\"3\">Face \u00e0 la menace russe, le Royaume-Uni va construire de nouveaux sous-marins d\u2019attaque<\/p>\n<p class=\"fig-paragraph\">Le Royaume-Uni va construire jusqu\u2019\u00e0 12 sous-marins nucl\u00e9aires d\u2019attaque et six usines de munitions, a annonc\u00e9 lundi le\u00a0<a href=\"http:\/\/www.lefigaro.fr\/international\/sous-pression-sur-l-immigration-keir-starmer-promet-de-reprendre-le-controle-des-frontieres-britanniques-20250512\" target=\"_blank\" data-fig-type=\"Article\" rel=\"noopener nofollow\" data-gtm-custom-categorie=\"navigation\" data-gtm-custom-action=\"crossclick\" data-gtm-custom-label=\"Contextuel\" data-gtm-event=\"customEventSPE\" data-fig-domain=\"LEFIGARO\">premier ministre britannique Keir Starmer<\/a>, dans le cadre de son engagement \u00e0 r\u00e9armer le pays face \u00e0 la \u00abmenace\u00bb pos\u00e9e notamment par la Russie.<\/p>\n<p class=\"fig-paragraph\">En d\u00e9placement \u00e0 Glasgow, en \u00c9cosse, le dirigeant travailliste a d\u00e9taill\u00e9 sa strat\u00e9gie pour faire du Royaume-Uni une nation \u00abpr\u00eate au combat\u00bb et \u00ab\u00e9quip\u00e9e pour les d\u00e9cennies \u00e0 venir\u00bb. \u00abLa menace \u00e0 laquelle nous faisons face aujourd\u2019hui est plus grave, plus imm\u00e9diate et plus impr\u00e9visible que jamais depuis la Guerre froide\u00bb, a-t-il d\u00e9clar\u00e9. \u00abNous sommes confront\u00e9s \u00e0 une guerre en Europe, \u00e0 de nouveaux risques nucl\u00e9aires, \u00e0 des cyberattaques quotidiennes, \u00e0 une agression croissante de la Russie dans nos eaux, qui menace (aussi) notre espace a\u00e9rien\u00bb, a-t-il ajout\u00e9.<\/p>\n<p class=\"fig-body-link\">\n            \u00c0 lire aussi<br \/>\n        <a class=\"fig-body-link__link fig-premium-mark\" href=\"http:\/\/www.lefigaro.fr\/international\/guerre-en-ukraine-a-l-elysee-l-europe-tente-de-desolidariser-les-etats-unis-de-la-russie-20250417\" data-fig-type=\"Article\" data-gtm-custom-categorie=\"navigation\" data-gtm-custom-action=\"crossclick\" data-gtm-custom-label=\"Contextuel\" data-gtm-event=\"customEventSPE\" data-fig-domain=\"LEFIGARO\" rel=\"nofollow noopener\" target=\"_blank\">Guerre en Ukraine\u00a0: \u00e0 l\u2019\u00c9lys\u00e9e, l\u2019Europe tente de d\u00e9solidariser les \u00c9tats-Unis de la Russie<br \/>\n    <\/a>\n<\/p>\n<p class=\"fig-paragraph\">Parmi les mesures phares annonc\u00e9es, la construction de jusqu\u2019\u00e0 12 sous-marins \u00e0 propulsion nucl\u00e9aire dot\u00e9s d\u2019armes conventionnelles, dans le cadre de l\u2019alliance militaire Aukus, avec les \u00c9tats-Unis et l\u2019Australie. Ces derniers remplaceront la flotte actuelle du Royaume-Uni d\u00e8s la fin des ann\u00e9es 2030. Pour l\u2019instant cette flotte est constitu\u00e9e de sept sous-marins de ce type.<\/p>\n<p class=\"fig-paragraph\">Keir Starmer a \u00e9galement confirm\u00e9 que le Royaume-Uni d\u00e9penserait 15 milliards de livres sterling (17,7 milliards d\u2019euros) pour son programme d\u2019ogives nucl\u00e9aires. Cette annonce s\u2019inscrit dans \u00able renforcement de notre dissuasion nucl\u00e9aire en tant que garant ultime de notre s\u00e9curit\u00e9 et de notre s\u00fbret\u00e9\u00bb, a-t-il ajout\u00e9. Parall\u00e8lement, il a annonc\u00e9 la cr\u00e9ation de six nouvelles usines de munitions, devant cr\u00e9er environ 1000 emplois. Cela portera \u00e0 6 milliards de livres le budget allou\u00e9 aux munitions durant cette l\u00e9gislature.<\/p>\n<p>\n        12:31\n            <\/p>\n<p class=\"fig-live-post__title\" role=\"heading\" aria-level=\"3\">Le point \u00e0 la mi-journ\u00e9e<\/p>\n<p class=\"fig-paragraph\">Des d\u00e9l\u00e9gations russe et ukrainienne doivent se rencontrer \u00e0 nouveau ce lundi \u00e0 Istanbul dans la perspective de mettre fin au conflit d\u00e9clench\u00e9 par l\u2019assaut russe \u00e0 grande \u00e9chelle contre l\u2019Ukraine en f\u00e9vrier 2022. Voil\u00e0 ce qu\u2019il faut retenir \u00e0 la mi-journ\u00e9e.<\/p>\n<p>\n        12:05\n            <\/p>\n<p class=\"fig-live-post__title\" role=\"heading\" aria-level=\"3\">Les d\u00e9l\u00e9gations sont arriv\u00e9es au palais Ciragan d\u2019Istanbul<\/p>\n<p class=\"fig-paragraph\">Les\u00a0<a href=\"http:\/\/www.lefigaro.fr\/international\/guerre-en-ukraine-que-demandent-kiev-et-moscou-avant-les-pourparlers-a-istanbul-20250602\" target=\"_blank\" data-fig-type=\"NewsFlash\" rel=\"noopener nofollow\" data-gtm-custom-categorie=\"navigation\" data-gtm-custom-action=\"crossclick\" data-gtm-custom-label=\"Contextuel\" data-gtm-event=\"customEventSPE\" data-fig-domain=\"LEFIGARO\">d\u00e9l\u00e9gations ukrainienne et russe<\/a>\u00a0sont arriv\u00e9es au palais Ciragan d\u2019Istanbul, accompagn\u00e9es de hauts responsables turcs, pour leur deuxi\u00e8me s\u00e9rie de pourparlers de paix directs en trois ans.<\/p>\n<p class=\"fig-paragraph\">Les d\u00e9l\u00e9gations sont arriv\u00e9es en voiture et sont entr\u00e9es sur le lieu de la c\u00e9r\u00e9monie. La plupart des Russes \u00e9taient en costume, tandis que plusieurs Ukrainiens portaient des uniformes militaires camoufl\u00e9s, selon des images de Reuters.<\/p>\n<p>    Des membres de la d\u00e9l\u00e9gation ukrainienne arrivent au palais de Ciragan le jour de la deuxi\u00e8me ronde de pourparlers de paix entre la Russie et l\u2019Ukraine, \u00e0 Istanbul, en Turquie, le 2 juin 2025.<br \/>\n                Murad Sezer \/ REUTERS<\/p>\n<p>\n        12:04\n            <\/p>\n<p class=\"fig-live-post__title\" role=\"heading\" aria-level=\"3\">L\u2019Ukraine pr\u00eate \u00e0 prendre les mesures \u00abn\u00e9cessaires\u00bb pour obtenir la paix avec la Russie, d\u00e9clare Volodymyr Zelensky<\/p>\n<p class=\"fig-paragraph\">Le\u00a0<a href=\"http:\/\/www.lefigaro.fr\/international\/volodymyr-zelensky-au-figaro-notre-victoire-sera-de-ne-pas-appartenir-a-la-russie-et-a-sa-vision-du-monde-20250326\" target=\"_blank\" data-fig-type=\"Article\" rel=\"noopener nofollow\" data-gtm-custom-categorie=\"navigation\" data-gtm-custom-action=\"crossclick\" data-gtm-custom-label=\"Contextuel\" data-gtm-event=\"customEventSPE\" data-fig-domain=\"LEFIGARO\">pr\u00e9sident de l\u2019Ukraine<\/a>\u00a0a affirm\u00e9 lundi que son pays \u00e9tait pr\u00eat \u00e0 prendre les mesures \u00abn\u00e9cessaires\u00bb pour faire avancer les pourparlers de paix avec la Russie avant la tenue de nouvelles discussions bilat\u00e9rales en Turquie.<\/p>\n<p class=\"fig-paragraph\">\u00abNotre d\u00e9l\u00e9gation est maintenant \u00e0 Istanbul et nous sommes pr\u00eats \u00e0 prendre les mesures n\u00e9cessaires pour la paix. Naturellement, un point de d\u00e9part serait un cessez-le-feu et des actions humanitaires, la lib\u00e9ration des prisonniers et le retour des enfants enlev\u00e9s\u00bb, a-t-il d\u00e9clar\u00e9 depuis la Lituanie, tout en appelant \u00e0 sanctionner la Russie si cette rencontre en Turquie n\u2019apportait \u00abrien\u00bb.<\/p>\n<p>\n        11:57\n            <\/p>\n<p class=\"fig-live-post__title\" role=\"heading\" aria-level=\"3\">Que demandent Kiev et Moscou avant les pourparlers \u00e0 Istanbul ?<\/p>\n<p class=\"fig-paragraph\">Russes et Ukrainiens se retrouvent ce lundi 2 juin \u00e0 Istanbul pour de\u00a0<a href=\"https:\/\/www.lefigaro.fr\/international\/en-direct-guerre-en-ukraine-nouveaux-pourparlers-directs-attendus-a-istanbul-entre-kiev-et-moscou-au-lendemain-d-une-operation-d-ampleur-ukrainienne-sur-le-sol-russe-20250602\" target=\"_blank\" data-fig-type=\"Live\" rel=\"noopener nofollow\" data-gtm-custom-categorie=\"navigation\" data-gtm-custom-action=\"crossclick\" data-gtm-custom-label=\"Contextuel\" data-gtm-event=\"customEventSPE\" data-fig-domain=\"LEFIGARO\">nouvelles discussions directes<\/a>\u00a0sur l\u2019issue de la guerre d\u00e9clench\u00e9e par l\u2019<a href=\"http:\/\/www.lefigaro.fr\/international\/dossier\/tensions-entre-la-russie-et-l-ukraine-tout-comprendre-a-la-menace-d-une-invasion-russe\" target=\"_blank\" data-fig-type=\"Topic\" rel=\"noopener nofollow\" data-gtm-custom-categorie=\"navigation\" data-gtm-custom-action=\"crossclick\" data-gtm-custom-label=\"Contextuel\" data-gtm-event=\"customEventSPE\" data-fig-domain=\"LEFIGARO\">invasion russe en f\u00e9vrier 2022<\/a>. Les deux camps doivent pr\u00e9senter leur\u00a0\u00abvision\u00bb\u00a0en vue d\u2019un r\u00e8glement du conflit, une perspective qui para\u00eet toutefois encore lointaine.<\/p>\n<p class=\"fig-paragraph\">D\u00e9couvrez leurs positions officielles avant cette r\u00e9union pr\u00e9vue sous m\u00e9diation turque.<\/p>\n<p class=\"fig-body-link\">\n            \u00c0 lire aussi<br \/>\n        <a class=\"fig-body-link__link\" href=\"http:\/\/www.lefigaro.fr\/international\/guerre-en-ukraine-que-demandent-kiev-et-moscou-avant-les-pourparlers-a-istanbul-20250602\" target=\"_blank\" data-fig-type=\"NewsFlash\" rel=\"noopener nofollow\" data-gtm-custom-categorie=\"navigation\" data-gtm-custom-action=\"crossclick\" data-gtm-custom-label=\"Contextuel\" data-gtm-event=\"customEventSPE\" data-fig-domain=\"LEFIGARO\">Guerre en Ukraine\u00a0: que demandent Kiev et Moscou avant les pourparlers \u00e0 Istanbul\u00a0?<br \/>\n    <\/a>\n<\/p>\n<p>\n        11:56\n            <\/p>\n<p class=\"fig-live-post__title\" role=\"heading\" aria-level=\"3\">La progression russe s\u2019est acc\u00e9l\u00e9r\u00e9e au printemps, selon l\u2019ISW<\/p>\n<p class=\"fig-paragraph\">Les troupes russes en Ukraine ont acc\u00e9l\u00e9r\u00e9 leur progression au printemps, apr\u00e8s avoir ralenti en hiver, selon l\u2019analyse par l\u2019AFP des donn\u00e9es fournies par l\u2019<a href=\"https:\/\/www.understandingwar.org\/backgrounder\/russian-offensive-campaign-assessment-june-1-2025\" target=\"_blank\" rel=\"noopener nofollow\" data-gtm-custom-categorie=\"navigation\" data-gtm-custom-action=\"crossclick\" data-gtm-custom-label=\"Contextuel\" data-gtm-event=\"customEventSPE\">Institut am\u00e9ricain pour l\u2019\u00e9tude de la guerre<\/a>\u00a0(ISW).<\/p>\n<p class=\"fig-paragraph\">L\u2019arm\u00e9e russe a pris 507 km2 en mai, essentiellement dans la r\u00e9gion de Donetsk, apr\u00e8s 379 km2 en avril et 240 km2 en mars. \u00c0 fin mai, la Russie exerce un contr\u00f4le total ou partiel sur pr\u00e8s de 19% du territoire ukrainien d\u2019avant-guerre, incluant la Crim\u00e9e et le Donbass.<\/p>\n<p>\n        11:40\n            <\/p>\n<p class=\"fig-live-post__title\" role=\"heading\" aria-level=\"3\">La d\u00e9l\u00e9gation ukrainienne a rencontr\u00e9 des repr\u00e9sentants europ\u00e9ens \u00e0 Istanbul avant les pourparlers<\/p>\n<p class=\"fig-paragraph\">Des membres de la d\u00e9l\u00e9gation ukrainienne ont rencontr\u00e9 \u00e0 Istanbul des repr\u00e9sentants de pays europ\u00e9ens alli\u00e9s de Kiev &#8211; l\u2019Italie, l\u2019Allemagne et le Royaume-Uni &#8211; avant les\u00a0<a href=\"http:\/\/www.lefigaro.fr\/international\/guerre-en-ukraine-que-demandent-kiev-et-moscou-avant-les-pourparlers-a-istanbul-20250602\" target=\"_blank\" data-fig-type=\"NewsFlash\" rel=\"noopener nofollow\" data-gtm-custom-categorie=\"navigation\" data-gtm-custom-action=\"crossclick\" data-gtm-custom-label=\"Contextuel\" data-gtm-event=\"customEventSPE\" data-fig-domain=\"LEFIGARO\">pourparlers pr\u00e9vus en Turquie avec Moscou<\/a>, a indiqu\u00e9 lundi la diplomatie ukrainienne.<\/p>\n<p class=\"fig-paragraph\">\u00abLe premier vice-ministre des Affaires \u00e9trang\u00e8res, Sergui\u00ef Kyslytsia et le membre de la d\u00e9l\u00e9gation ukrainienne Oleksandr Bevz ont rencontr\u00e9 des repr\u00e9sentants des partenaires europ\u00e9ens de l\u2019Ukraine &#8211; l\u2019Allemagne, l\u2019Italie et le Royaume-Uni\u00bb, a annonc\u00e9 sur X le porte-parole du minist\u00e8re ukrainien des Affaires \u00e9trang\u00e8res, Gueorgui\u00ef Tykhi\u00ef. \u00abLes parties ont coordonn\u00e9 leurs positions en vue de la rencontre d\u2019aujourd\u2019hui\u00bb, a-t-il ajout\u00e9.<\/p>\n<p>\n        11:15\n            <\/p>\n<p class=\"fig-live-post__title\" role=\"heading\" aria-level=\"3\">L\u2019Ukraine pr\u00eate \u00e0 \u00abdes mesures importantes en vue de la paix\u00bb lors des pourparlers avec Moscou<\/p>\n<p class=\"fig-paragraph\">L\u2019Ukraine s\u2019est dite lundi pr\u00eate \u00e0 prendre \u00abdes mesures importantes en vue de la paix\u00bb lors des\u00a0<a href=\"http:\/\/www.lefigaro.fr\/international\/dossier\/tensions-entre-la-russie-et-l-ukraine-tout-comprendre-a-la-menace-d-une-invasion-russe\" target=\"_blank\" data-fig-type=\"Topic\" rel=\"noopener nofollow\" data-gtm-custom-categorie=\"navigation\" data-gtm-custom-action=\"crossclick\" data-gtm-custom-label=\"Contextuel\" data-gtm-event=\"customEventSPE\" data-fig-domain=\"LEFIGARO\">pourparlers pr\u00e9vus \u00e0 Istanbul avec la Russie<\/a>\u00a0et a appel\u00e9 Moscou \u00e0 ne pas \u00abr\u00e9p\u00e9ter les m\u00eames ultimatums\u00bb inacceptables pour Kiev et ses alli\u00e9s.<\/p>\n<p class=\"fig-body-link\">\n            \u00c0 lire aussi<br \/>\n        <a class=\"fig-body-link__link fig-premium-mark\" href=\"http:\/\/www.lefigaro.fr\/vox\/monde\/l-editorial-de-philippe-gelie-face-a-poutine-trump-le-floue-consentant-20250528\" data-fig-type=\"Article\" data-gtm-custom-categorie=\"navigation\" data-gtm-custom-action=\"crossclick\" data-gtm-custom-label=\"Contextuel\" data-gtm-event=\"customEventSPE\" data-fig-domain=\"LEFIGARO\" rel=\"nofollow noopener\" target=\"_blank\">L\u2019\u00e9ditorial de Philippe G\u00e9lie\u00a0: \u00abFace \u00e0 Poutine, Trump le flou\u00e9 consentant\u00bb<br \/>\n    <\/a>\n<\/p>\n<p class=\"fig-paragraph\">\u00abLa d\u00e9l\u00e9gation ukrainienne est arriv\u00e9e \u00e0 Istanbul avec un programme clair et la volont\u00e9 de prendre des mesures importantes en vue de la paix\u00bb, a indiqu\u00e9 \u00e0 l\u2019AFP une source au sein de la d\u00e9l\u00e9gation.<\/p>\n<p class=\"fig-paragraph\">$\u00abSi (les Russes) sont pr\u00eats \u00e0 aller de l\u2019avant, et non pas \u00e0 r\u00e9p\u00e9ter les m\u00eames ultimatums, alors il pourrait y avoir de bonnes et grandes nouvelles aujourd\u2019hui\u00bb, a-t-il ajout\u00e9.<\/p>\n<p class=\"fig-paragraph\">Volodymyr Zelensky a affirm\u00e9 de son c\u00f4t\u00e9 que son pays \u00e9tait pr\u00eat \u00e0 prendre les mesures \u00abn\u00e9cessaires\u00bb pour faire avancer les pourparlers de paix avec la Russie.<\/p>\n<p>\n        10:37\n            <\/p>\n<p class=\"fig-live-post__title\" role=\"heading\" aria-level=\"3\">Volodymyr Zelensky est arriv\u00e9 en Lituanie pour un sommet avec des dirigeants de l\u2019Otan<\/p>\n<p class=\"fig-paragraph\">Le\u00a0<a href=\"http:\/\/www.lefigaro.fr\/international\/volodymyr-zelensky-au-figaro-notre-victoire-sera-de-ne-pas-appartenir-a-la-russie-et-a-sa-vision-du-monde-20250326\" target=\"_blank\" data-fig-type=\"Article\" rel=\"noopener nofollow\" data-gtm-custom-categorie=\"navigation\" data-gtm-custom-action=\"crossclick\" data-gtm-custom-label=\"Contextuel\" data-gtm-event=\"customEventSPE\" data-fig-domain=\"LEFIGARO\">pr\u00e9sident ukrainien<\/a>\u00a0est arriv\u00e9 lundi \u00e0 Vilnius, la capitale de la Lituanie, pour participer \u00e0 un sommet r\u00e9unissant des dirigeants du flanc oriental de l\u2019Otan.<\/p>\n<p class=\"fig-paragraph\">Selon son porte-parole, Volodymyr Zelensky participera \u00e0 ce sommet, auquel doit \u00e9galement se rendre le secr\u00e9taire g\u00e9n\u00e9ral de l\u2019Otan\u00a0<a href=\"http:\/\/www.lefigaro.fr\/international\/adhesion-de-l-ukraine-menace-russe-donald-trump-les-multiples-defis-de-mark-rutte-le-nouveau-secretaire-general-de-l-otan-20240930\" target=\"_blank\" data-fig-type=\"Article\" rel=\"noopener nofollow\" data-gtm-custom-categorie=\"navigation\" data-gtm-custom-action=\"crossclick\" data-gtm-custom-label=\"Contextuel\" data-gtm-event=\"customEventSPE\" data-fig-domain=\"LEFIGARO\">Mark Rutte<\/a>, et aura \u00e9galement des \u00abrencontres bilat\u00e9rales\u00bb avec des participants.<\/p>\n<p>\n        10:28\n            <\/p>\n<p class=\"fig-live-post__title\" role=\"heading\" aria-level=\"3\">Volodymyr Zelensky dit esp\u00e9rer \u00abune coop\u00e9ration fructueuse\u00bb avec le futur pr\u00e9sident nationaliste de la Pologne<\/p>\n<p class=\"fig-paragraph\">Le\u00a0<a href=\"http:\/\/www.lefigaro.fr\/international\/volodymyr-zelensky-au-figaro-notre-victoire-sera-de-ne-pas-appartenir-a-la-russie-et-a-sa-vision-du-monde-20250326\" target=\"_blank\" data-fig-type=\"Article\" rel=\"noopener nofollow\" data-gtm-custom-categorie=\"navigation\" data-gtm-custom-action=\"crossclick\" data-gtm-custom-label=\"Contextuel\" data-gtm-event=\"customEventSPE\" data-fig-domain=\"LEFIGARO\">pr\u00e9sident ukrainien<\/a>\u00a0a dit lundi esp\u00e9rer \u00abune coop\u00e9ration fructueuse\u00bb avec le futur pr\u00e9sident polonais,\u00a0<a href=\"http:\/\/www.lefigaro.fr\/international\/pro-trump-critique-de-l-ue-qui-est-karol-nawrocki-vainqueur-de-l-election-presidentielle-en-pologne-20250602\" target=\"_blank\" data-fig-type=\"NewsFlash\" rel=\"noopener nofollow\" data-gtm-custom-categorie=\"navigation\" data-gtm-custom-action=\"crossclick\" data-gtm-custom-label=\"Contextuel\" data-gtm-event=\"customEventSPE\" data-fig-domain=\"LEFIGARO\">Karol Nawrocki<\/a>, pourtant critique des plans d\u2019adh\u00e9sion de Kiev \u00e0 l\u2019UE et \u00e0 l\u2019Otan.<\/p>\n<p class=\"fig-paragraph\">\u00abJ\u2019esp\u00e8re poursuivre une coop\u00e9ration fructueuse avec la Pologne et avec le pr\u00e9sident Nawrocki personnellement\u00bb, a indiqu\u00e9 Volodymyr Zelensky sur X apr\u00e8s la victoire \u00e0 l\u2019\u00e9lection pr\u00e9sidentielle de ce candidat nationaliste qui souhaite \u00e9galement r\u00e9duire les aides accord\u00e9es aux r\u00e9fugi\u00e9s ukrainiens.<\/p>\n<p>\n        10:12\n            <\/p>\n<p class=\"fig-live-post__title\" role=\"heading\" aria-level=\"3\">ENQU\u00caTE &#8211; Chantage, argent, jeux vid\u00e9o&#8230; Comment les services russes recrutent des adolescents ukrainiens<\/p>\n<p class=\"fig-paragraph\">Sasha* et Anton* ont refus\u00e9 d\u2019incendier un v\u00e9hicule militaire. Trop dangereux, disent-ils. Et puis, ils ne sont pas des terroristes. Assembler un explosif, le transporter dans un sac, passe encore. Mais l\u2019utiliser, non. Le travail est pay\u00e9 1700 dollars (1500 euros). Une fortune en Ukraine, o\u00f9 le salaire m\u00e9dian est de 420 euros. Sasha est mort ; il avait 17 ans. Anton a perdu ses jambes et une partie de la vue ; il a 15 ans. Il risque d\u00e9sormais la prison \u00e0 perp\u00e9tuit\u00e9.<\/p>\n<p class=\"fig-body-link\">\n            \u00c0 lire aussi<br \/>\n        <a class=\"fig-body-link__link fig-premium-mark\" href=\"http:\/\/www.lefigaro.fr\/international\/defiant-trump-la-russie-accentue-la-pression-militaire-sur-l-ukraine-20250528\" data-fig-type=\"Article\" data-gtm-custom-categorie=\"navigation\" data-gtm-custom-action=\"crossclick\" data-gtm-custom-label=\"Contextuel\" data-gtm-event=\"customEventSPE\" data-fig-domain=\"LEFIGARO\" rel=\"nofollow noopener\" target=\"_blank\">D\u00e9fiant Trump, la Russie accentue la pression militaire sur l\u2019Ukraine<br \/>\n    <\/a>\n<\/p>\n<p class=\"fig-paragraph\">Sasha et Anton ont \u00e9t\u00e9 recrut\u00e9s par un\u00a0certain \u00abSergue\u00ef\u00bb, un agent du\u00a0<a href=\"http:\/\/www.lefigaro.fr\/flash-actu\/russie-le-fsb-affirme-avoir-dejoue-un-attentat-avec-des-colis-pieges-contre-des-militaires-20250313\" target=\"_blank\" data-fig-type=\"NewsFlash\" rel=\"noopener nofollow\" data-gtm-custom-categorie=\"navigation\" data-gtm-custom-action=\"crossclick\" data-gtm-custom-label=\"Contextuel\" data-gtm-event=\"customEventSPE\" data-fig-domain=\"LEFIGARO\">FSB<\/a>, le service de s\u00e9curit\u00e9 russe, sur<a href=\"https:\/\/www.lefigaro.fr\/secteur\/high-tech\/cinq-choses-a-savoir-sur-telegram-l-application-de-messagerie-dans-le-viseur-des-autorites-francaises-20240826\" target=\"_blank\" data-fig-type=\"NewsFlash\" rel=\"noopener nofollow\" data-gtm-custom-categorie=\"navigation\" data-gtm-custom-action=\"crossclick\" data-gtm-custom-label=\"Contextuel\" data-gtm-event=\"customEventSPE\" data-fig-domain=\"LEFIGARO\">\u00a0Telegram<\/a>, une plateforme de messagerie tr\u00e8s largement utilis\u00e9e en Ukraine. \u00abSergue\u00ef\u00bb leur a offert de l\u2019argent pour effectuer quelques t\u00e2ches en apparence peu risqu\u00e9es, dans un appartement lou\u00e9 pr\u00e8s de la gare. Sasha et Anton ont accept\u00e9 d\u2019assembler les pi\u00e8ces d\u2019une bombe artisanale. Les deux adolescents devaient d\u00e9poser l\u2019explosif dans un sac devant un b\u00e2timent administratif. Le 11 mars 2025, \u00e0 18h30, le FSB a actionn\u00e9 la bombe \u00e0 distance, blessant Anton, tuant Sasha et deux passants.<\/p>\n<p class=\"fig-body-cta-link\" data-module=\"fig-cta-link\" data-context=\"was @visible\">\n    <a class=\"fig-body-cta-link__link\" href=\"https:\/\/www.lefigaro.fr\/international\/chantage-argent-jeux-videos-comment-les-services-russes-recrutent-des-adolescents-ukrainiens-pour-les-sacrifier-20250529\" data-js-gtm=\"{&quot;event&quot;:&quot;customEventGA4&quot;,&quot;eventName&quot;:&quot;click_navigation&quot;,&quot;button_action&quot;:&quot;crossclick&quot;,&quot;feature&quot;:&quot;Contextuel_bouton&quot;,&quot;feature_details&quot;:&quot;L&#039;ENQU\\u00caTE DU FIGARO&quot;,&quot;link_url&quot;:&quot;https:\\\/\\\/www.lefigaro.fr\\\/international\\\/chantage-argent-jeux-videos-comment-les-services-russes-recrutent-des-adolescents-ukrainiens-pour-les-sacrifier-20250529&quot;}\" rel=\"nofollow noopener\" target=\"_blank\"><br \/>\n                L&rsquo;ENQU\u00caTE DU FIGARO<br \/>\n    <\/a>\n<\/p>\n<p>\n        09:23\n            <\/p>\n<p class=\"fig-live-post__title\" role=\"heading\" aria-level=\"3\">INFOGRAPHIE &#8211; La situation sur le front<\/p>\n<p>\n        08:43\n            <\/p>\n<p class=\"fig-live-post__title\" role=\"heading\" aria-level=\"3\">PORTRAIT &#8211; Vladimir Medinski, l\u2019id\u00e9ologue du Kremlin qui m\u00e8ne la d\u00e9l\u00e9gation russe \u00e0 Istanbul<\/p>\n<p class=\"fig-paragraph\">Le principal n\u00e9gociateur russe \u00e0 Istanbul sera\u00a0<a href=\"https:\/\/www.lefigaro.fr\/mon-figaro\/2013\/10\/17\/10001-20131017ARTFIG00520-vladimir-medinskila-russie-est-trop-tolerante-avec-les-artistes.php\" target=\"_blank\" data-fig-type=\"Article\" rel=\"noopener nofollow\" data-gtm-custom-categorie=\"navigation\" data-gtm-custom-action=\"crossclick\" data-gtm-custom-label=\"Contextuel\" data-gtm-event=\"customEventSPE\" data-fig-domain=\"LEFIGARO\">Vladimir Medinski<\/a>, un conseiller id\u00e9ologique de\u00a0<a href=\"http:\/\/www.lefigaro.fr\/international\/en-exigeant-une-reddition-de-l-ukraine-vladimir-poutine-campe-sur-sa-position-maximaliste-20250518\" target=\"_blank\" data-fig-type=\"Article\" rel=\"noopener nofollow\" data-gtm-custom-categorie=\"navigation\" data-gtm-custom-action=\"crossclick\" data-gtm-custom-label=\"Contextuel\" data-gtm-event=\"customEventSPE\" data-fig-domain=\"LEFIGARO\">Vladimir Poutine<\/a>\u00a0qui a men\u00e9 les n\u00e9gociations avort\u00e9es de 2022, qui a r\u00e9dig\u00e9 des manuels scolaires justifiant l\u2019invasion et remis en question le droit \u00e0 l\u2019existence de l\u2019Ukraine.<\/p>\n<p class=\"fig-paragraph\">Ayant gagn\u00e9 le surnom de \u00abPropagandon\u00bb dans les cercles d\u2019opposition russes, ce fils d\u2019un militaire et d\u2019une institutrice n\u2019a jamais \u00e9t\u00e9 pris \u00e0 d\u00e9faut sur son patriotisme. Au moment de l\u2019effondrement de l\u2019Union sovi\u00e9tique, au d\u00e9but des ann\u00e9es 1990, il entame une carri\u00e8re de lobbyiste dans le secteur du tabac, tout en enseignant les relations publiques \u00e0 l\u2019universit\u00e9. En 2003, il se fait \u00e9lire d\u00e9put\u00e9 \u00e0 la Douma, sous la banni\u00e8re Russie Unie, le parti de Vladimir Poutine.<\/p>\n<p class=\"fig-body-link\">\n            \u00c0 lire aussi<br \/>\n        <a class=\"fig-body-link__link fig-premium-mark\" href=\"http:\/\/www.lefigaro.fr\/international\/le-choix-significatif-de-vladimir-medinski-ideologue-du-kremlin-pour-mener-la-delegation-russe-a-istanbul-20250515\" target=\"_blank\" data-fig-type=\"Article\" rel=\"noopener nofollow\" data-gtm-custom-categorie=\"navigation\" data-gtm-custom-action=\"crossclick\" data-gtm-custom-label=\"Contextuel\" data-gtm-event=\"customEventSPE\" data-fig-domain=\"LEFIGARO\">Le choix significatif de Vladimir Medinski, id\u00e9ologue du Kremlin, pour mener la d\u00e9l\u00e9gation russe \u00e0 Istanbul<br \/>\n    <\/a>\n<\/p>\n<p>\n        08:15\n            <\/p>\n<p class=\"fig-live-post__title\" role=\"heading\" aria-level=\"3\">La d\u00e9l\u00e9gation ukrainienne est arriv\u00e9e \u00e0 Istanbul<\/p>\n<p class=\"fig-paragraph\">La d\u00e9l\u00e9gation ukrainienne arriv\u00e9e \u00e0 Istanbul pour des\u00a0<a href=\"http:\/\/www.lefigaro.fr\/international\/guerre-en-ukraine-la-russie-revendique-la-prise-d-un-nouveau-village-de-la-region-de-soumy-20250601\" target=\"_blank\" data-fig-type=\"NewsFlash\" rel=\"noopener nofollow\" data-gtm-custom-categorie=\"navigation\" data-gtm-custom-action=\"crossclick\" data-gtm-custom-label=\"Contextuel\" data-gtm-event=\"customEventSPE\" data-fig-domain=\"LEFIGARO\">pourparlers avec les \u00e9missaires russes<\/a>, a indiqu\u00e9 \u00e0 l\u2019AFP le porte-parole du minist\u00e8re ukrainien des Affaires \u00e9trang\u00e8res, Heorhii Tykhyi.<\/p>\n<p class=\"fig-paragraph\">Cette d\u00e9l\u00e9gation est dirig\u00e9e par le ministre de la D\u00e9fense Roustem Oumerov, consid\u00e9r\u00e9 comme un fin n\u00e9gociateur mais dont le minist\u00e8re reste emp\u00eatr\u00e9 dans des scandales.<\/p>\n<p>\n        08:03\n            <\/p>\n<p class=\"fig-live-post__title\" role=\"heading\" aria-level=\"3\">Les deux parties sont tr\u00e8s loin d\u2019un accord, que ce soit une tr\u00eave ou un r\u00e8glement \u00e0 plus long terme<\/p>\n<p class=\"fig-paragraph\">Les priorit\u00e9s de l\u2019Ukraine sont \u00abun cessez-le-feu complet et inconditionnel\u00bb, et le \u00abretour des prisonniers\u00bb et des\u00a0<a href=\"http:\/\/www.lefigaro.fr\/international\/guerre-en-ukraine-ce-nouveau-rapport-edifiant-sur-le-programme-russe-d-adoption-forcee-d-enfants-ukrainiens-20241204\" target=\"_blank\" data-fig-type=\"Article\" rel=\"noopener nofollow\" data-gtm-custom-categorie=\"navigation\" data-gtm-custom-action=\"crossclick\" data-gtm-custom-label=\"Contextuel\" data-gtm-event=\"customEventSPE\" data-fig-domain=\"LEFIGARO\">enfants ukrainiens que Kiev accuse Moscou d\u2019avoir enlev\u00e9s<\/a>, a d\u00e9clar\u00e9 dimanche sur les r\u00e9seaux sociaux le pr\u00e9sident ukrainien,\u00a0<a href=\"http:\/\/www.lefigaro.fr\/international\/volodymyr-zelensky-au-figaro-notre-victoire-sera-de-ne-pas-appartenir-a-la-russie-et-a-sa-vision-du-monde-20250326\" target=\"_blank\" data-fig-type=\"Article\" rel=\"noopener nofollow\" data-gtm-custom-categorie=\"navigation\" data-gtm-custom-action=\"crossclick\" data-gtm-custom-label=\"Contextuel\" data-gtm-event=\"customEventSPE\" data-fig-domain=\"LEFIGARO\">Volodymyr Zelensky<\/a>.<\/p>\n<p class=\"fig-paragraph\">Ce dernier souhaite \u00e9galement une rencontre directe avec son homologue russe Vladimir Poutine. Perspective que le Kremlin a plusieurs fois repouss\u00e9e.<\/p>\n<p class=\"fig-body-link\">\n            \u00c0 lire aussi<br \/>\n        <a class=\"fig-body-link__link fig-premium-mark\" href=\"http:\/\/www.lefigaro.fr\/international\/pas-question-de-s-arreter-la-en-russie-les-cercles-patriotiques-opposes-a-tout-compromis-en-ukraine-20250602\" data-fig-type=\"Article\" data-gtm-custom-categorie=\"navigation\" data-gtm-custom-action=\"crossclick\" data-gtm-custom-label=\"Contextuel\" data-gtm-event=\"customEventSPE\" data-fig-domain=\"LEFIGARO\" rel=\"nofollow noopener\" target=\"_blank\">\u00ab\u00a0Pas question de s\u2019arr\u00eater l\u00e0\u00a0\u00bb\u00a0: en Russie, les cercles patriotiques oppos\u00e9s \u00e0 tout compromis en Ukraine<br \/>\n    <\/a>\n<\/p>\n<p class=\"fig-paragraph\">Moscou refuse le \u00abcessez-le-feu inconditionnel\u00bb demand\u00e9 par Kiev et les Occidentaux et insiste pour r\u00e9gler ce qu\u2019elle nomme les \u00abcauses profondes\u00bb du conflit, en r\u00e9f\u00e9rence \u00e0 une s\u00e9rie de demandes maximalistes. La Russie exige notamment que l\u2019Ukraine renonce d\u00e9finitivement \u00e0 rejoindre l\u2019Otan et lui c\u00e8de les cinq r\u00e9gions dont elle revendique l\u2019annexion.<\/p>\n<p class=\"fig-paragraph\">Ces conditions sont inacceptables pour Kiev, qui exige en retour un retrait pur et simple des troupes russes de son territoire. L\u2019Ukraine veut aussi des garanties de s\u00e9curit\u00e9 concr\u00e8tes, appuy\u00e9es par les Occidentaux, comme la protection de l\u2019Otan ou la pr\u00e9sence de troupes occidentales sur le terrain, ce que la Russie exclut.<\/p>\n<p>\n        07:41\n            <\/p>\n<p class=\"fig-live-post__title\" role=\"heading\" aria-level=\"3\">La Russie dit avoir abattu 162 drones ukrainiens dans la nuit<\/p>\n<p class=\"fig-paragraph\">La Russie annonce ce lundi avoir \u00abintercept\u00e9\u00bb ou \u00abd\u00e9truit\u00bb 162 drones ukrainiens entre 17h10 et 23 heures GMT dans la soir\u00e9e de dimanche, fait savoir sur sa cha\u00eene Telegram le\u00a0<a href=\"https:\/\/t.me\/s\/mod_russia\" target=\"_blank\" rel=\"noopener nofollow\" data-gtm-custom-categorie=\"navigation\" data-gtm-custom-action=\"crossclick\" data-gtm-custom-label=\"Contextuel\" data-gtm-event=\"customEventSPE\">minist\u00e8re russe de la D\u00e9fense<\/a>.<\/p>\n<p class=\"fig-paragraph\">La plus grande partie a \u00e9t\u00e9 d\u00e9truite au-dessus des territoires des\u00a0r\u00e9gions de Koursk, de Belgorod et de Lipetsk.<\/p>\n<p>\n        07:25\n            <\/p>\n<p class=\"fig-live-post__title\" role=\"heading\" aria-level=\"3\">Cette nouvelle rencontre intervient au lendemain de l\u2019une des attaques ukrainiennes les plus audacieuses et r\u00e9ussies jamais men\u00e9es sur le sol russe<\/p>\n<p class=\"fig-paragraph\">Un vaste assaut coordonn\u00e9 de drones contre quatre a\u00e9rodromes militaires russes a touch\u00e9, dimanche,\u00a0<a href=\"http:\/\/www.lefigaro.fr\/international\/guerre-en-ukraine-la-russie-confirme-que-plusieurs-de-ses-avions-militaires-ont-pris-feu-apres-une-attaque-de-drones-ukrainiens-20250601\" target=\"_blank\" data-fig-type=\"NewsFlash\" rel=\"noopener nofollow\" data-gtm-custom-categorie=\"navigation\" data-gtm-custom-action=\"crossclick\" data-gtm-custom-label=\"Contextuel\" data-gtm-event=\"customEventSPE\" data-fig-domain=\"LEFIGARO\">plusieurs dizaines d\u2019avions<\/a>, dont des bombardiers strat\u00e9giques, selon les services de s\u00e9curit\u00e9 ukrainiens (SBU). Kiev revendique des d\u00e9g\u00e2ts \u00e0 hauteur de 7 milliards de dollars, en frappant \u00e0 des milliers de kilom\u00e8tres du front.<\/p>\n<p class=\"fig-paragraph\">Quelque 41 avions utilis\u00e9s pour \u00abbombarder les villes ukrainiennes\u00bb ont \u00e9t\u00e9 touch\u00e9s, a indiqu\u00e9 une source au sein des services de s\u00e9curit\u00e9 ukrainiens (SBU), citant notamment des bombardiers strat\u00e9giques Tu-95 et Tu-22 et des appareils radar A-50.<\/p>\n<p class=\"fig-paragraph\">L\u2019op\u00e9ration ukrainienne, au nom de code \u00abtoile d\u2019araign\u00e9e\u00bb, a \u00e9t\u00e9 pr\u00e9par\u00e9e pendant plus d\u2019un an et demi et supervis\u00e9e par le pr\u00e9sident Volodymyr Zelensky, selon la source ukrainienne.<\/p>\n<p class=\"fig-paragraph\">Le minist\u00e8re russe de la D\u00e9fense a confirm\u00e9 que \u00abplusieurs appareils a\u00e9riens ont pris feu\u00bb apr\u00e8s une attaque de drones dans des a\u00e9rodromes des r\u00e9gions de Mourmansk et d\u2019Irkoutsk, respectivement dans l\u2019Arctique russe et en Sib\u00e9rie orientale. Il n\u2019y a pas eu de victimes et des suspects ont \u00e9t\u00e9 \u00abarr\u00eat\u00e9s\u00bb, selon le minist\u00e8re.<\/p>\n<p class=\"fig-paragraph\">Cette op\u00e9ration d\u2019ampleur a \u00e9t\u00e9 men\u00e9e via des drones introduits clandestinement en Russie, puis lanc\u00e9s sur des bases militaires. Ses cons\u00e9quences sur les capacit\u00e9s militaires russes sont difficiles \u00e0 pr\u00e9dire, mais sa port\u00e9e symbolique est importante dans le contexte des n\u00e9gociations.<\/p>\n<p>    Le pr\u00e9sident ukrainien Volodymyr Zelensky et le chef du Service de s\u00e9curit\u00e9 d\u2019Ukraine Vasyl Maliuk lors de leur r\u00e9union, au milieu de l\u2019attaque de la Russie contre l\u2019Ukraine, \u00e0 Kiev, le 1er juin 2025.<br \/>\n                UKRAINIAN PRESIDENTIAL PRESS SER \/ REUTERS<\/p>\n<p>\n        07:20\n            <\/p>\n<p class=\"fig-live-post__title\" role=\"heading\" aria-level=\"3\">De nouveaux pourparlers directs attendus \u00e0 Istanbul entre Russes et Ukrainiens ce lundi<\/p>\n<p class=\"fig-paragraph\">Des\u00a0<a href=\"http:\/\/www.lefigaro.fr\/international\/guerre-en-ukraine-la-russie-revendique-la-prise-d-un-nouveau-village-de-la-region-de-soumy-20250601\" target=\"_blank\" data-fig-type=\"NewsFlash\" rel=\"noopener nofollow\" data-gtm-custom-categorie=\"navigation\" data-gtm-custom-action=\"crossclick\" data-gtm-custom-label=\"Contextuel\" data-gtm-event=\"customEventSPE\" data-fig-domain=\"LEFIGARO\">d\u00e9l\u00e9gations russe et ukrainienne<\/a>\u00a0doivent se rencontrer \u00e0 nouveau lundi \u00e0 Istanbul, dans la perspective qui para\u00eet encore lointaine de\u00a0<a href=\"http:\/\/www.lefigaro.fr\/international\/dossier\/tensions-entre-la-russie-et-l-ukraine-tout-comprendre-a-la-menace-d-une-invasion-russe\" target=\"_blank\" data-fig-type=\"Topic\" rel=\"noopener nofollow\" data-gtm-custom-categorie=\"navigation\" data-gtm-custom-action=\"crossclick\" data-gtm-custom-label=\"Contextuel\" data-gtm-event=\"customEventSPE\" data-fig-domain=\"LEFIGARO\">mettre fin \u00e0 la guerre<\/a>.<\/p>\n<p class=\"fig-paragraph\">Ce nouveau cycle de n\u00e9gociations doit d\u00e9buter lundi \u00e0 13 heures (10 heures GMT, 12 heures en France) au palais Ciragan, une demeure imp\u00e9riale ottomane sur les rives du Bosphore devenue un h\u00f4tel de luxe depuis.<\/p>\n<p class=\"fig-paragraph\">Le chef de la diplomatie russe Sergue\u00ef Lavrov s\u2019est entretenu dimanche au t\u00e9l\u00e9phone avec son homologue am\u00e9ricain Marco Rubio au sujet de ces pourparlers, selon le minist\u00e8re russe des Affaires \u00e9trang\u00e8res cit\u00e9 par l\u2019agence Tass. La Russie avait annonc\u00e9 qu\u2019elle pr\u00e9senterait un \u00abm\u00e9morandum\u00bb de ses conditions pour un accord de paix, qu\u2019elle a refus\u00e9 de transmettre \u00e0 l\u2019avance \u00e0 l\u2019Ukraine comme Kiev le r\u00e9clamait.<\/p>\n<p class=\"fig-paragraph\">Moscou et Kiev avaient d\u00e9j\u00e0 engag\u00e9 de premi\u00e8res discussions directes le 16 mai dans la m\u00e9tropole turque, mais le rendez-vous avait \u00e9t\u00e9 peu fructueux, les deux pays ne s\u2019engageant que sur un \u00e9change de prisonniers \u00e0 grande \u00e9chelle.<\/p>\n<p>\n        07:18\n            <\/p>\n<p class=\"fig-live-post__title\" role=\"heading\" aria-level=\"3\">Bonjour et bienvenue<\/p>\n<p class=\"fig-paragraph\">Bonjour \u00e0 tous et bienvenue sur ce direct consacr\u00e9 \u00e0 la guerre en Ukraine.<\/p>\n<p class=\"fig-paragraph\">Retrouvez tous les articles consacr\u00e9s \u00e0 ce conflit, d\u00e9clench\u00e9 par l\u2019<a href=\"http:\/\/www.lefigaro.fr\/international\/dossier\/tensions-entre-la-russie-et-l-ukraine-tout-comprendre-a-la-menace-d-une-invasion-russe\" target=\"_blank\" data-fig-type=\"Topic\" rel=\"noopener nofollow\" data-gtm-custom-categorie=\"navigation\" data-gtm-custom-action=\"crossclick\" data-gtm-custom-label=\"Contextuel\" data-gtm-event=\"customEventSPE\" data-fig-domain=\"LEFIGARO\">invasion russe de l\u2019Ukraine en f\u00e9vrier 2022<\/a>, sur le site du Figaro.<\/p>\n<p>                Les publications appara\u00eetront ici<\/p>\n<p>        Fermer<\/p>\n","protected":false},"excerpt":{"rendered":"00:00 Ce direct est maintenant termin\u00e9 ! Ce live est maintenant termin\u00e9, merci de nous avoir suivis. Hier&hellip;\n","protected":false},"author":2,"featured_media":147596,"comment_status":"","ping_status":"","sticky":false,"template":"","format":"standard","meta":{"footnotes":""},"categories":[1590],"tags":[259,11,260,1777,674,131,14,261,12,262,132,220],"class_list":{"0":"post-147595","1":"post","2":"type-post","3":"status-publish","4":"format-standard","5":"has-post-thumbnail","7":"category-ukraine","8":"tag-actualite-internationale","9":"tag-actualites","10":"tag-affaires-etrangeres","11":"tag-eu","12":"tag-europe","13":"tag-guerre-en-ukraine","14":"tag-international","15":"tag-ministere-des-affaires-etrangeres","16":"tag-news","17":"tag-politique-etrangere","18":"tag-russie","19":"tag-ukraine"},"share_on_mastodon":{"url":"https:\/\/pubeurope.com\/@fr\/114616480097572473","error":""},"_links":{"self":[{"href":"https:\/\/www.europesays.com\/fr\/wp-json\/wp\/v2\/posts\/147595","targetHints":{"allow":["GET"]}}],"collection":[{"href":"https:\/\/www.europesays.com\/fr\/wp-json\/wp\/v2\/posts"}],"about":[{"href":"https:\/\/www.europesays.com\/fr\/wp-json\/wp\/v2\/types\/post"}],"author":[{"embeddable":true,"href":"https:\/\/www.europesays.com\/fr\/wp-json\/wp\/v2\/users\/2"}],"replies":[{"embeddable":true,"href":"https:\/\/www.europesays.com\/fr\/wp-json\/wp\/v2\/comments?post=147595"}],"version-history":[{"count":0,"href":"https:\/\/www.europesays.com\/fr\/wp-json\/wp\/v2\/posts\/147595\/revisions"}],"wp:featuredmedia":[{"embeddable":true,"href":"https:\/\/www.europesays.com\/fr\/wp-json\/wp\/v2\/media\/147596"}],"wp:attachment":[{"href":"https:\/\/www.europesays.com\/fr\/wp-json\/wp\/v2\/media?parent=147595"}],"wp:term":[{"taxonomy":"category","embeddable":true,"href":"https:\/\/www.europesays.com\/fr\/wp-json\/wp\/v2\/categories?post=147595"},{"taxonomy":"post_tag","embeddable":true,"href":"https:\/\/www.europesays.com\/fr\/wp-json\/wp\/v2\/tags?post=147595"}],"curies":[{"name":"wp","href":"https:\/\/api.w.org\/{rel}","templated":true}]}}