{"id":147597,"date":"2025-06-02T23:57:11","date_gmt":"2025-06-02T23:57:11","guid":{"rendered":"https:\/\/www.europesays.com\/fr\/147597\/"},"modified":"2025-06-02T23:57:11","modified_gmt":"2025-06-02T23:57:11","slug":"le-porte-avions-uss-harry-s-truman-de-retour-aux-etats-unis","status":"publish","type":"post","link":"https:\/\/www.europesays.com\/fr\/147597\/","title":{"rendered":"Le porte-avions USS Harry S. Truman de retour aux \u00c9tats-Unis"},"content":{"rendered":"<p>\n      Dimanche 1er juin, le groupe a\u00e9ronaval am\u00e9ricain emmen\u00e9 par le porte-avions nucl\u00e9aire USS Harry S. Truman est rentr\u00e9 \u00e0 sa base Norfolk, en Virginie, \u00e0 l\u2019issue d\u2019un long d\u00e9ploiement de huit mois. Un p\u00e9riple marqu\u00e9 par des op\u00e9rations de combat au Y\u00e9men, un abordage avec un navire de commerce et la perte de plusieurs appareils.\n    <\/p>\n<p>Parti de Norfolk le 23 septembre 2024, le porte-avions g\u00e9ant est rentr\u00e9 \u00e0 sa base apr\u00e8s un d\u00e9ploiement de huit mois. S\u2019il n\u2019a pas battu son record de 2022 o\u00f9 il avait \u00e9t\u00e9 en mission pendant neuf mois, le Truman et son \u00e9quipage ont \u00e9t\u00e9 mis \u00e0 rude \u00e9preuve. La fin du d\u00e9ploiement a \u00e9t\u00e9 marqu\u00e9e par plus de 50 jours de frappes au Y\u00e9men et une attrition toute particuli\u00e8re. Le groupe a\u00e9ronaval a perdu trois chasseurs F\/A-18 Super Hornet. Le premier, le 22 d\u00e9cembre, a \u00e9t\u00e9 abattu <a href=\"https:\/\/www.meretmarine.com\/fr\/defense\/le-croiseur-d-escorte-de-l-uss-harry-s-truman-abat-un-fa-18-super-hornet-du-porte-avions\" target=\"_blank\" rel=\"noopener\">\u00e0 cause d\u2019une erreur de tir du croiseur USS Gettysburg<\/a> qui faisait partie de l&rsquo;escorte du porte-avions. Puis, le 28 avril, lorsque l&rsquo;USS Harry S. Truman a <a href=\"https:\/\/www.meretmarine.com\/fr\/defense\/un-super-hornet-tombe-a-l-eau-depuis-le-porte-avions-uss-harry-s-truman\" target=\"_blank\" rel=\"noopener\">entrepris des man\u0153uvres \u00e9vasives contre des attaques de missiles Houthis, un F\/A-18 est tomb\u00e9 \u00e0 la mer<\/a>. Le dernier des trois, une semaine plus tard, le 6 mai, <a href=\"https:\/\/www.meretmarine.com\/fr\/defense\/l-uss-harry-s-truman-a-encore-perdu-un-avion\" target=\"_blank\" rel=\"noopener\">manquait son appontage<\/a>. Une attrition s\u00e9v\u00e8re, mais heureusement sans perte humaine. Le b\u00e2timent a par ailleurs subi <a href=\"https:\/\/www.meretmarine.com\/fr\/defense\/le-porte-avions-uss-harry-s-truman-entre-en-collision-avec-un-vraquier-devant-port-said\" target=\"_blank\" rel=\"noopener\">une collision avec le navire marchand Besiktas M<\/a> le 12 f\u00e9vrier qui a entrain\u00e9 le limogeage de son commandant, le capitaine Dave Snowden, remplac\u00e9 par l\u2019exp\u00e9riment\u00e9 capitaine Chris Hill, ancien pacha de l\u2019USS Dwight D. Eisenhower.<\/p>\n<p>En tout, les navires du Carrier Strike Group 8 (CSG-8) ont parcouru en cumul\u00e9 240.000 nautiques. Outre le porte-avions, le CSG-8 comprenait le croiseur USS Gettysburg de classe Ticonderoga ainsi que les destroyers USS Stout et USS Jason Dunham de type Arleigh Burke. Le groupe a\u00e9rien embarqu\u00e9 du CVN-75 (indicatif du Truman), a r\u00e9alis\u00e9 pr\u00e8s de 13.000 sorties pour 25.000 heures de vol. Avant ses op\u00e9rations de guerre en mer Rouge, le CSG-8 s\u2019est d\u2019abord rendu dans le nord de l\u2019Europe avec des escales en Norv\u00e8ge, Su\u00e8de, Finlande, Allemagne, avant de passer M\u00e9diterran\u00e9e avec des escales en Espagne, France, Croatie, Gr\u00e8ce sous la banni\u00e8re de la 6\u00e8me Flotte am\u00e9ricaine. On comprend ais\u00e9ment le rythme intense et la fatigue accumul\u00e9e des \u00e9quipages, d\u2019autant que les deux mois de bombardements se sont d\u00e9roul\u00e9s vers la fin du d\u00e9ploiement.\u00a0<\/p>\n<p>\u00a0<\/p>\n<p>\u00a0<\/p>\n<p>L\u2019USS Harry S. Truman est l\u2019un des onze porte-avions de l\u2019US Navy. Mis en service en 1998, cet imposant b\u00e2timent mesure 332.8 m\u00e8tres de long pour une largeur maximale de 78 m\u00e8tres et un d\u00e9placement en charge atteignant 104.000 tonnes. Equip\u00e9 de deux r\u00e9acteurs nucl\u00e9aires, sa puissance de 205.900 kW lui permet d\u2019atteindre la vitesse de 32 n\u0153uds. Arm\u00e9 par 6500 marins, groupe a\u00e9rien embarqu\u00e9 compris, le CVN-75 peut mettre en \u0153uvre 68 avions et h\u00e9licopt\u00e8res. \u00c0 noter que le premier navire de la classe, le Nimitz, <a href=\"https:\/\/www.meretmarine.com\/fr\/defense\/l-uss-nimitz-a-debute-son-ultime-deploiement\" target=\"_blank\" rel=\"noopener\">r\u00e9alise son dernier d\u00e9ploiement<\/a> avant un retrait du service attendu en 2026. La classe Nimitz va progressivement laiss\u00e9 la place aux nouveaux porte-avions de type Gerald R. Ford, dont la t\u00eate de s\u00e9rie est en service, permettant de retrouver un format de 11 porte-avions. L&rsquo;USS John F. Kennedy (CVN-79), prochain porte-avions de type Ford est actuellement en phase d&rsquo;armement avant une livraison attendue dans les prochains mois.<\/p>\n<p><strong>\u00a9 Un article de la r\u00e9daction de Mer et Marine.\u00a0Reproduction interdite sans consentement du ou des auteurs.<\/strong><\/p>\n<p>\u00a0<\/p>\n","protected":false},"excerpt":{"rendered":"Dimanche 1er juin, le groupe a\u00e9ronaval am\u00e9ricain emmen\u00e9 par le porte-avions nucl\u00e9aire USS Harry S. Truman est rentr\u00e9&hellip;\n","protected":false},"author":2,"featured_media":147598,"comment_status":"","ping_status":"","sticky":false,"template":"","format":"standard","meta":{"footnotes":""},"categories":[1589],"tags":[11,6130,6141,6131,6138,2380,6135,554,73,1866,6136,6139,6134,3135,6128,567,6129,6127,12,6132,4838,6133,6140,6137,1864,1865,1863,308],"class_list":{"0":"post-147597","1":"post","2":"type-post","3":"status-publish","4":"format-standard","5":"has-post-thumbnail","7":"category-etats-unis","8":"tag-actualites","9":"tag-chantiers","10":"tag-commando","11":"tag-construction-navale","12":"tag-costa","13":"tag-croisiere","14":"tag-dcns","15":"tag-defense","16":"tag-etats-unis","17":"tag-etats-unis-damerique","18":"tag-euronaval","19":"tag-fremm","20":"tag-interviews","21":"tag-littoral","22":"tag-marine","23":"tag-marine-nationale","24":"tag-maritime","25":"tag-mer","26":"tag-news","27":"tag-offshore","28":"tag-peche","29":"tag-reportages","30":"tag-sncm","31":"tag-stx","32":"tag-united-states","33":"tag-united-states-of-america","34":"tag-us","35":"tag-usa"},"share_on_mastodon":{"url":"https:\/\/pubeurope.com\/@fr\/114616483551754547","error":""},"_links":{"self":[{"href":"https:\/\/www.europesays.com\/fr\/wp-json\/wp\/v2\/posts\/147597","targetHints":{"allow":["GET"]}}],"collection":[{"href":"https:\/\/www.europesays.com\/fr\/wp-json\/wp\/v2\/posts"}],"about":[{"href":"https:\/\/www.europesays.com\/fr\/wp-json\/wp\/v2\/types\/post"}],"author":[{"embeddable":true,"href":"https:\/\/www.europesays.com\/fr\/wp-json\/wp\/v2\/users\/2"}],"replies":[{"embeddable":true,"href":"https:\/\/www.europesays.com\/fr\/wp-json\/wp\/v2\/comments?post=147597"}],"version-history":[{"count":0,"href":"https:\/\/www.europesays.com\/fr\/wp-json\/wp\/v2\/posts\/147597\/revisions"}],"wp:featuredmedia":[{"embeddable":true,"href":"https:\/\/www.europesays.com\/fr\/wp-json\/wp\/v2\/media\/147598"}],"wp:attachment":[{"href":"https:\/\/www.europesays.com\/fr\/wp-json\/wp\/v2\/media?parent=147597"}],"wp:term":[{"taxonomy":"category","embeddable":true,"href":"https:\/\/www.europesays.com\/fr\/wp-json\/wp\/v2\/categories?post=147597"},{"taxonomy":"post_tag","embeddable":true,"href":"https:\/\/www.europesays.com\/fr\/wp-json\/wp\/v2\/tags?post=147597"}],"curies":[{"name":"wp","href":"https:\/\/api.w.org\/{rel}","templated":true}]}}