{"id":147614,"date":"2025-06-03T00:07:18","date_gmt":"2025-06-03T00:07:18","guid":{"rendered":"https:\/\/www.europesays.com\/fr\/147614\/"},"modified":"2025-06-03T00:07:18","modified_gmt":"2025-06-03T00:07:18","slug":"super-xiii-quentin-crunel-senvole-a-xv-rugby-a-xiii","status":"publish","type":"post","link":"https:\/\/www.europesays.com\/fr\/147614\/","title":{"rendered":"Super XIII &#8211; Quentin Crunel s&rsquo;envole \u00e0 XV &#8211; Rugby \u00e0 XIII"},"content":{"rendered":"<p style=\"text-align: justify;\"><strong>La jeune fus\u00e9e limouxine a d\u00e9cid\u00e9 de changer de code et s\u2019envole chez les voisins audois du RC Narbonne (Nationale).<\/strong><\/p>\n<p style=\"text-align: justify;\">R\u00e9v\u00e9l\u00e9 aux yeux du grand public la saison derni\u00e8re, le jeune ailier ou arri\u00e8re Quentin Crunel (21 ans) a encore r\u00e9alis\u00e9 une saison pleine avec les Grizzlies de Limoux. Avec 13 essais en 18 matchs cette saison et la 9\u00e8me place au classement des meilleurs marqueurs de Super XIII, la fus\u00e9e limouxine a d\u00e9cid\u00e9 de mettre en suspens son histoire \u00e0 XIII pour partir gouter aux joies du XV.<\/p>\n<p style=\"text-align: justify;\">Ailier supersonique aux appuis de feu, Quentin Crunel, bien qu\u2019\u00e9tincelant \u00e0 XIII, pourrait \u00e9galement briller \u00e0 XV. Malgr\u00e9 un petit gabarit (1.75 m et 77 kg), ses qualit\u00e9s athl\u00e9tiques, son jeu au pied et sa d\u00e9termination, notamment en d\u00e9fense, devraient rapidement en faire la nouvelle coqueluche de la tribune Clape.<\/p>\n<blockquote class=\"twitter-tweet\" data-width=\"500\" data-dnt=\"true\">\n<p lang=\"fr\" dir=\"ltr\">Recrutement <a href=\"https:\/\/twitter.com\/hashtag\/Narbonne?src=hash&amp;ref_src=twsrc%5Etfw\" target=\"_blank\" rel=\"noopener\">#Narbonne<\/a> \ud83c\udfc9 : <a href=\"https:\/\/twitter.com\/hashtag\/RCN?src=hash&amp;ref_src=twsrc%5Etfw\" target=\"_blank\" rel=\"noopener\">#RCN<\/a> \ud83d\udfe0\u26ab\ufe0f<\/p>\n<p>\u2013 Quentin Crunel \u2013 <\/p>\n<p>\u2022 Ailier <br \/>\u2022 22 ans <br \/>\u2022 1m75<br \/>\u2022 77 Kg<br \/>\u2022 Ancien Club : Limoux XIII <a href=\"https:\/\/t.co\/dlphB3hOz1\">pic.twitter.com\/dlphB3hOz1<\/a><\/p>\n<p>\u2014 \ud83d\udd38Orange &amp; Noir\u25fe\ufe0f (@OrangeNoir11) <a href=\"https:\/\/twitter.com\/OrangeNoir11\/status\/1927049261276942451?ref_src=twsrc%5Etfw\" target=\"_blank\" rel=\"noopener\">May 26, 2025<\/a><\/p>\n<\/blockquote>\n<p>        <script async src=\"https:\/\/platform.twitter.com\/widgets.js\" charset=\"utf-8\"><\/script><\/p>\n","protected":false},"excerpt":{"rendered":"La jeune fus\u00e9e limouxine a d\u00e9cid\u00e9 de changer de code et s\u2019envole chez les voisins audois du RC&hellip;\n","protected":false},"author":2,"featured_media":147615,"comment_status":"","ping_status":"","sticky":false,"template":"","format":"standard","meta":{"footnotes":""},"categories":[1416],"tags":[1011,27,27671,27672,479,2228,2115,1468,2229,60,2231,7305],"class_list":{"0":"post-147614","1":"post","2":"type-post","3":"status-publish","4":"format-standard","5":"has-post-thumbnail","7":"category-rugby","8":"tag-fr","9":"tag-france","10":"tag-quentin-crunel","11":"tag-rc-narbonnais","12":"tag-rugby","13":"tag-rugby-a-xiii","14":"tag-rugby-a-xv","15":"tag-rugby-football","16":"tag-rugby-league","17":"tag-sports","18":"tag-super-xiii","19":"tag-xiii-limouxin"},"share_on_mastodon":{"url":"https:\/\/pubeurope.com\/@fr\/114616522811260859","error":""},"_links":{"self":[{"href":"https:\/\/www.europesays.com\/fr\/wp-json\/wp\/v2\/posts\/147614","targetHints":{"allow":["GET"]}}],"collection":[{"href":"https:\/\/www.europesays.com\/fr\/wp-json\/wp\/v2\/posts"}],"about":[{"href":"https:\/\/www.europesays.com\/fr\/wp-json\/wp\/v2\/types\/post"}],"author":[{"embeddable":true,"href":"https:\/\/www.europesays.com\/fr\/wp-json\/wp\/v2\/users\/2"}],"replies":[{"embeddable":true,"href":"https:\/\/www.europesays.com\/fr\/wp-json\/wp\/v2\/comments?post=147614"}],"version-history":[{"count":0,"href":"https:\/\/www.europesays.com\/fr\/wp-json\/wp\/v2\/posts\/147614\/revisions"}],"wp:featuredmedia":[{"embeddable":true,"href":"https:\/\/www.europesays.com\/fr\/wp-json\/wp\/v2\/media\/147615"}],"wp:attachment":[{"href":"https:\/\/www.europesays.com\/fr\/wp-json\/wp\/v2\/media?parent=147614"}],"wp:term":[{"taxonomy":"category","embeddable":true,"href":"https:\/\/www.europesays.com\/fr\/wp-json\/wp\/v2\/categories?post=147614"},{"taxonomy":"post_tag","embeddable":true,"href":"https:\/\/www.europesays.com\/fr\/wp-json\/wp\/v2\/tags?post=147614"}],"curies":[{"name":"wp","href":"https:\/\/api.w.org\/{rel}","templated":true}]}}