{"id":147628,"date":"2025-06-03T00:15:16","date_gmt":"2025-06-03T00:15:16","guid":{"rendered":"https:\/\/www.europesays.com\/fr\/147628\/"},"modified":"2025-06-03T00:15:16","modified_gmt":"2025-06-03T00:15:16","slug":"les-projets-de-canon-et-apple","status":"publish","type":"post","link":"https:\/\/www.europesays.com\/fr\/147628\/","title":{"rendered":"les projets de Canon et Apple"},"content":{"rendered":"<p><strong>Cr\u00e9er des sc\u00e8nes 3D \u00e0 partir de quelques images ? <\/strong>C\u2019est ce que proposent <strong>Matrix3D<\/strong>, d\u00e9velopp\u00e9e par des chercheurs d\u2019Apple, et la technologie <strong>3D Photo<\/strong> de Canon, pr\u00e9sent\u00e9e au salon CP+ 2025. Ces projets, bien que diff\u00e9rents dans leur approche, ouvrent de <strong>nouvelles perspectives<\/strong> pour les cr\u00e9ateurs visuels.<\/p>\n<p>Matrix3D : transformer des photos 2D en sc\u00e8nes 3D immersives<\/p>\n<p><strong>Matrix3D<\/strong> est un mod\u00e8le d\u2019intelligence artificielle con\u00e7u pour <strong>g\u00e9n\u00e9rer des sc\u00e8nes et objets 3D<\/strong> \u00e0 partir de seulement <strong>deux ou trois photographies<\/strong> classiques (en 2D). Et cela sans capteur sp\u00e9cifique, <strong>ni LiDAR<\/strong>, ni s\u00e9rie d\u2019images complexes.<\/p>\n<p><img decoding=\"async\" width=\"1400\" height=\"554\" loading=\"lazy\" src=\"https:\/\/www.europesays.com\/fr\/wp-content\/uploads\/2025\/06\/matrix3d-training-pipe.png-1400x554.jpeg\" alt=\"\" class=\"wp-image-239927\"  \/><\/p>\n<p>D\u00e9velopp\u00e9 par des <strong>chercheurs d\u2019Apple<\/strong>, en collaboration avec l\u2019Universit\u00e9 de Nanjing et l\u2019Universit\u00e9 des Sciences et Technologies de Hong Kong, ce mod\u00e8le s\u2019appuie sur une forme avanc\u00e9e d\u2019intelligence artificielle appel\u00e9e\u00a0<strong>\u00ab\u00a0Transformer de Diffusion Multi-Modal\u00a0\u00bb<\/strong>.<\/p>\n<p>En clair, le syst\u00e8me analyse vos images, comprend la\u00a0<strong>position de la cam\u00e9ra<\/strong>,\u00a0<strong>devine la profondeur<\/strong>\u00a0de la sc\u00e8ne, puis recompose un <strong>environnement 3D<\/strong> navigable. L\u2019objectif ? Offrir une\u00a0<strong>vue immersive<\/strong>, comme si vous <strong>aviez film\u00e9<\/strong> autour du sujet.<\/p>\n<p><video controls=\"\" src=\"https:\/\/phototrend.fr\/wp-content\/uploads\/2025\/06\/3dgs2.mp4\"\/><\/p>\n<p>Contrairement \u00e0 la\u00a0<strong>photogramm\u00e9trie classique<\/strong> \u2013\u00a0utilis\u00e9e notamment dans les logiciels comme RealityCapture ou Metashape \u2013\u00a0Matrix3D <strong>int\u00e8gre tout dans un seul et m\u00eame mod\u00e8le<\/strong>. Plus besoin de passer par diff\u00e9rentes \u00e9tapes techniques (estimation de pose, calcul de profondeur, rendu de texture\u2026). Cette nouvelle m\u00e9thode permet de simplifier le flux de travail tout en\u00a0<strong>am\u00e9liorant la pr\u00e9cision<\/strong>.<\/p>\n<p>\u00c0 noter : Matrix3D n\u2019est\u00a0<strong>pas d\u00e9velopp\u00e9 par Apple<\/strong>. Il s\u2019agit d\u2019un projet de\u00a0<strong>recherche acad\u00e9mique<\/strong>, conduit par des ing\u00e9nieurs affili\u00e9s \u00e0 Apple, en collaboration avec des universit\u00e9s chinoises. L\u2019\u00e9quipe a publi\u00e9 son code <a href=\"https:\/\/nju-3dv.github.io\/projects\/matrix3d\" target=\"_blank\" rel=\"noopener\">en open source<\/a> avec des d\u00e9monstrations interactives.<\/p>\n<p><img decoding=\"async\" width=\"1400\" height=\"665\" loading=\"lazy\" src=\"https:\/\/www.europesays.com\/fr\/wp-content\/uploads\/2025\/06\/matrix3d-inference-pipe.png-1400x665.jpeg\" alt=\"\" class=\"wp-image-239928\"  \/><\/p>\n<p>Les utilisateurs avanc\u00e9s, notamment les photographes curieux ayant quelques bases en IA ou en Python, peuvent d\u00e9j\u00e0 exp\u00e9rimenter. A noter qu\u2019Apple propose depuis quelques temps les\u00a0<strong>vid\u00e9os et photos spatiales<\/strong>\u00a0avec ses derniers iPhone, une solution qui permet de donner un peu plus de profondeur \u00e0 des images, sans pour autant cr\u00e9er des objets 100% 3D.<\/p>\n<p><video controls=\"\" src=\"https:\/\/phototrend.fr\/wp-content\/uploads\/2025\/06\/spatial-photo-apple-vision-pro.mp4\"\/>Photos spatiales Apple visualis\u00e9es avec l\u2019Apple Vision Pro<\/p>\n<p>Canon 3D Photo : La 3D accessible \u00e0 partir d\u2019une seule photo<\/p>\n<p>De son c\u00f4t\u00e9, Canon a pr\u00e9sent\u00e9 au <a href=\"https:\/\/phototrend.fr\/tag\/cpplus-2025\/\" target=\"_blank\" rel=\"noopener\">CP+ 2025<\/a> une technologie <strong>3D Photo<\/strong> permettant de <strong>cr\u00e9er des images 3D \u00e0 l\u2019aide de ses appareils photo existants<\/strong>, sans n\u00e9cessiter d\u2019\u00e9quipement sp\u00e9cialis\u00e9. En exploitant les\u00a0<strong>capteurs Dual Pixel CMOS<\/strong>\u00a0de ses appareils, notamment l\u2019EOS R5, Canon peut g\u00e9n\u00e9rer des images 3D \u00e0 partir d\u2019une seule photo.<\/p>\n<p>Cette technologie utilise les\u00a0<strong>deux photodiodes de chaque pixel<\/strong>\u00a0pour capturer des images\u00a0<strong>l\u00e9g\u00e8rement d\u00e9cal\u00e9es<\/strong>, permettant ainsi de cr\u00e9er une\u00a0<strong>carte de profondeur<\/strong>.<\/p>\n<p><img decoding=\"async\" width=\"1400\" height=\"1013\" loading=\"lazy\" src=\"https:\/\/www.europesays.com\/fr\/wp-content\/uploads\/2025\/06\/canon-dual-pixel-cmos-af.jpg\" alt=\"\" class=\"wp-image-239975\"  \/><\/p>\n<p>Lors du salon, Canon a d\u00e9montr\u00e9 cette capacit\u00e9 en photographiant des objets avec un sujet sur un <strong>plateau tournant<\/strong>, capturant une <strong>s\u00e9rie d\u2019images sous diff\u00e9rents angles<\/strong>. Le logiciel d\u00e9di\u00e9 de Canon assemble ensuite ces images pour cr\u00e9er un\u00a0<strong>mod\u00e8le 3D complet<\/strong>. Cette approche rend la <strong>cr\u00e9ation de contenu 3D <\/strong>plus accessible aux photographes et vid\u00e9astes, <strong>sans n\u00e9cessiter d\u2019investissements<\/strong> importants dans du mat\u00e9riel sp\u00e9cialis\u00e9.<\/p>\n<p><img decoding=\"async\" width=\"1400\" height=\"788\" loading=\"lazy\" src=\"https:\/\/www.europesays.com\/fr\/wp-content\/uploads\/2025\/06\/phototrend_cpplus2025_canon_3d_photo_2.jpg\" alt=\"\" class=\"wp-image-239976\"  \/><\/p>\n<p>Canon conna\u00eet bien la <strong>photographie 3D<\/strong> : la marque propose des objectifs pour la capture st\u00e9r\u00e9oscopique, notamment le <a href=\"https:\/\/phototrend.fr\/2021\/10\/canon-eos-vr-system-double-objectif-fisheye-vr-180\/\" target=\"_blank\" rel=\"noopener\">RF 52mm f\/2,8 L Dual Fisheye<\/a>. Mais l\u2019innovation majeure du syst\u00e8me\u00a0<strong>3D Photo<\/strong>\u00a0r\u00e9side dans sa compatibilit\u00e9 avec des\u00a0<strong>objectifs standards<\/strong>. <\/p>\n<p>Sur son stand, Canon a notamment r\u00e9alis\u00e9 des tests avec le\u00a0<strong><a href=\"https:\/\/phototrend.fr\/2021\/04\/test-objectif-canon-rf-50-mm-f-1-8-stm\/\" target=\"_blank\" rel=\"noopener\">RF 50mm f\/1,8 STM<\/a><\/strong>, un objectif vendu environ 200 \u20ac, bien <strong>plus abordable<\/strong> que le mod\u00e8le 3D sp\u00e9cialis\u00e9 \u00e0 plusieurs milliers d\u2019euros.<\/p>\n<p>Vers une d\u00e9mocratisation de la cr\u00e9ation 3D<\/p>\n<p>Au final, ces deux initiatives illustrent une tendance vers la<strong> simplification et la d\u00e9mocratisation de la cr\u00e9ation de contenu 3D<\/strong>.<\/p>\n<p><img decoding=\"async\" width=\"1400\" height=\"788\" loading=\"lazy\" src=\"https:\/\/www.europesays.com\/fr\/wp-content\/uploads\/2025\/06\/phototrend-cpplus-2025-casque-vr.jpg\" alt=\"\" class=\"wp-image-239977\"  \/>Exp\u00e9rience VR et MR sur le stand Canon au CP+ 2025 au Japon<\/p>\n<p>Matrix3D, avec son approche bas\u00e9e sur l\u2019intelligence artificielle, et la technologie 3D Photo de Canon, en utilisant du mat\u00e9riel existant, offrent aux cr\u00e9ateurs de <strong>nouvelles possibilit\u00e9s pour explorer la 3D<\/strong>, que ce soit pour de la r\u00e9alit\u00e9 augment\u00e9e, la visualisation de produits ou de la cr\u00e9ation artistique.<\/p>\n","protected":false},"excerpt":{"rendered":"Cr\u00e9er des sc\u00e8nes 3D \u00e0 partir de quelques images ? C\u2019est ce que proposent Matrix3D, d\u00e9velopp\u00e9e par des&hellip;\n","protected":false},"author":2,"featured_media":147629,"comment_status":"","ping_status":"","sticky":false,"template":"","format":"standard","meta":{"footnotes":""},"categories":[1358],"tags":[47,733,1348,1384,1385,27673,27674,27675,1386,58,59,1011,27,27676],"class_list":{"0":"post-147628","1":"post","2":"type-post","3":"status-publish","4":"format-standard","5":"has-post-thumbnail","7":"category-arts-et-design","8":"tag-actualite","9":"tag-apple","10":"tag-arts","11":"tag-arts-and-design","12":"tag-arts-et-design","13":"tag-canon","14":"tag-canon-3d-photo","15":"tag-cp-2025","16":"tag-design","17":"tag-divertissement","18":"tag-entertainment","19":"tag-fr","20":"tag-france","21":"tag-matrix3d"},"share_on_mastodon":{"url":"https:\/\/pubeurope.com\/@fr\/114616554338839414","error":""},"_links":{"self":[{"href":"https:\/\/www.europesays.com\/fr\/wp-json\/wp\/v2\/posts\/147628","targetHints":{"allow":["GET"]}}],"collection":[{"href":"https:\/\/www.europesays.com\/fr\/wp-json\/wp\/v2\/posts"}],"about":[{"href":"https:\/\/www.europesays.com\/fr\/wp-json\/wp\/v2\/types\/post"}],"author":[{"embeddable":true,"href":"https:\/\/www.europesays.com\/fr\/wp-json\/wp\/v2\/users\/2"}],"replies":[{"embeddable":true,"href":"https:\/\/www.europesays.com\/fr\/wp-json\/wp\/v2\/comments?post=147628"}],"version-history":[{"count":0,"href":"https:\/\/www.europesays.com\/fr\/wp-json\/wp\/v2\/posts\/147628\/revisions"}],"wp:featuredmedia":[{"embeddable":true,"href":"https:\/\/www.europesays.com\/fr\/wp-json\/wp\/v2\/media\/147629"}],"wp:attachment":[{"href":"https:\/\/www.europesays.com\/fr\/wp-json\/wp\/v2\/media?parent=147628"}],"wp:term":[{"taxonomy":"category","embeddable":true,"href":"https:\/\/www.europesays.com\/fr\/wp-json\/wp\/v2\/categories?post=147628"},{"taxonomy":"post_tag","embeddable":true,"href":"https:\/\/www.europesays.com\/fr\/wp-json\/wp\/v2\/tags?post=147628"}],"curies":[{"name":"wp","href":"https:\/\/api.w.org\/{rel}","templated":true}]}}