{"id":147632,"date":"2025-06-03T00:17:22","date_gmt":"2025-06-03T00:17:22","guid":{"rendered":"https:\/\/www.europesays.com\/fr\/147632\/"},"modified":"2025-06-03T00:17:22","modified_gmt":"2025-06-03T00:17:22","slug":"encore-maries-ou-separes-quel-est-le-bilan-de-coralie-et-bruno","status":"publish","type":"post","link":"https:\/\/www.europesays.com\/fr\/147632\/","title":{"rendered":"Encore mari\u00e9s ou s\u00e9par\u00e9s, quel est le bilan de Coralie et Bruno ?"},"content":{"rendered":"<p>Dans Mari\u00e9s au premier regard, s\u2019il y a bien un couple qui a tout connu, c\u2019est Coralie et Bruno. Entre mariage \u00e0 l\u2019aveugle, voyage de noces chaotique, s\u00e9paration puis mission reconqu\u00eate&#8230; Les deux candidats sont pass\u00e9s par toutes les \u00e9motions. Mais alors, apr\u00e8s le bilan devant les expertes, sont-ils encore mari\u00e9s ?<\/p>\n<p>Le mariage est loin d\u2019\u00eatre une science exacte et la relation de Coralie et Bruno dans la saison 9 de <a href=\"https:\/\/www.programme-tv.net\/news\/tele-realite\/371158-maries-au-premier-regard-2025-date-de-diffusion-deux-expertes-nouveautes-les-premieres-infos-sur-la-saison-9\/\" data-api-deeplink=\"teleloisirs:\/\/news\/371158\" target=\"_blank\" rel=\"noopener\">Mari\u00e9s au premier regard <\/a>en est la preuve. Si les deux candidats sont compatibles \u00e0 78 %, il semblerait que pendant l\u2019aventure, les 22 autres pourcents aient souvent pris l\u2019avantage. Apr\u00e8s un mariage \u00e0 l\u2019aveugle gr\u00e2ce \u00e0 un \u00ab\u00a0cap ou pas cap\u00a0\u00bb propos\u00e9 par Bruno, les premi\u00e8res tensions sont apparues lors du <a href=\"https:\/\/www.programme-tv.net\/news\/tele-realite\/379978-c-etait-tres-dur-coralie-et-bruno-maries-au-premier-regard-2025-reviennent-sur-leur-voyage-de-noces-complique\/\" data-api-deeplink=\"teleloisirs:\/\/news\/379978\" target=\"_blank\" rel=\"noopener\">voyage de noces<\/a>. Un manque de compr\u00e9hension et un c\u00f4t\u00e9 trop directif du chef d\u2019entreprise avaient pouss\u00e9 Coralie<a href=\"https:\/\/www.programme-tv.net\/news\/tv\/378389-maries-au-premier-regard-on-ne-sait-pas-trop-si-on-va-continuer-coralie-demande-a-ne-pas-revoir-bruno-a-son-retour-en-france\/\" data-api-deeplink=\"teleloisirs:\/\/news\/378389\" target=\"_blank\" rel=\"noopener\"> \u00e0 prendre ses distances<\/a>. \u00ab\u00a0Avec Coralie, on ne sait pas trop si on va continuer \u00e0 se voir ou pas. Je suis inquiet. Je me dis qu\u2019il y a de grandes chances pour que notre histoire s\u2019arr\u00eate ici\u00a0\u00bb, confiait Bruno.<\/p>\n<p>\u00ab\u00a0On trouve que ce mariage nous g\u00e2che la vie\u00a0\u00bb : Coralie et Bruno fatalistes devant les expertes lors du bilan de Mari\u00e9s au premier regard 2025<\/p>\n<p>Pour reconqu\u00e9rir sa femme, Bruno a tout tent\u00e9. D\u2019abord, il a pris sur lui et a essay\u00e9 de totalement changer son attitude. Apr\u00e8s avoir convi\u00e9 Coralie chez lui pour une activit\u00e9 peinture, il s&rsquo;est rendu chez elle pour une soir\u00e9e entre amis. \u00c0 l\u2019issue de la pr\u00e9sentation de Bruno aux proches de Coralie, ce dernier lui a propos\u00e9 un \u00ab\u00a0cap ou pas cap\u00a0\u00bb. Il a emmen\u00e9 sa belle <a href=\"https:\/\/www.programme-tv.net\/news\/tele-realite\/379321-je-n-avais-pas-envie-d-une-autre-boite-bruno-maries-au-premier-regard-2025-reprend-les-cap-ou-pas-cap-avec-coralie-et-l-emmene-au-bout-du-monde-dans-le-prochain-episode\/\" data-api-deeplink=\"teleloisirs:\/\/news\/379321\" target=\"_blank\" rel=\"noopener\">passer 24 heures \u00e0 New York<\/a>. Un voyage qui a solidifi\u00e9 les liens entre les deux \u00e9poux. \u00c0 peine le temps de sortir de l\u2019avion qu\u2019ils se sont dirig\u00e9s vers Estelle Dossin et Marie Tapernoux, les expertes de l\u2019\u00e9mission. Au moment de dire si oui ou non ils allaient continuer ensemble, Coralie a fait une annonce surprenante. \u00ab\u00a0<b>On trouve que ce mariage nous g\u00e2che la vie. <\/b>Donc on a vraiment envie de s\u2019\u00e9manciper de ce mariage et moi, tr\u00e8s sinc\u00e8rement, j\u2019arrive au bout de ce que je peux supporter. Bien que je ne suis pas ferm\u00e9e sur autre chose, <b>pour moi aujourd\u2019hui je pr\u00e9f\u00e8re qu\u2019on divorce<\/b>\u00ab\u00a0, livre l\u2019infirmi\u00e8re.<\/p>\n<p>                        Coralie et Bruno (Mari\u00e9s au premier regard 2025) au bilan de l&rsquo;\u00e9mission de M6 : \u00ab\u00a0On a quand m\u00eame de gros probl\u00e8mes qu\u2019on essaye de r\u00e9soudre\u00a0\u00bb<\/p>\n<p>Apr\u00e8s cette annonce choc, Estelle Dossin est tomb\u00e9e des nues : \u00ab\u00a0\u00c7a n\u2019a aucun sens\u00a0\u00bb. Ils ont donc fini par avouer la v\u00e9rit\u00e9 : \u00ab\u00a0C\u2019\u00e9tait un cap ou pas cap\u00a0\u00bb, l\u00e2che Coralie. \u00ab\u00a0<b>On a quand m\u00eame de gros probl\u00e8mes qu\u2019on essaye de r\u00e9soudre<\/b>\u00ab\u00a0, explique-t-elle. \u00ab\u00a0<b>Je crois que je peux tomber amoureuse de Bruno et qu\u2019on pourrait avoir une vraie histoire d\u2019amour<\/b>\u00ab\u00a0, conclut-elle. Dans le prochain \u00e9pisode diffus\u00e9 le 9 juin prochain sur M6, nous d\u00e9couvrirons si, une fois le bilan pass\u00e9, ils ont r\u00e9ussi \u00e0 r\u00e9soudre les probl\u00e8mes qui subsistaient et si l\u2019histoire d\u2019amour a continu\u00e9.<\/p>\n","protected":false},"excerpt":{"rendered":"Dans Mari\u00e9s au premier regard, s\u2019il y a bien un couple qui a tout connu, c\u2019est Coralie et&hellip;\n","protected":false},"author":2,"featured_media":147633,"comment_status":"","ping_status":"","sticky":false,"template":"","format":"standard","meta":{"footnotes":""},"categories":[1356],"tags":[23614,244,23613,58,59,10842,1011,27,494,16731,5214,252,1364],"class_list":{"0":"post-147632","1":"post","2":"type-post","3":"status-publish","4":"format-standard","5":"has-post-thumbnail","7":"category-television","8":"tag-bruno-mariu00e9s-au-premier-regard-9","9":"tag-commentaire","10":"tag-coralie-mariu00e9s-au-premier-regard-9","11":"tag-divertissement","12":"tag-entertainment","13":"tag-estelle-dossin","14":"tag-fr","15":"tag-france","16":"tag-m6","17":"tag-marie-tapernoux","18":"tag-mariu00e9s-au-premier-regard","19":"tag-television","20":"tag-tv"},"share_on_mastodon":{"url":"https:\/\/pubeurope.com\/@fr\/114616562066316329","error":""},"_links":{"self":[{"href":"https:\/\/www.europesays.com\/fr\/wp-json\/wp\/v2\/posts\/147632","targetHints":{"allow":["GET"]}}],"collection":[{"href":"https:\/\/www.europesays.com\/fr\/wp-json\/wp\/v2\/posts"}],"about":[{"href":"https:\/\/www.europesays.com\/fr\/wp-json\/wp\/v2\/types\/post"}],"author":[{"embeddable":true,"href":"https:\/\/www.europesays.com\/fr\/wp-json\/wp\/v2\/users\/2"}],"replies":[{"embeddable":true,"href":"https:\/\/www.europesays.com\/fr\/wp-json\/wp\/v2\/comments?post=147632"}],"version-history":[{"count":0,"href":"https:\/\/www.europesays.com\/fr\/wp-json\/wp\/v2\/posts\/147632\/revisions"}],"wp:featuredmedia":[{"embeddable":true,"href":"https:\/\/www.europesays.com\/fr\/wp-json\/wp\/v2\/media\/147633"}],"wp:attachment":[{"href":"https:\/\/www.europesays.com\/fr\/wp-json\/wp\/v2\/media?parent=147632"}],"wp:term":[{"taxonomy":"category","embeddable":true,"href":"https:\/\/www.europesays.com\/fr\/wp-json\/wp\/v2\/categories?post=147632"},{"taxonomy":"post_tag","embeddable":true,"href":"https:\/\/www.europesays.com\/fr\/wp-json\/wp\/v2\/tags?post=147632"}],"curies":[{"name":"wp","href":"https:\/\/api.w.org\/{rel}","templated":true}]}}