{"id":147650,"date":"2025-06-03T00:26:15","date_gmt":"2025-06-03T00:26:15","guid":{"rendered":"https:\/\/www.europesays.com\/fr\/147650\/"},"modified":"2025-06-03T00:26:15","modified_gmt":"2025-06-03T00:26:15","slug":"bruno-retailleau-pret-a-demissionner-du-gouvernement-en-cas-de-projet-de-loi-sur-la-proportionnelle","status":"publish","type":"post","link":"https:\/\/www.europesays.com\/fr\/147650\/","title":{"rendered":"Bruno Retailleau pr\u00eat \u00e0 d\u00e9missionner du gouvernement en cas de projet de loi sur la proportionnelle"},"content":{"rendered":"<p>        <img decoding=\"async\" loading=\"lazy\" src=\"https:\/\/www.europesays.com\/fr\/wp-content\/uploads\/2025\/06\/4614391_sirius-fs-upload-1-5nqdqp084nzj-1739093007993-000-36xc7ql.jpg\"  width=\"728\" height=\"485\" alt=\"Bruno Retailleau a affirm\u00e9 aupr\u00e8s de Fran\u00e7ois Bayrou qu\u2019il \u00ab\u00a0ne porterait pas\u00a0\u00bb une r\u00e9forme du syst\u00e8me \u00e9lectoral instaurant la proportionnelle aux l\u00e9gislatives.\"\/>  <\/p>\n<p>THOMAS SAMSON \/ AFP<\/p>\n<p>Bruno Retailleau a affirm\u00e9 aupr\u00e8s de Fran\u00e7ois Bayrou qu\u2019il \u00ab\u00a0ne porterait pas\u00a0\u00bb une r\u00e9forme du syst\u00e8me \u00e9lectoral instaurant la proportionnelle aux l\u00e9gislatives.<\/p>\n<p class=\"asset asset-text\">POLITIQUE &#8211; Bruno Retailleau pr\u00eat \u00e0 quitter l\u2019ex\u00e9cutif en cas de r\u00e9forme du<a href=\"https:\/\/www.huffingtonpost.fr\/politique\/video\/face-au-blocage-la-proportionnelle-aux-elections-legislatives-fait-son-retour-dans-la-bouche-des-politiques_238973.html\" rel=\"nofollow noopener\" target=\"_blank\"> syst\u00e8me \u00e9lectoral<\/a>\u00a0? Le patron de la droite et ministre de l\u2019Int\u00e9rieur a affirm\u00e9 ce lundi 2\u00a0mai que \u00ab\u00a0toutes les options \u00e9taient ouvertes\u00a0\u00bb sur son \u00e9ventuel d\u00e9part du gouvernement s\u2019il devait d\u00e9fendre un projet de loi instaurant un <a href=\"https:\/\/www.huffingtonpost.fr\/politique\/article\/proportionnelle-aux-elections-bayrou-lance-ses-consultations-avec-le-rn-pour-s-offrir-un-peu-de-repit-clx1_249288.html\" rel=\"nofollow noopener\" target=\"_blank\">mode de scrutin proportionnel<\/a> aux l\u00e9gislatives.<\/p>\n<p class=\"asset asset-text\">Il a pr\u00e9cis\u00e9 avoir dit au Premier ministre <a href=\"https:\/\/www.huffingtonpost.fr\/politique\/article\/francois-bayrou-croit-savoir-pourquoi-son-site-de-preuves-sur-betharram-etait-inaccessible_250562.html\" rel=\"nofollow noopener\" target=\"_blank\">Fran\u00e7ois Bayrou<\/a>, avec lequel il s\u2019est entretenu de ce sujet pendant 1\u00a0h\u00a015, qu\u2019il \u00ab\u00a0ne porterait pas ce type de r\u00e9forme\u00a0\u00bb. Bruno Retailleau a redit son opposition \u00ab\u00a0tr\u00e8s ferme, absolue sur ce mode de scrutin\u00a0\u00bb qui \u00ab\u00a0pourrait d\u00e9s\u00e9quilibrer les institutions de la cinqui\u00e8me R\u00e9publique, qui a besoin d\u2019une majorit\u00e9 pour bien fonctionner\u00a0\u00bb.<\/p>\n<p class=\"asset asset-text\">\u00ab\u00a0L\u2019\u00e9parpillement auquel le mode de scrutin (proportionnel) conduirait est en r\u00e9alit\u00e9 profond\u00e9ment d\u00e9stabilisant pour le pays\u00a0\u00bb, a-t-il fait valoir. \u00ab\u00a0Au moment o\u00f9 il faut prendre des d\u00e9cisions, le scrutin proportionnel \u00e0 travers cette ingouvernabilit\u00e9 am\u00e8nerait finalement \u00e0 une forme d\u2019impuissance, d\u2019impuissance publique\u00a0\u00bb, a ajout\u00e9 le ministre de l\u2019Int\u00e9rieur, qui est \u00e9galement par son poste garant de l\u2019organisation des \u00e9lections.<\/p>\n<p>    Une proposition qui clive    <\/p>\n<p class=\"asset asset-text\">Alors qu\u2019il s\u2019agit d\u2019une de ses propositions historiques, Fran\u00e7ois Bayrou a lanc\u00e9 le 30\u00a0avril dernier une s\u00e9rie de consultations des forces politiques sur l\u2019\u00e9lection des d\u00e9put\u00e9s \u00e0 la proportionnelle, qu\u2019il d\u00e9crit comme la \u00ab\u00a0garantie pour tous les grands courants politiques du pays, c\u2019est-\u00e0-dire pour tous les citoyens, d\u2019\u00eatre repr\u00e9sent\u00e9s \u00e0 mesure de leur engagement et de leur vote\u00a0\u00bb. Un projet de loi pourrait \u00eatre examin\u00e9 \u00e0 l\u2019automne, mais m\u00eame au sein du camp macroniste, des voix montent pour montrer leur d\u00e9saccord, consid\u00e9rant que le scrutin majoritaire est d\u00e9sormais \u00ab\u00a0le moins pire\u00a0\u00bb.<\/p>\n<p class=\"asset asset-text\">Le Premier ministre d\u00e9fend une\u00a0proportionnelle\u00a0int\u00e9grale par d\u00e9partement comme en 1986, alors que depuis l\u2019instauration de la Ve\u00a0R\u00e9publique \u2013 \u00e0 l\u2019exception des l\u00e9gislatives de cette ann\u00e9e-l\u00e0 \u2013, les d\u00e9put\u00e9s sont \u00e9lus au scrutin uninominal majoritaire \u00e0 deux tours.<\/p>\n<p class=\"asset asset-text\">Le <a href=\"https:\/\/www.huffingtonpost.fr\/politique\/article\/proportionnelle-aux-elections-bayrou-lance-ses-consultations-avec-le-rn-pour-s-offrir-un-peu-de-repit-clx1_249288.html\" rel=\"nofollow noopener\" target=\"_blank\">RN, favorable \u00e0 une\u00a0proportionnelle<\/a>\u00a0avec une prime majoritaire, a indiqu\u00e9 qu\u2019il pourrait s\u2019accommoder du mod\u00e8le de 1986. \u00c0 gauche, le Parti socialiste n\u2019a pas encore arr\u00eat\u00e9 sa position sur la proportionnelle, qui n\u2019est \u00ab\u00a0pas la priorit\u00e9\u00a0\u00bb du leader communiste Fabien Roussel, tandis que les d\u00e9put\u00e9s de La France insoumise d\u00e9fendent une proportionnelle \u00ab\u00a0\u00e0 un \u00e9chelon r\u00e9gional\u00a0\u00bb, tout comme le parti Place publique de Rapha\u00ebl Glucksmann.<\/p>\n<p class=\"asset asset-text\">Du c\u00f4t\u00e9 des opposants, Les R\u00e9publicains \u2013 pr\u00e9sid\u00e9s par Bruno Retailleau \u2013 ont promis de se battre de \u00ab\u00a0toutes leurs forces\u00a0\u00bb contre la proportionnelle. Le candidat putatif pour l\u2019\u00e9lection pr\u00e9sidentielle de 2027\u00a0Edouard Philippe y est \u00e9galement \u00ab\u00a0d\u00e9favorable\u00a0\u00bb, affirmant qu\u2019elle conduirait \u00e0 une \u00ab\u00a0absence de majorit\u00e9\u00a0\u00bb et pourrait \u00ab\u00a0distendre le lien entre l\u2019\u00e9lecteur et le d\u00e9put\u00e9\u00a0\u00bb. Fran\u00e7ois Bayrou doit d\u00e9sormais recevoir ce mardi soir les repr\u00e9sentants des \u00c9cologistes sur le sujet.<\/p>\n","protected":false},"excerpt":{"rendered":"THOMAS SAMSON \/ AFP Bruno Retailleau a affirm\u00e9 aupr\u00e8s de Fran\u00e7ois Bayrou qu\u2019il \u00ab\u00a0ne porterait pas\u00a0\u00bb une r\u00e9forme&hellip;\n","protected":false},"author":2,"featured_media":99642,"comment_status":"","ping_status":"","sticky":false,"template":"","format":"standard","meta":{"footnotes":""},"categories":[4],"tags":[11,1013,1011,27,431,8458,12,316,27684,25],"class_list":{"0":"post-147650","1":"post","2":"type-post","3":"status-publish","4":"format-standard","5":"has-post-thumbnail","7":"category-france","8":"tag-actualites","9":"tag-bruno-retailleau","10":"tag-fr","11":"tag-france","12":"tag-francois-bayrou","13":"tag-gouvernement-bayrou","14":"tag-news","15":"tag-politique","16":"tag-proportionnelle","17":"tag-republique-francaise"},"share_on_mastodon":{"url":"https:\/\/pubeurope.com\/@fr\/114616597496364305","error":""},"_links":{"self":[{"href":"https:\/\/www.europesays.com\/fr\/wp-json\/wp\/v2\/posts\/147650","targetHints":{"allow":["GET"]}}],"collection":[{"href":"https:\/\/www.europesays.com\/fr\/wp-json\/wp\/v2\/posts"}],"about":[{"href":"https:\/\/www.europesays.com\/fr\/wp-json\/wp\/v2\/types\/post"}],"author":[{"embeddable":true,"href":"https:\/\/www.europesays.com\/fr\/wp-json\/wp\/v2\/users\/2"}],"replies":[{"embeddable":true,"href":"https:\/\/www.europesays.com\/fr\/wp-json\/wp\/v2\/comments?post=147650"}],"version-history":[{"count":0,"href":"https:\/\/www.europesays.com\/fr\/wp-json\/wp\/v2\/posts\/147650\/revisions"}],"wp:featuredmedia":[{"embeddable":true,"href":"https:\/\/www.europesays.com\/fr\/wp-json\/wp\/v2\/media\/99642"}],"wp:attachment":[{"href":"https:\/\/www.europesays.com\/fr\/wp-json\/wp\/v2\/media?parent=147650"}],"wp:term":[{"taxonomy":"category","embeddable":true,"href":"https:\/\/www.europesays.com\/fr\/wp-json\/wp\/v2\/categories?post=147650"},{"taxonomy":"post_tag","embeddable":true,"href":"https:\/\/www.europesays.com\/fr\/wp-json\/wp\/v2\/tags?post=147650"}],"curies":[{"name":"wp","href":"https:\/\/api.w.org\/{rel}","templated":true}]}}